{"id":6516,"date":"2016-03-09T15:49:41","date_gmt":"2016-03-09T14:49:41","guid":{"rendered":"http:\/\/www.ladislavjakl.cz\/?p=6516"},"modified":"2016-03-09T15:49:41","modified_gmt":"2016-03-09T14:49:41","slug":"nemectvi-jako-hlavni-nemecky-problem","status":"publish","type":"post","link":"https:\/\/www.ladislavjakl.cz\/?p=6516","title":{"rendered":"N\u011bmectv\u00ed jako hlavn\u00ed n\u011bmeck\u00fd probl\u00e9m?"},"content":{"rendered":"<p>P\u0159edstavte si, \u017ee se r\u00e1no probud\u00edte vyspan\u00ed dor\u016f\u017eova, slastn\u011b se prot\u00e1hnete \u2026 a uv\u011bdom\u00edte si, \u017ee jste N\u011bmec. A cel\u00fd den je v\u00a0h\u00e1ji.<\/p>\n<p><!--more--><\/p>\n<p>Ano, mus\u00ed to b\u00fdt hrozn\u00e9. Den co den se probouzet jako p\u0159\u00edslu\u0161n\u00edk n\u00e1roda, kter\u00fd m\u00e1 na sv\u011bdom\u00ed tolik utrpen\u00ed v\u00a0tolika zem\u00edch za sv\u00fdmi hranicemi. Jako p\u0159\u00edslu\u0161n\u00edk n\u00e1roda, kter\u00fd nakonec v\u017edy drtiv\u011b prohraje, proto\u017ee si vzal p\u0159\u00edli\u0161 velk\u00e9 sousto. Jako p\u0159\u00edslu\u0161n\u00edk n\u00e1roda, jeho\u017e krajan\u00e9 jsou ve skoro v\u0161ech historick\u00fdch filmech prezentov\u00e1ni jako padou\u0161i, kter\u00e9 je t\u0159eba zni\u010dit. Ani d\u011bti ve sv\u00fdch hr\u00e1ch na v\u00e1lku necht\u011bj\u00ed b\u00fdt za N\u011bmce ale rad\u011bji za partyz\u00e1ny.<\/p>\n<p>To pak nen\u00ed divu, \u017ee z\u00a0toho na \u010dlov\u011bka lezou deprese, v\u00fd\u010ditky, komplexy. Nikdo v\u00e1s nem\u00e1 r\u00e1d, kdekdo v\u00e1m p\u0159edhazuje zlo\u010diny a ukrutnosti va\u0161ich d\u011bd\u016f, nebo to alespo\u0148 vztahova\u010dn\u011b v\u00a0ka\u017ed\u00e9m gestu t\u011bch druh\u00fdch c\u00edt\u00edte.<\/p>\n<p>To pak nen\u00ed divu, \u017ee zatou\u017e\u00edte b\u00fdt jednou norm\u00e1ln\u00edm \u010dlov\u011bkem bez cejchu viny. A za\u010dnete v\u00a0sob\u011b hledat p\u0159\u00ed\u010dinu, za\u010dnete v\u00a0sob\u011b hledat ukryt\u00fd k\u00f3d, kter\u00fd v\u017edy a znovu skoro ka\u017edou generaci va\u0161eho n\u00e1roda dovede ke zmaru nejd\u0159\u00edv ostatn\u00edch a pak vlastn\u00edmu.<\/p>\n<p>A objev\u00edte ho v \u2026 sam\u00e9m n\u011bmectv\u00ed. Ano. N\u011bmci jako n\u00e1rod vyhodnotili p\u0159\u00ed\u010diny sv\u00fdch minul\u00fdch i hroz\u00edc\u00edch katastrof ve sv\u00e9 n\u011bmeckosti. Nikoli v\u00a0soci\u00e1ln\u00edch a kulturn\u00edch momentech, nikoli v\u00a0dikt\u00e1torsk\u00fdch re\u017eimech a mrza\u010den\u00e9 demokracii. Objevili ho ve sv\u00e9 n\u00e1rodnosti, ve sv\u00e9m n\u00e1rod\u011b a v\u00a0tom, co N\u011bmce d\u011bl\u00e1 N\u011bmcem.<\/p>\n<p>Proto N\u011bmci nesly\u0161\u00ed p\u0159\u00edchod dal\u0161\u00ed katastrofy v\u00a0dne\u0161n\u00edch kroc\u00edch demokratick\u00e9ho deficitu a hroz\u00edc\u00ed soci\u00e1ln\u00ed a kulturn\u00ed nestability, v\u00a0ambic\u00edch d\u00e1t \u2013 pokolik\u00e1t\u00e9 u\u017e \u2013 cel\u00e9 Evrop\u011b noty, podle kter\u00fdch je t\u0159eba zp\u00edvat. Sly\u0161\u00ed ji naopak v\u00a0samotn\u00e9 podstat\u011b n\u011bmeckosti, jak jim ji odk\u00e1zal Schiller, Goethe \u010di Hesse.<\/p>\n<p>A tak se m\u00edsto p\u00e9\u010de o soci\u00e1ln\u00ed a kulturn\u00ed stabilitu, m\u00edsto p\u00e9\u010de o demokracii a m\u00edsto krocen\u00ed sv\u00fdch nesoudn\u00fdch kontinent\u00e1ln\u00edch ambic\u00ed rozhodli demontovat n\u011bmectv\u00ed. A proto\u017ee to neum\u011bj\u00ed jinak, zatahuj\u00ed do t\u00e9to demont\u00e1\u017ee i ostatn\u00ed kulturn\u00ed n\u00e1rody.<\/p>\n<p>Jen\u017ee \u010ce\u0161i nemaj\u00ed probl\u00e9m se sv\u00fdm \u010de\u0161stv\u00edm (a\u017e na sv\u011bt\u00e1\u010dky, kte\u0159\u00ed se n\u00e1m svou hlasit\u011b demonstrovanou oikofobi\u00ed sna\u017e\u00ed \u0159\u00edci, \u017ee oni jsou n\u011bco v\u00edc ne\u017e kdejak\u00fd \u010cech), Ukrajinci nemaj\u00ed probl\u00e9m se sv\u00fdm ukrajinstv\u00edm, Ma\u010fa\u0159i se sv\u00fdm ma\u010farstv\u00edm, Francouzi se sv\u00fdm francouzstv\u00edm \u010di Pol\u00e1ci se sv\u00fdm polstv\u00edm. Tak pro\u010d n\u00e1s N\u011bmci v\u0161echny tahaj\u00ed do sv\u00e9ho probl\u00e9mu, jeho\u017e p\u0159\u00ed\u010diny nav\u00edc \u0161patn\u011b identifikovali?<\/p>\n<p>Politika odn\u011bm\u010dov\u00e1n\u00ed N\u011bmc\u016f m\u00e1 i svou explicitn\u00ed slo\u017eku. Sly\u0161\u00edme ji v\u00a0k\u0159e\u010dovit\u00fdch projevech vypjat\u00e9ho multikulturalismu, ve v\u00edtac\u00edch a \u201eantinen\u00e1vistn\u00fdch\u201c transparentech na budov\u00e1ch n\u011bmeck\u00fdch m\u011bste\u010dek i v\u00a0projevech, \u017ee \u017e\u00e1dn\u00e1 migra\u010dn\u00ed krize neexistuje, ale \u017ee jde naopak o migra\u010dn\u00ed v\u00fdzvu, kter\u00e1 m\u00e1 b\u00fdt uchopena jako p\u0159\u00edle\u017eitost skoncovat se star\u00fdm n\u011bmeck\u00fdm traumatem: \u017e\u00edt v\u00a0n\u011bmeck\u00e9 k\u016f\u017ei.<\/p>\n<p>T\u0159eba se to N\u011bmc\u016fm nakonec poda\u0159\u00ed a ze sv\u00e9ho n\u00e1roda u\u010din\u00ed eintopf. A budou se ka\u017ed\u00e9 r\u00e1no kone\u010dn\u011b probouzet jako nezat\u00ed\u017een\u00ed Eintopf\u00e1ci evropsk\u00e9ho rozmachu. A ani si neuv\u011bdom\u00ed, \u017ee zni\u010dili to nejcenn\u011bj\u0161\u00ed, co m\u011bli, \u017ee zni\u010dili to, co p\u0159\u00ed\u010dinou jejich bolesti v\u016fbec nebylo, a \u017ee t\u00edm ztratili posledn\u00ed obranu p\u0159ed neodhalen\u00fdm d\u00e9monem, kter\u00fd skoro ka\u017edou generaci p\u0159ich\u00e1z\u00ed zasadit jejich spole\u010dnosti nov\u00e9 r\u00e1ny. Kdy\u017e si to nedaj\u00ed vymluvit, co s\u00a0t\u00edm nad\u011bl\u00e1me.<\/p>\n<p>Ale a\u0165 n\u00e1s nenut\u00ed n\u00e1sledovat tu jejich smutnou n\u00e1rodn\u00ed sebevra\u017edu. Nebo t\u00edm donut\u00ed n\u00e1s, okoln\u00ed n\u00e1rody, p\u0159iv\u00e9st je k\u00a0dal\u0161\u00ed -kolik\u00e1t\u00e9 u\u017e &#8211; d\u011bjinn\u00e9 por\u00e1\u017ece.<\/p>\n","protected":false},"excerpt":{"rendered":"<p>P\u0159edstavte si, \u017ee se r\u00e1no probud\u00edte vyspan\u00ed dor\u016f\u017eova, slastn\u011b se prot\u00e1hnete \u2026 a uv\u011bdom\u00edte si, \u017ee jste N\u011bmec. A cel\u00fd den je v\u00a0h\u00e1ji.<\/p>\n","protected":false},"author":1,"featured_media":0,"comment_status":"open","ping_status":"open","sticky":false,"template":"","format":"standard","meta":{"ngg_post_thumbnail":0,"footnotes":""},"categories":[18],"tags":[],"class_list":["post-6516","post","type-post","status-publish","format-standard","hentry","category-postrehy"],"_links":{"self":[{"href":"https:\/\/www.ladislavjakl.cz\/index.php?rest_route=\/wp\/v2\/posts\/6516","targetHints":{"allow":["GET"]}}],"collection":[{"href":"https:\/\/www.ladislavjakl.cz\/index.php?rest_route=\/wp\/v2\/posts"}],"about":[{"href":"https:\/\/www.ladislavjakl.cz\/index.php?rest_route=\/wp\/v2\/types\/post"}],"author":[{"embeddable":true,"href":"https:\/\/www.ladislavjakl.cz\/index.php?rest_route=\/wp\/v2\/users\/1"}],"replies":[{"embeddable":true,"href":"https:\/\/www.ladislavjakl.cz\/index.php?rest_route=%2Fwp%2Fv2%2Fcomments&post=6516"}],"version-history":[{"count":1,"href":"https:\/\/www.ladislavjakl.cz\/index.php?rest_route=\/wp\/v2\/posts\/6516\/revisions"}],"predecessor-version":[{"id":6517,"href":"https:\/\/www.ladislavjakl.cz\/index.php?rest_route=\/wp\/v2\/posts\/6516\/revisions\/6517"}],"wp:attachment":[{"href":"https:\/\/www.ladislavjakl.cz\/index.php?rest_route=%2Fwp%2Fv2%2Fmedia&parent=6516"}],"wp:term":[{"taxonomy":"category","embeddable":true,"href":"https:\/\/www.ladislavjakl.cz\/index.php?rest_route=%2Fwp%2Fv2%2Fcategories&post=6516"},{"taxonomy":"post_tag","embeddable":true,"href":"https:\/\/www.ladislavjakl.cz\/index.php?rest_route=%2Fwp%2Fv2%2Ftags&post=6516"}],"curies":[{"name":"wp","href":"https:\/\/api.w.org\/{rel}","templated":true}]}}