{"id":6524,"date":"2016-03-11T13:21:22","date_gmt":"2016-03-11T12:21:22","guid":{"rendered":"http:\/\/www.ladislavjakl.cz\/?p=6524"},"modified":"2016-03-11T13:21:22","modified_gmt":"2016-03-11T12:21:22","slug":"nemectvi-jako-hlavni-nemecky-problem-dil-2","status":"publish","type":"post","link":"https:\/\/www.ladislavjakl.cz\/?p=6524","title":{"rendered":"N\u011bmectv\u00ed jako hlavn\u00ed n\u011bmeck\u00fd probl\u00e9m? (d\u00edl 2)"},"content":{"rendered":"<p>P\u0159ed del\u0161\u00edm \u010dasem jsem kdesi napsal, \u017ee nejv\u011bt\u0161\u00edm ne\u0161t\u011bst\u00edm Evropy posledn\u00edch generac\u00ed je \u2026 pracovit\u00e1 a \u010distotn\u00e1 n\u011bmeck\u00e1 hospodyn\u011b. Nikdo jin\u00fd tolik hr\u016fz nezp\u016fsobil.<\/p>\n<p><!--more--><\/p>\n<p>Jen si to vezm\u011bte. Takov\u00e1 poctiv\u00e1 n\u011bmeck\u00e1 hospodyn\u011b r\u00e1no vstane a hned jde uklidit kuchyni. Za chv\u00edli se to tam jen leskne. Pak je\u0161t\u011b v\u0161e zkontroluje, srovn\u00e1 p\u0159\u00edbory a hrnky podle velikosti, narovn\u00e1 obr\u00e1zky, p\u0159ele\u0161t\u00ed st\u016fl \u2026 a zjist\u00ed, \u017ee tam u\u017e nen\u00ed co zlep\u0161it. Tak uklid\u00ed v\u00a0lo\u017enici, v\u00a0\u0161atn\u011b srovn\u00e1 oble\u010den\u00ed podle barev, v\u00a0p\u0159eds\u00edni se\u0159ad\u00ed boty.<\/p>\n<p>Pak zamete z\u00e1pra\u017e\u00ed, srovn\u00e1 kv\u011btin\u00e1\u010de a utrh\u00e1 such\u00e9 l\u00edstky z\u00a0ke\u0159\u016f. Je u plotu, m\u00e1 v\u0161e hotovo, tak vyjde brankou na ulici. I tam v\u0161e uklid\u00ed, zamete a vy\u0161tr\u00e1fkuje. Pokra\u010duje d\u00e1l, ud\u011bl\u00e1 po\u0159\u00e1dek na n\u00e1m\u011bst\u00ed, pak v\u00a0cel\u00e9m m\u011bst\u011b, v\u00a0okrese, po\u00a0cel\u00e9 zemi. Pak v\u0161e \u00fahledn\u011b srovn\u00e1 do lajny v\u0161ude po N\u011bmecku a \u2026 u\u017e je zas u plotu. Vyjde brankou a srovn\u00e1 Evropu. A pak cel\u00fd sv\u011bt.<\/p>\n<p>M\u00e1m strach, \u017ee si to v\u00a0N\u011bmecku tehdy asi p\u0159e\u010detli a vzali k\u00a0srdci. A\u017e moc. \u0158ekli si, \u017ee u\u017e necht\u011bj\u00ed nastolovat po\u0159\u00e1dky za cenu utrpen\u00ed mili\u00f3n\u016f, a jali se p\u0159em\u00fd\u0161let, jak se sv\u00e9 obsese zbavit. A za\u010dali op\u011bt v\u00a0kuchyni. A ud\u011blali si v\u00a0n\u00ed programov\u011b svin\u010d\u00edk. Na\u010de\u017e nastolili \u010durbes v\u00a0cel\u00e9m dom\u011b \u2026 a u\u017e jsou zase za plotem. A zase to jin\u00fdm i jim p\u0159inese jen utrpen\u00ed.<\/p>\n<p>Kdepak, probl\u00e9m nebude v\u00a0t\u00e9 \u010distotnosti, po\u0159\u00e1dkumilovnosti a pracovitosti. Svin\u010d\u00edk nen\u00ed lep\u0161\u00ed ne\u017e hezky naklizen\u00e1 dom\u00e1cnost, alespo\u0148 ne v N\u011bmecku. Mo\u017en\u00e1 by m\u011bli N\u011bmci pop\u0159em\u00fd\u0161let je\u0161t\u011b jednou. A\u0165 se vr\u00e1t\u00ed ke sv\u00e9mu po\u0159\u00e1dku, a\u0165 zas maj\u00ed sv\u016fj d\u016fm jako ze \u0161katulky. Nebo a\u0165 si klidn\u011b zavedou francouzskou \u010di \u010deskou le\u017e\u00e9rnost. To je jejich v\u011bc.<\/p>\n<p>Ale a\u0165 se nap\u0159\u00ed\u0161t\u011b zastav\u00ed u sv\u00e9ho plotu a nevnucuj\u00ed sv\u00e9 po\u0159\u00e1dky \u010di nepo\u0159\u00e1dky soused\u016fm. Ne\u0161t\u011bst\u00ed a trag\u00e9die generac\u00ed nep\u0159inesl jejich jakkoli \u00fazkostliv\u00fd po\u0159\u00e1dek. Ne\u0161t\u011bst\u00ed a trag\u00e9die p\u0159inesla ta jejich neschopnost zastavit se u plotu. A neschopnost ven mezi ostatn\u00ed vych\u00e1zet bez jen ko\u0161t\u011bte, bez obsese \u0159\u00eddit ostatn\u00ed.<\/p>\n<p>(<em>Pozn\u00e1mka pro bd\u011bl\u00e9 uli\u010dn\u00ed protinen\u00e1vistnick\u00e9 hl\u00eddky: svin\u010d\u00edkem a \u010durbesem nerozum\u00edm jakoukoli skupinu lid\u00ed. \u0158\u00edk\u00e1m tak v\u0161em soudob\u00fdm sebezni\u010duj\u00edc\u00edm civiliza\u010dn\u00edm tendenc\u00edm: zelen\u00e9mu fanatismu, rozb\u00edjen\u00ed rodin, genderismu a homosexualistick\u00e9 agend\u011b, politick\u00e9 korektnosti, novodob\u00e9 eugenice a multikulturalismu, eurocentralismu a ni\u010den\u00ed parlamentn\u00edch demokraci\u00ed.) \u00a0\u00a0\u00a0\u00a0<\/em><\/p>\n<p>&nbsp;<\/p>\n","protected":false},"excerpt":{"rendered":"<p>P\u0159ed del\u0161\u00edm \u010dasem jsem kdesi napsal, \u017ee nejv\u011bt\u0161\u00edm ne\u0161t\u011bst\u00edm Evropy posledn\u00edch generac\u00ed je \u2026 pracovit\u00e1 a \u010distotn\u00e1 n\u011bmeck\u00e1 hospodyn\u011b. Nikdo jin\u00fd tolik hr\u016fz nezp\u016fsobil.<\/p>\n","protected":false},"author":1,"featured_media":0,"comment_status":"open","ping_status":"open","sticky":false,"template":"","format":"standard","meta":{"ngg_post_thumbnail":0,"footnotes":""},"categories":[18],"tags":[],"class_list":["post-6524","post","type-post","status-publish","format-standard","hentry","category-postrehy"],"_links":{"self":[{"href":"https:\/\/www.ladislavjakl.cz\/index.php?rest_route=\/wp\/v2\/posts\/6524","targetHints":{"allow":["GET"]}}],"collection":[{"href":"https:\/\/www.ladislavjakl.cz\/index.php?rest_route=\/wp\/v2\/posts"}],"about":[{"href":"https:\/\/www.ladislavjakl.cz\/index.php?rest_route=\/wp\/v2\/types\/post"}],"author":[{"embeddable":true,"href":"https:\/\/www.ladislavjakl.cz\/index.php?rest_route=\/wp\/v2\/users\/1"}],"replies":[{"embeddable":true,"href":"https:\/\/www.ladislavjakl.cz\/index.php?rest_route=%2Fwp%2Fv2%2Fcomments&post=6524"}],"version-history":[{"count":1,"href":"https:\/\/www.ladislavjakl.cz\/index.php?rest_route=\/wp\/v2\/posts\/6524\/revisions"}],"predecessor-version":[{"id":6525,"href":"https:\/\/www.ladislavjakl.cz\/index.php?rest_route=\/wp\/v2\/posts\/6524\/revisions\/6525"}],"wp:attachment":[{"href":"https:\/\/www.ladislavjakl.cz\/index.php?rest_route=%2Fwp%2Fv2%2Fmedia&parent=6524"}],"wp:term":[{"taxonomy":"category","embeddable":true,"href":"https:\/\/www.ladislavjakl.cz\/index.php?rest_route=%2Fwp%2Fv2%2Fcategories&post=6524"},{"taxonomy":"post_tag","embeddable":true,"href":"https:\/\/www.ladislavjakl.cz\/index.php?rest_route=%2Fwp%2Fv2%2Ftags&post=6524"}],"curies":[{"name":"wp","href":"https:\/\/api.w.org\/{rel}","templated":true}]}}