{"id":653,"date":"2010-11-23T13:06:19","date_gmt":"2010-11-23T12:06:19","guid":{"rendered":"http:\/\/www.ladislavjakl.cz\/?p=653"},"modified":"2010-11-23T13:06:19","modified_gmt":"2010-11-23T12:06:19","slug":"zrusme-unesco-vzkazal-na-blogu-tajemnik-prezidenta-jakl","status":"publish","type":"post","link":"https:\/\/www.ladislavjakl.cz\/?p=653","title":{"rendered":"Zru\u0161me UNESCO, vzk\u00e1zal na blogu tajemn\u00edk prezidenta Jakl"},"content":{"rendered":"<p>Tajemn\u00edk prezidenta Ladislav Jakl by nejrad\u011bji zru\u0161il UNESCO. Uvedl to na sv\u00e9m blogu na serveru iDNES.cz pot\u00e9, co se do seznamu dostaly masopustn\u00ed pr\u016fvody a sokolnictv\u00ed. Zpr\u00e1va ho pr\u00fd porazila na z\u00e1da. &#8222;T\u00edm se v\u00e1\u017en\u011b zab\u00fdvaj\u00ed soudruzi a soudru\u017eky z jedn\u00e9 pa\u0159\u00ed\u017esk\u00e9 betonov\u00e9 budovy z pades\u00e1t\u00fdch let,&#8220; div\u00ed se.<\/p>\n<p><!--more-->Pokud byl do seznamu nehmotn\u00e9ho d\u011bdictv\u00ed UNESCO za\u0159azen slov\u00e1ck\u00fd tanec verbu\u0148k a nov\u011b i sokolnictv\u00ed a masopustn\u00ed pr\u016fvody z Hlinecka, m\u011bl by tam b\u00fdt za\u0159azen i Jakl\u016fv jubilejn\u00ed \u010dtvrtek v obl\u00edben\u00e9 hospod\u011b, m\u00edn\u00ed tajemn\u00edk s t\u00edm, \u017ee jde rovn\u011b\u017e o dlouholetou tradici.<\/p>\n<p>&#8222;M\u00e1m jednu obl\u00edbenou hospodu. Chod\u00edm do n\u00ed od roku 1979. Od podzimu 1988 tam chod\u00edm ka\u017ed\u00fd \u010dtvrtek. Od l\u00e9ta 1991 si ty \u010dtvrtky eviduji a zrovna dnes je tis\u00edc\u00ed,&#8220; zd\u016fvod\u0148uje.<\/p>\n<p>Podivuje se nad t\u00edm, \u010d\u00edm se komise UNESCO opravdu zab\u00fdvaj\u00ed. Duch pades\u00e1t\u00fdch let, tedy doby, ve kter\u00e9 byla postavena budova, kde UNESCO s\u00eddl\u00ed, tam z\u0159ejm\u011b p\u0159etrval, m\u00edn\u00ed. Seznamy UNESCO jsou podle n\u011bj jen um\u011bl\u00e9 byrokratick\u00e9 vylomeniny.<\/p>\n<p>&#8222;P\u0159eji ka\u017ed\u00e9 tradici co nejv\u011bt\u0161\u00ed medi\u00e1ln\u00ed podporu, p\u0159eji ka\u017ed\u00e9 spont\u00e1nn\u00ed aktivit\u011b, aby sv\u00e9 \u00fa\u010dastn\u00edky bavila a n\u011bco jim d\u00e1vala. P\u0159eji ka\u017ed\u00e9 zaj\u00edmav\u00e9 akci co nejv\u011bt\u0161\u00ed reklamu a t\u00edm i nad\u011bji na eventu\u00e1ln\u00ed z\u00e1jem ve\u0159ejnosti a turist\u016f. Ale copak si fakt n\u011bkdo v\u00e1\u017en\u011b mysl\u00ed, \u017ee to za\u0159\u00edd\u00ed n\u011bjak\u00fd seznam?&#8220; pt\u00e1 se Jakl na blogu. (Cel\u00fd \u010dl\u00e1nek si m\u016f\u017eete p\u0159e\u010d\u00edst zde.)<br \/>\n&#8222;Turisty to nep\u0159ivede&#8220;<\/p>\n<p>Praha podle n\u011bj \u017e\u00e1dn\u00fd takov\u00fd seznam nepot\u0159ebuje, zaps\u00e1n\u00ed na seznamu pam\u00e1tk\u00e1m ani tradic\u00edm nic dobr\u00e9ho nep\u0159inese, za pam\u00e1tkou na seznamu pr\u00fd v\u00edce turist\u016f nep\u0159ijede.<\/p>\n<p>&#8222;Pamatuji na vyhro\u017eov\u00e1n\u00ed r\u016fzn\u00fdch bonz\u00e1k\u016f a pr\u00e1ska\u010d\u016f, \u017ee kdy\u017e se na Pankr\u00e1ci postav\u00ed moc vysok\u00fd d\u016fm nebo mezi bloky z\u00e1bradl\u00ed opravovan\u00e9ho Karlova mostu d\u00e1 moc malty, tak budou \u017ealovat soudruh\u016fm do Pa\u0159\u00ed\u017ee a ti \u017ee pak Prahu klidn\u011b vy\u0161krtnou ze sv\u00e9ho skv\u011bl\u00e9ho seznamu,&#8220; p\u00ed\u0161e s t\u00edm, \u017ee by n\u00e1m na seznamech nem\u011blo z\u00e1le\u017eet.<\/p>\n<p>&#8222;Pr\u00e1zdn\u00e1 hesla, socialistick\u00e9 z\u00e1vazky, subotniky, slavn\u00e1 v\u00fdro\u010d\u00ed, to nebyl jen folklor \u010das\u016f, kter\u00fdch jsme se p\u0159ed 21 lety zbavili. To je odraz zp\u016fsobu my\u0161len\u00ed. My\u0161len\u00ed, kter\u00e9 je doma v\u0161ude po sv\u011bt\u011b. My, co leccos pamatujeme v t\u00e9 nejbizarn\u011bj\u0161\u00ed podob\u011b, se tomu usm\u011bjeme. Ale jin\u00fdm lidem to k sm\u00edchu nep\u0159ipad\u00e1,&#8220; m\u00edn\u00ed.<\/p>\n<p><a href=\"http:\/\/zpravy.idnes.cz\/zrusme-unesco-vzkazal-na-blogu-tajemnik-prezidenta-jakl-pk2-\/domaci.asp?c=A101118_194016_domaci_taj\" target=\"_blank\">ZDROJ<\/a><\/p>\n","protected":false},"excerpt":{"rendered":"<p>Tajemn\u00edk prezidenta Ladislav Jakl by nejrad\u011bji zru\u0161il UNESCO. Uvedl to na sv\u00e9m blogu na serveru iDNES.cz pot\u00e9, co se do seznamu dostaly masopustn\u00ed pr\u016fvody a sokolnictv\u00ed. Zpr\u00e1va ho pr\u00fd porazila na z\u00e1da. &#8222;T\u00edm se v\u00e1\u017en\u011b zab\u00fdvaj\u00ed soudruzi a soudru\u017eky z jedn\u00e9 pa\u0159\u00ed\u017esk\u00e9 betonov\u00e9 budovy z pades\u00e1t\u00fdch let,&#8220; div\u00ed se.<\/p>\n","protected":false},"author":1,"featured_media":0,"comment_status":"open","ping_status":"open","sticky":false,"template":"","format":"standard","meta":{"ngg_post_thumbnail":0,"footnotes":""},"categories":[11],"tags":[],"class_list":["post-653","post","type-post","status-publish","format-standard","hentry","category-ozvena"],"_links":{"self":[{"href":"https:\/\/www.ladislavjakl.cz\/index.php?rest_route=\/wp\/v2\/posts\/653","targetHints":{"allow":["GET"]}}],"collection":[{"href":"https:\/\/www.ladislavjakl.cz\/index.php?rest_route=\/wp\/v2\/posts"}],"about":[{"href":"https:\/\/www.ladislavjakl.cz\/index.php?rest_route=\/wp\/v2\/types\/post"}],"author":[{"embeddable":true,"href":"https:\/\/www.ladislavjakl.cz\/index.php?rest_route=\/wp\/v2\/users\/1"}],"replies":[{"embeddable":true,"href":"https:\/\/www.ladislavjakl.cz\/index.php?rest_route=%2Fwp%2Fv2%2Fcomments&post=653"}],"version-history":[{"count":1,"href":"https:\/\/www.ladislavjakl.cz\/index.php?rest_route=\/wp\/v2\/posts\/653\/revisions"}],"predecessor-version":[{"id":654,"href":"https:\/\/www.ladislavjakl.cz\/index.php?rest_route=\/wp\/v2\/posts\/653\/revisions\/654"}],"wp:attachment":[{"href":"https:\/\/www.ladislavjakl.cz\/index.php?rest_route=%2Fwp%2Fv2%2Fmedia&parent=653"}],"wp:term":[{"taxonomy":"category","embeddable":true,"href":"https:\/\/www.ladislavjakl.cz\/index.php?rest_route=%2Fwp%2Fv2%2Fcategories&post=653"},{"taxonomy":"post_tag","embeddable":true,"href":"https:\/\/www.ladislavjakl.cz\/index.php?rest_route=%2Fwp%2Fv2%2Ftags&post=653"}],"curies":[{"name":"wp","href":"https:\/\/api.w.org\/{rel}","templated":true}]}}