{"id":655,"date":"2010-11-23T13:07:32","date_gmt":"2010-11-23T12:07:32","guid":{"rendered":"http:\/\/www.ladislavjakl.cz\/?p=655"},"modified":"2010-11-23T13:07:32","modified_gmt":"2010-11-23T12:07:32","slug":"unesco-se-zabyva-hloupostmi-zrusme-ho-mini-jakl","status":"publish","type":"post","link":"https:\/\/www.ladislavjakl.cz\/?p=655","title":{"rendered":"UNESCO se zab\u00fdv\u00e1 hloupostmi. Zru\u0161me ho, m\u00edn\u00ed Jakl"},"content":{"rendered":"<p><strong>Tajemn\u00edk prezidenta Klause Ladislav Jakl proslul sv\u00fdmi  kontroverzn\u00edmi n\u00e1zory. Te\u010f se pustil do instituce chr\u00e1n\u00edc\u00ed  architektonick\u00e9 a kulturn\u00ed pam\u00e1tky UNESCO.<\/strong><\/p>\n<p><strong><!--more--><\/strong><\/p>\n<p>&#8222;Masopustn\u00ed pr\u016fvody z\u00a0Hlinecka a sokolnictv\u00ed byly zaps\u00e1ny na seznam  nehmotn\u00e9ho d\u011bdictv\u00ed UNESCO. Slov\u00e1ck\u00fd tanec verbu\u0148k u\u017e tam je. To nen\u00ed  apr\u00edl, to nen\u00ed sranda,&#8220; p\u00ed\u0161e Jakl na sv\u00e9m blogu na serveru iDNES.cz.<\/p>\n<p>To u\u017e by tam pr\u00fd mohly zrovna tak b\u00fdt jeho pravideln\u00e9 \u010dtvrte\u010dn\u00ed n\u00e1v\u0161t\u011bvy  obl\u00edben\u00e9 hospody, jeliko\u017e dnes tam p\u016fjde u\u017e potis\u00edc\u00ed. &#8222;T\u00edm se v\u00e1\u017en\u011b  zab\u00fdvaj\u00ed soudruzi a soudru\u017eky z\u00a0jedn\u00e9 pa\u0159\u00ed\u017esk\u00e9 betonov\u00e9 budovy  z\u00a0pades\u00e1t\u00fdch let. A duch pades\u00e1t\u00fdch let tam asi p\u0159etrval,&#8220; podot\u00fdk\u00e1.<\/p>\n<p><strong>N\u011bjak\u00fd seznam p\u0159eci nic nezm\u016f\u017ee<\/strong><\/p>\n<p>Jakl pr\u00fd p\u0159eje ka\u017ed\u00e9 tradici co nejv\u011bt\u0161\u00ed medi\u00e1ln\u00ed podporu, ka\u017ed\u00e9  spont\u00e1nn\u00ed aktivit\u011b, aby sv\u00e9 \u00fa\u010dastn\u00edky bavila, a ka\u017ed\u00e9 zaj\u00edmav\u00e9 akci co  nejv\u011bt\u0161\u00ed reklamu. Nic z toho ale p\u0159eci nem\u016f\u017ee za\u0159\u00eddit n\u011bjak\u00fd um\u011bl\u00fd  seznam.<\/p>\n<p>&#8222;Pamatuji na vyhro\u017eov\u00e1n\u00ed r\u016fzn\u00fdch bonz\u00e1k\u016f a pr\u00e1ska\u010d\u016f, \u017ee kdy\u017e se na  Pankr\u00e1ci postav\u00ed moc vysok\u00fd d\u016fm nebo mezi bloky z\u00e1bradl\u00ed opravovan\u00e9ho  Karlova mostu d\u00e1 moc malty, tak budou \u017ealovat soudruh\u016fm do Pa\u0159\u00ed\u017ee a ti  \u017ee pak Prahu klidn\u011b vy\u0161krtnou ze sv\u00e9ho skv\u011bl\u00e9ho seznamu,&#8220; p\u00ed\u0161e Jakl.<\/p>\n<p><strong>Nenechte si to l\u00edbit, sokoln\u00edci<\/strong><\/p>\n<p>Tak a\u0165 vy\u0161krtnou. &#8222;Pot\u0159ebuje\u00a0na\u0161e \u00fa\u017easn\u00e1\u00a0Praha ke sv\u00e9mu v\u011bhlasu n\u011bjak\u00fd  seznam? P\u0159ijede kv\u016fli n\u011bmu aspo\u0148 o p\u011bt turist\u016f nav\u00edc? Tomu nev\u011b\u0159\u00edm ani  trochu.&#8220;<\/p>\n<p>On s\u00e1m pr\u00fd zajde dnes, v jubilejn\u00ed tis\u00edc\u00ed \u010dtvrtek, do sv\u00e9 obl\u00edben\u00e9  hospody. &#8222;A vzkazuji do Pa\u0159\u00ed\u017ee: hlavn\u011b n\u00e1s nikam nezapisujte, my to  nepot\u0159ebujeme. A pokud maj\u00ed sokoln\u00edci a masopustn\u00edci hrdost, m\u011bli by to  vzk\u00e1zat tak\u00e9. A p\u0159idat vzkaz p\u00e1dn\u011bj\u0161\u00ed. Zru\u0161te UNESCO!&#8220;<\/p>\n<p><a href=\"http:\/\/www.parlamentnilisty.cz\/arena\/monitor\/181460.aspx\" target=\"_blank\">ZDROJ<\/a><\/p>\n","protected":false},"excerpt":{"rendered":"<p>Tajemn\u00edk prezidenta Klause Ladislav Jakl proslul sv\u00fdmi kontroverzn\u00edmi n\u00e1zory. Te\u010f se pustil do instituce chr\u00e1n\u00edc\u00ed architektonick\u00e9 a kulturn\u00ed pam\u00e1tky UNESCO.<\/p>\n","protected":false},"author":1,"featured_media":0,"comment_status":"open","ping_status":"open","sticky":false,"template":"","format":"standard","meta":{"ngg_post_thumbnail":0,"footnotes":""},"categories":[11],"tags":[],"class_list":["post-655","post","type-post","status-publish","format-standard","hentry","category-ozvena"],"_links":{"self":[{"href":"https:\/\/www.ladislavjakl.cz\/index.php?rest_route=\/wp\/v2\/posts\/655","targetHints":{"allow":["GET"]}}],"collection":[{"href":"https:\/\/www.ladislavjakl.cz\/index.php?rest_route=\/wp\/v2\/posts"}],"about":[{"href":"https:\/\/www.ladislavjakl.cz\/index.php?rest_route=\/wp\/v2\/types\/post"}],"author":[{"embeddable":true,"href":"https:\/\/www.ladislavjakl.cz\/index.php?rest_route=\/wp\/v2\/users\/1"}],"replies":[{"embeddable":true,"href":"https:\/\/www.ladislavjakl.cz\/index.php?rest_route=%2Fwp%2Fv2%2Fcomments&post=655"}],"version-history":[{"count":1,"href":"https:\/\/www.ladislavjakl.cz\/index.php?rest_route=\/wp\/v2\/posts\/655\/revisions"}],"predecessor-version":[{"id":656,"href":"https:\/\/www.ladislavjakl.cz\/index.php?rest_route=\/wp\/v2\/posts\/655\/revisions\/656"}],"wp:attachment":[{"href":"https:\/\/www.ladislavjakl.cz\/index.php?rest_route=%2Fwp%2Fv2%2Fmedia&parent=655"}],"wp:term":[{"taxonomy":"category","embeddable":true,"href":"https:\/\/www.ladislavjakl.cz\/index.php?rest_route=%2Fwp%2Fv2%2Fcategories&post=655"},{"taxonomy":"post_tag","embeddable":true,"href":"https:\/\/www.ladislavjakl.cz\/index.php?rest_route=%2Fwp%2Fv2%2Ftags&post=655"}],"curies":[{"name":"wp","href":"https:\/\/api.w.org\/{rel}","templated":true}]}}