{"id":6559,"date":"2016-03-29T08:56:53","date_gmt":"2016-03-29T06:56:53","guid":{"rendered":"http:\/\/www.ladislavjakl.cz\/?p=6559"},"modified":"2016-03-29T08:56:53","modified_gmt":"2016-03-29T06:56:53","slug":"velehnizdo-bruselskych-capu","status":"publish","type":"post","link":"https:\/\/www.ladislavjakl.cz\/?p=6559","title":{"rendered":"Velehn\u00edzdo bruselsk\u00fdch \u010d\u00e1p\u016f"},"content":{"rendered":"<p>Pro\u010d vznikaj\u00ed mezin\u00e1rodn\u00ed organizace? Proto\u017ee existuj\u00ed ve\u0159ejn\u00e9 statky na nadn\u00e1rodn\u00ed \u00farovni. Proto existuj\u00ed kolektivn\u00ed smlouvy o bezpe\u010dnosti, voln\u00e9m obchodu, vodn\u00ed doprav\u011b, d\u00e1lkov\u00e9 infrastruktu\u0159e, energetice, kde hranice nehraj\u00ed roli.<\/p>\n<p><!--more--><\/p>\n<p>Tak p\u016fvodn\u011b vznikla i Evropsk\u00e1 unie, nebo sp\u00ed\u0161e jej\u00ed p\u0159edch\u016fdci. Pokud existuje ve\u0159ejn\u00fd z\u00e1jem na kontinent\u00e1ln\u00ed \u00farovni, je mo\u017en\u00e1 efektivn\u00ed a n\u011bkdy i nutn\u00e9 uspokojovat ho v\u00a0r\u00e1mci mezin\u00e1rodn\u00ed organizace.<\/p>\n<p>Je ale takov\u00fdm kontinent\u00e1ln\u00edm z\u00e1jmem mal\u00fd hotel, rodinn\u00fd pivovar \u010di jin\u00fd konkr\u00e9tn\u00ed podnikatelsk\u00fd projekt? To ur\u010dit\u011b nen\u00ed.<\/p>\n<p>Hitem t\u011bchto dn\u016f je jeden p\u0159\u00edpad, kdy dost mo\u017en\u00e1 bylo poru\u0161eno n\u011bjak\u00e9 administrativn\u00ed pravidlo na financov\u00e1n\u00ed soukrom\u00fdch rekrea\u010dn\u00edch st\u0159edisek z\u00a0pen\u011bz da\u0148ov\u00fdch poplatn\u00edk\u016f. Pravidla se dodr\u017eovat maj\u00ed a ve\u0159ejn\u00fd \u010dinitel by nem\u011bl okat\u011b lh\u00e1t, to jist\u011b.<\/p>\n<p>Ale v\u00a0rachotu af\u00e9ry by nem\u011bla zaniknout podstata, a tou je nemor\u00e1ln\u00ed, neefektivn\u00ed, trh (a charaktery) k\u0159iv\u00edc\u00ed s\u00e1m syst\u00e9m rozd\u011blov\u00e1n\u00ed ve\u0159ejn\u00fdch pen\u011bz vybran\u00fdm podnikatel\u016fm. To nejv\u011bt\u0161\u00ed hn\u00edzdo potrefen\u00fdch \u010d\u00e1p\u016f nes\u00eddl\u00ed na farm\u011b u Olbramovic. S\u00eddl\u00ed v\u00a0Bruselu.<\/p>\n","protected":false},"excerpt":{"rendered":"<p>Pro\u010d vznikaj\u00ed mezin\u00e1rodn\u00ed organizace? Proto\u017ee existuj\u00ed ve\u0159ejn\u00e9 statky na nadn\u00e1rodn\u00ed \u00farovni. Proto existuj\u00ed kolektivn\u00ed smlouvy o bezpe\u010dnosti, voln\u00e9m obchodu, vodn\u00ed doprav\u011b, d\u00e1lkov\u00e9 infrastruktu\u0159e, energetice, kde hranice nehraj\u00ed roli.<\/p>\n","protected":false},"author":1,"featured_media":0,"comment_status":"open","ping_status":"open","sticky":false,"template":"","format":"standard","meta":{"ngg_post_thumbnail":0,"footnotes":""},"categories":[10],"tags":[],"class_list":["post-6559","post","type-post","status-publish","format-standard","hentry","category-zlehka"],"_links":{"self":[{"href":"https:\/\/www.ladislavjakl.cz\/index.php?rest_route=\/wp\/v2\/posts\/6559","targetHints":{"allow":["GET"]}}],"collection":[{"href":"https:\/\/www.ladislavjakl.cz\/index.php?rest_route=\/wp\/v2\/posts"}],"about":[{"href":"https:\/\/www.ladislavjakl.cz\/index.php?rest_route=\/wp\/v2\/types\/post"}],"author":[{"embeddable":true,"href":"https:\/\/www.ladislavjakl.cz\/index.php?rest_route=\/wp\/v2\/users\/1"}],"replies":[{"embeddable":true,"href":"https:\/\/www.ladislavjakl.cz\/index.php?rest_route=%2Fwp%2Fv2%2Fcomments&post=6559"}],"version-history":[{"count":1,"href":"https:\/\/www.ladislavjakl.cz\/index.php?rest_route=\/wp\/v2\/posts\/6559\/revisions"}],"predecessor-version":[{"id":6560,"href":"https:\/\/www.ladislavjakl.cz\/index.php?rest_route=\/wp\/v2\/posts\/6559\/revisions\/6560"}],"wp:attachment":[{"href":"https:\/\/www.ladislavjakl.cz\/index.php?rest_route=%2Fwp%2Fv2%2Fmedia&parent=6559"}],"wp:term":[{"taxonomy":"category","embeddable":true,"href":"https:\/\/www.ladislavjakl.cz\/index.php?rest_route=%2Fwp%2Fv2%2Fcategories&post=6559"},{"taxonomy":"post_tag","embeddable":true,"href":"https:\/\/www.ladislavjakl.cz\/index.php?rest_route=%2Fwp%2Fv2%2Ftags&post=6559"}],"curies":[{"name":"wp","href":"https:\/\/api.w.org\/{rel}","templated":true}]}}