{"id":6594,"date":"2016-04-08T08:38:07","date_gmt":"2016-04-08T06:38:07","guid":{"rendered":"http:\/\/www.ladislavjakl.cz\/?p=6594"},"modified":"2016-04-08T08:38:07","modified_gmt":"2016-04-08T06:38:07","slug":"klaus-byl-jediny-kdo-se-pokousel-rozpadu-federace-zabranit-tvrdi-ladislav-jakl","status":"publish","type":"post","link":"https:\/\/www.ladislavjakl.cz\/?p=6594","title":{"rendered":"Klaus byl jedin\u00fd, kdo se pokou\u0161el rozpadu federace zabr\u00e1nit, tvrd\u00ed Ladislav Jakl"},"content":{"rendered":"<p class=\"perex\">\u010cesk\u00e1 ve\u0159ejnost navrhla b\u00fdval\u00e9ho prezidenta V\u00e1clava Klause na st\u00e1tn\u00ed vyznamen\u00e1n\u00ed za bezprobl\u00e9mov\u00e9 stabilizov\u00e1n\u00ed zem\u011b p\u0159i d\u011blen\u00ed \u010ceskoslovenska v roce 1993. M\u011bl by V\u00e1clav Klaus dostat 28. \u0159\u00edjna st\u00e1tn\u00ed vyznamenan\u00ed za z\u00e1sluhy? Jak se s odstupem 23 let na rozd\u011blen\u00ed federace d\u00edv\u00e1me?<\/p>\n<p class=\"perex\"><!--more--><\/p>\n<p>\u201e\u010ceskoslovensko se rozd\u011blilo nejlep\u0161\u00edm mo\u017en\u00fdm mysliteln\u00fdm m\u00edrumilovn\u00fdm a konstruktivn\u00edm zp\u016fsobem,\u201c uvedl v po\u0159adu Pro a proti b\u00fdval\u00fd \u0159editel politick\u00e9ho odboru kancel\u00e1\u0159e prezidenta republiky Ladislav Jakl.<\/p>\n<p>Podle n\u011bj n\u011bjak\u00fdm zp\u016fsobem ocenit rozd\u011blen\u00ed, a vzpomenout si, \u017ee bylo \u201eprovedeno opravdu mistrn\u011b\u201c, si ur\u010dit\u011b zaslou\u017e\u00ed.<\/p>\n<p>\u201eMy jsme pokra\u010dovatelem svrchovanosti, kter\u00e1 vznikla v roce 1918, hl\u00e1s\u00edme se k n\u00ed vlajkou, tradic\u00ed i jinak. Slov\u00e1ci se mo\u017en\u00e1 nikdy nec\u00edtili komfortn\u011b v tomto st\u00e1t\u011b,\u201c soud\u00ed Jakl.<\/p>\n<p>To bylo jasn\u011b demonstrov\u00e1no ve v\u00fdsledc\u00edch voleb v roce 1992, tvrd\u00ed b\u00fdval\u00fd poradce prezidenta. \u201ePo nich bylo jasn\u00e9, \u017ee bu\u010f bude federace takov\u00e1, jakou si p\u0159ej\u00ed Slov\u00e1ci, \u010dili na \u010desk\u00fd \u00fa\u010det, nebo nebude \u017e\u00e1dn\u00e1. A to potom rad\u0161i \u017e\u00e1dn\u00e1.\u201c<\/p>\n<p class=\"factbox\"><strong>Jakl: \u201ePo volb\u00e1ch v tehdej\u0161\u00ed feder\u00e1ln\u00ed republice tehdej\u0161\u00ed prezident V\u00e1clav Havel rezignoval na spole\u010dn\u00fd st\u00e1t, hodil do n\u011bj vidle a odstoupil. I n\u011bkter\u00fdmi sv\u00fdmi politick\u00fdmi kroky p\u0159isp\u011bl ke krok\u016fm, kter\u00e9 vedly nakonec k rozd\u011blen\u00ed, zat\u00edmco V\u00e1clav Klaus, kter\u00fd m\u00e1 za man\u017eelku Slovenku, byl jedin\u00fd, kdo se sna\u017eil p\u016fsobit v obou \u010d\u00e1stech federace, a sna\u017eil se rozd\u011blen\u00ed zabr\u00e1nit.\u201c<\/strong><\/p>\n<p>B\u00fdval\u00fd slovensk\u00fd ministr kultury Ladislav Snopko si kladl ot\u00e1zku, jestli je dobr\u00e9 v\u016fbec takov\u00fd smutn\u00fd akt, jako je rozd\u011blen\u00ed zem\u011b jako \u010ceskoslovensko, oce\u0148ovat.<\/p>\n<p class=\"factbox\"><strong>Snopko: \u201eOsobn\u011b, pokud uva\u017euji o n\u011bjak\u00e9 chyb\u011b V\u00e1clava Havla, tak to byla jedin\u00e1, sice dost velk\u00e1, ale nem\u011bl odkud br\u00e1t zku\u0161enosti. Ta spo\u010d\u00edvala v tom, \u017ee po prvn\u00edch svobodn\u00fdch volb\u00e1ch m\u011blo b\u00fdt norm\u00e1ln\u011b \u010dty\u0159let\u00e9 volebn\u00ed obdob\u00ed, a ne dvoulet\u00e9. To zp\u016fsobilo v\u00fdvoj, kter\u00fd vedl k rozpadu \u010ceskoslovenska.&#8220;<\/strong><\/p>\n<p>\u201eTo, \u017ee se \u010ceskoslovensko rozd\u011blilo, je z\u00e1le\u017eitost vl\u00e1d, parlament\u016f, spr\u00e1vn\u00edch \u00fa\u0159ad\u016f a dal\u0161\u00edch. Nevid\u00edm d\u016fvod takov\u00e9 ocen\u011bn\u00ed ud\u011blovat.\u201c<\/p>\n<p>Snopko je p\u0159esv\u011bd\u010den, \u017ee rozd\u011blen\u00edm \u010ceskoslovenska se n\u00e1rodnostn\u00ed pluralita p\u0159esunula na Slovensko, a \u010cesk\u00e1 republika se stala de facto jednon\u00e1rodn\u00edm st\u00e1tem.<\/p>\n<p>Dal\u0161\u00ed v\u00fdvoj uk\u00e1zal, \u017ee Slovensko m\u00e1 bl\u00edzko k \u010cesku. \u201eA dnes jsou \u010desko-slovensk\u00e9 vztahy tak dobr\u00e9, proto\u017ee jsou to spont\u00e1nn\u00ed vztahy zdola,\u201c chv\u00e1lil b\u00fdval\u00fd ministr.<\/p>\n<p>\u201ePo 23 letech bychom m\u011bli uva\u017eovat tak, \u017ee se nebudeme dohadovat jako p\u0159i rozvodov\u00e9m \u0159\u00edzen\u00ed kdo, co a kv\u016fli \u010demu m\u00e1 za co vinu,\u201c upozornil Ladislav Snopko.<\/p>\n<p><a href=\"http:\/\/www.rozhlas.cz\/plus\/proaproti\/_zprava\/klaus-byl-jediny-kdo-se-pokousel-rozpadu-federace-zabranit-tvrdi-ladislav-jakl--1601130\" target=\"_blank\">Zdroj<\/a><\/p>\n","protected":false},"excerpt":{"rendered":"<p>\u010cesk\u00e1 ve\u0159ejnost navrhla b\u00fdval\u00e9ho prezidenta V\u00e1clava Klause na st\u00e1tn\u00ed vyznamen\u00e1n\u00ed za bezprobl\u00e9mov\u00e9 stabilizov\u00e1n\u00ed zem\u011b p\u0159i d\u011blen\u00ed \u010ceskoslovenska v roce 1993. M\u011bl by V\u00e1clav Klaus dostat 28. \u0159\u00edjna st\u00e1tn\u00ed vyznamenan\u00ed za z\u00e1sluhy? Jak se s odstupem 23 let na rozd\u011blen\u00ed federace d\u00edv\u00e1me?<\/p>\n","protected":false},"author":1,"featured_media":0,"comment_status":"open","ping_status":"open","sticky":false,"template":"","format":"standard","meta":{"ngg_post_thumbnail":0,"footnotes":""},"categories":[11],"tags":[],"class_list":["post-6594","post","type-post","status-publish","format-standard","hentry","category-ozvena"],"_links":{"self":[{"href":"https:\/\/www.ladislavjakl.cz\/index.php?rest_route=\/wp\/v2\/posts\/6594","targetHints":{"allow":["GET"]}}],"collection":[{"href":"https:\/\/www.ladislavjakl.cz\/index.php?rest_route=\/wp\/v2\/posts"}],"about":[{"href":"https:\/\/www.ladislavjakl.cz\/index.php?rest_route=\/wp\/v2\/types\/post"}],"author":[{"embeddable":true,"href":"https:\/\/www.ladislavjakl.cz\/index.php?rest_route=\/wp\/v2\/users\/1"}],"replies":[{"embeddable":true,"href":"https:\/\/www.ladislavjakl.cz\/index.php?rest_route=%2Fwp%2Fv2%2Fcomments&post=6594"}],"version-history":[{"count":1,"href":"https:\/\/www.ladislavjakl.cz\/index.php?rest_route=\/wp\/v2\/posts\/6594\/revisions"}],"predecessor-version":[{"id":6595,"href":"https:\/\/www.ladislavjakl.cz\/index.php?rest_route=\/wp\/v2\/posts\/6594\/revisions\/6595"}],"wp:attachment":[{"href":"https:\/\/www.ladislavjakl.cz\/index.php?rest_route=%2Fwp%2Fv2%2Fmedia&parent=6594"}],"wp:term":[{"taxonomy":"category","embeddable":true,"href":"https:\/\/www.ladislavjakl.cz\/index.php?rest_route=%2Fwp%2Fv2%2Fcategories&post=6594"},{"taxonomy":"post_tag","embeddable":true,"href":"https:\/\/www.ladislavjakl.cz\/index.php?rest_route=%2Fwp%2Fv2%2Ftags&post=6594"}],"curies":[{"name":"wp","href":"https:\/\/api.w.org\/{rel}","templated":true}]}}