{"id":6599,"date":"2016-04-08T08:41:58","date_gmt":"2016-04-08T06:41:58","guid":{"rendered":"http:\/\/www.ladislavjakl.cz\/?p=6599"},"modified":"2016-04-08T08:41:58","modified_gmt":"2016-04-08T06:41:58","slug":"stanovisko-ivk-ke-dni-7-4-2016-bude-nizozemske-referendum-opet-povinne-opakovano","status":"publish","type":"post","link":"https:\/\/www.ladislavjakl.cz\/?p=6599","title":{"rendered":"Stanovisko IVK ke dni 7. 4. 2016: Bude nizozemsk\u00e9 referendum op\u011bt povinn\u011b opakov\u00e1no?"},"content":{"rendered":"<p>Nizozemsko ve v\u010derej\u0161\u00edm referendu odm\u00edtlo asocia\u010dn\u00ed dohodu Ukrajiny s\u00a0Evropskou uni\u00ed. Ofici\u00e1ln\u00ed v\u00fdsledky budou vyhl\u00e1\u0161eny a\u017e 12. dubna, ale pokud budou potvrzeny, bude muset nizozemsk\u00fd parlament projednat text dohody znovu a prov\u00e9st jeho korekce.<\/p>\n<p><!--more--><\/p>\n<p>M\u00e9dia hlavn\u00edho proudu v\u00a0minul\u00fdch dnech st\u0159\u00eddav\u011b psala o tom, \u017ee se v\u00a0Nizozem\u00ed rozhoduje o \u201eosudu Evropy\u201c, st\u0159\u00eddav\u011b varovala, \u017ee d\u00e1vat v\u00a0takov\u00e9 v\u011bci slovo voli\u010d\u016fm mohou jen Ruskem naveden\u00ed agenti, proto\u017ee pr\u016fzkumy p\u0159edv\u00eddaly, \u017ee voli\u010di mohou \u0159\u00edci ne. Podle prvn\u00edch v\u00a0noci zve\u0159ejn\u011bn\u00fdch v\u00fdsledk\u016f nedos\u00e1hla volebn\u00ed \u00fa\u010dast nutn\u00fdch 30 procent, a tak se hned objevily titulky, \u017ee referendum je (na\u0161t\u011bst\u00ed) neplatn\u00e9.<\/p>\n<p>Po n\u011bkolika hodin\u00e1ch je v\u0161e jinak. Volebn\u00ed \u00fa\u010dast povinn\u00e9 kv\u00f3rum evidentn\u011b p\u0159ekro\u010dila a p\u0159es 60 procent hlasuj\u00edc\u00edch dohodu odm\u00edtlo. Pro\u010d? Proto\u017ee jednou zase lid\u00e9 dostali v\u00fdjime\u010dnou p\u0159\u00edle\u017eitost ozvat se proti ma\u0161in\u00e9rii bruselsk\u00e9 centralizace. Ihned nastalo to, co ji\u017e zn\u00e1me z\u00a0p\u0159edchoz\u00edch referend o Evropsk\u00e9 \u00fastav\u011b, resp. o Lisabonsk\u00e9 smlouv\u011b. Kdy\u017e se hlas lidu nehod\u00ed, je zleh\u010dov\u00e1n. A nakonec ignorov\u00e1n. Tak se nepochybn\u011b stane i nyn\u00ed v\u00a0Nizozem\u00ed. Ve\u0159ejnost nebude br\u00e1na v\u00a0\u00favahu.<\/p>\n<p>Ukrajinsk\u00fd prezident Poro\u0161enko vydal prohl\u00e1\u0161en\u00ed, podle kter\u00e9ho byl \u201eprav\u00fdm c\u00edlem organiz\u00e1tor\u016f referenda \u00fatok na jednotu Evropy, \u00fatok na \u0161\u00ed\u0159en\u00ed Evropsk\u00fdch hodnot\u201c. T\u00edm poskytl m\u00e9di\u00edm n\u00e1vod na \u010dten\u00ed nizozemsk\u00e9ho v\u00fdsledku. V\u00edme, \u017ee k\u00a0p\u0159ijet\u00ed t\u00e9to dohody v\u00a0samotn\u00e9 Ukrajin\u011b tam bylo nutno prov\u00e9st krvav\u00fd p\u0159evrat, a to jen proto, \u017ee tehdej\u0161\u00ed prezident Janukovi\u010d jej\u00ed podpis m\u00edrn\u011b pozdr\u017eel, aby z\u00edskal lep\u0161\u00ed vyjedn\u00e1vac\u00ed pozici.<\/p>\n<p>Nen\u00ed jasn\u00e9, co v\u0161e na dohod\u011b vad\u00ed Nizozemc\u016fm (nejsp\u00ed\u0161 hlasov\u00e1n\u00ed brali jako symbol obecn\u00e9ho odporu k\u00a0eurounijn\u00ed manipulaci), nev\u00fdhodn\u00e1 je hlavn\u011b pro samotn\u00e9 Ukrajince: t\u00e9m\u011b\u0159 nic jim nenab\u00edz\u00ed a p\u0159itom je zbavuje v\u00fdhod jejich dosavadn\u00edch dohod o voln\u00e9m obchodu.<\/p>\n<p>My ale budeme nepochybn\u011b op\u011bt sv\u011bdky toho, jak je demokracie v\u00a0EU povolena jen v\u00a0mez\u00edch z\u00e1jm\u016f hybatel\u016f sou\u010dasn\u00e9 evropsk\u00e9 unifikace a mimo tyto meze trp\u011bna nebude. Nizozemci nakonec tak \u010di onak tuto dohodu budou muset p\u0159ijmout a m\u016f\u017ee je t\u011b\u0161it jen to, \u017ee snad za to nebudou platit stejnou cenu, jakou za jej\u00ed p\u0159ijet\u00ed zaplatili (a plat\u00ed) Ukrajinci.<\/p>\n<p><em>Ladislav Jakl<\/em><\/p>\n<p><a href=\"http:\/\/www.institutvk.cz\/stanovisko-ivk-ke-dni-7-4-2016-bude-nizozemske-referendum-opet-povinne-opakovano\" target=\"_blank\">Zdroj<\/a><\/p>\n","protected":false},"excerpt":{"rendered":"<p>Nizozemsko ve v\u010derej\u0161\u00edm referendu odm\u00edtlo asocia\u010dn\u00ed dohodu Ukrajiny s\u00a0Evropskou uni\u00ed. Ofici\u00e1ln\u00ed v\u00fdsledky budou vyhl\u00e1\u0161eny a\u017e 12. dubna, ale pokud budou potvrzeny, bude muset nizozemsk\u00fd parlament projednat text dohody znovu a prov\u00e9st jeho korekce.<\/p>\n","protected":false},"author":1,"featured_media":0,"comment_status":"open","ping_status":"open","sticky":false,"template":"","format":"standard","meta":{"ngg_post_thumbnail":0,"footnotes":""},"categories":[1],"tags":[],"class_list":["post-6599","post","type-post","status-publish","format-standard","hentry","category-publikovane-clanky"],"_links":{"self":[{"href":"https:\/\/www.ladislavjakl.cz\/index.php?rest_route=\/wp\/v2\/posts\/6599","targetHints":{"allow":["GET"]}}],"collection":[{"href":"https:\/\/www.ladislavjakl.cz\/index.php?rest_route=\/wp\/v2\/posts"}],"about":[{"href":"https:\/\/www.ladislavjakl.cz\/index.php?rest_route=\/wp\/v2\/types\/post"}],"author":[{"embeddable":true,"href":"https:\/\/www.ladislavjakl.cz\/index.php?rest_route=\/wp\/v2\/users\/1"}],"replies":[{"embeddable":true,"href":"https:\/\/www.ladislavjakl.cz\/index.php?rest_route=%2Fwp%2Fv2%2Fcomments&post=6599"}],"version-history":[{"count":1,"href":"https:\/\/www.ladislavjakl.cz\/index.php?rest_route=\/wp\/v2\/posts\/6599\/revisions"}],"predecessor-version":[{"id":6600,"href":"https:\/\/www.ladislavjakl.cz\/index.php?rest_route=\/wp\/v2\/posts\/6599\/revisions\/6600"}],"wp:attachment":[{"href":"https:\/\/www.ladislavjakl.cz\/index.php?rest_route=%2Fwp%2Fv2%2Fmedia&parent=6599"}],"wp:term":[{"taxonomy":"category","embeddable":true,"href":"https:\/\/www.ladislavjakl.cz\/index.php?rest_route=%2Fwp%2Fv2%2Fcategories&post=6599"},{"taxonomy":"post_tag","embeddable":true,"href":"https:\/\/www.ladislavjakl.cz\/index.php?rest_route=%2Fwp%2Fv2%2Ftags&post=6599"}],"curies":[{"name":"wp","href":"https:\/\/api.w.org\/{rel}","templated":true}]}}