{"id":662,"date":"2010-11-29T13:30:42","date_gmt":"2010-11-29T12:30:42","guid":{"rendered":"http:\/\/www.ladislavjakl.cz\/?p=662"},"modified":"2010-11-29T13:33:21","modified_gmt":"2010-11-29T12:33:21","slug":"folimanka-blues-na-slamniku","status":"publish","type":"post","link":"https:\/\/www.ladislavjakl.cz\/?p=662","title":{"rendered":"A V\u00e1noce op\u011bt na Slamn\u00edku!"},"content":{"rendered":"<p>P\u0159edv\u00e1no\u010dn\u00ed bigb\u00edt Folimanky Blues v bubene\u010dsk\u00e9 hospod\u011b Na slamn\u00edku m\u00e1  u\u017e letitou tradici. Je to skv\u011bl\u00e1 p\u0159\u00edle\u017eitost pro v\u0161echny rockery, kter\u00fdm  u\u017e leze na nervy p\u0159eslazen\u00e1 p\u0159edv\u00e1no\u010dn\u00ed atmosf\u00e9ra a pot\u0159ebujou si  po\u0159\u00e1dn\u011b popa\u0159it. Pro takov\u00e9 bude i letos Slamn\u00edk \u00falevn\u00fdm \u00fato\u010di\u0161t\u011bm.  Letos se tam sejdeme v p\u00e1tek 17. prosince, tedy p\u0159esn\u011b t\u00fdden p\u0159ed  \u0160t\u011bdr\u00fdm ve\u010derem. A proto\u017ee zp\u011bvoun Folimanky m\u00e1 ten den zrovna  narozeniny, nelze vylou\u010dit v\u0161elijak\u00e1 p\u0159ekvapen\u00ed. Za\u010d\u00edn\u00e1me v p\u016fl osm\u00e9.<\/p>\n<p>V\u00edce: <strong><a href=\"http:\/\/www.folimankablues.cz\" target=\"_blank\">www.folimankablues.cz<\/a><\/strong><\/p>\n","protected":false},"excerpt":{"rendered":"<p>P\u0159edv\u00e1no\u010dn\u00ed bigb\u00edt Folimanky Blues v bubene\u010dsk\u00e9 hospod\u011b Na slamn\u00edku m\u00e1 u\u017e letitou tradici. Je to skv\u011bl\u00e1 p\u0159\u00edle\u017eitost pro v\u0161echny rockery, kter\u00fdm u\u017e leze na nervy p\u0159eslazen\u00e1 p\u0159edv\u00e1no\u010dn\u00ed atmosf\u00e9ra a pot\u0159ebujou si po\u0159\u00e1dn\u011b popa\u0159it. Pro takov\u00e9 bude i letos Slamn\u00edk \u00falevn\u00fdm \u00fato\u010di\u0161t\u011bm. Letos se tam sejdeme v p\u00e1tek 17. prosince, tedy p\u0159esn\u011b t\u00fdden p\u0159ed \u0160t\u011bdr\u00fdm ve\u010derem. [&hellip;]<\/p>\n","protected":false},"author":1,"featured_media":0,"comment_status":"open","ping_status":"open","sticky":false,"template":"","format":"standard","meta":{"ngg_post_thumbnail":0,"footnotes":""},"categories":[4],"tags":[],"class_list":["post-662","post","type-post","status-publish","format-standard","hentry","category-hudba"],"_links":{"self":[{"href":"https:\/\/www.ladislavjakl.cz\/index.php?rest_route=\/wp\/v2\/posts\/662","targetHints":{"allow":["GET"]}}],"collection":[{"href":"https:\/\/www.ladislavjakl.cz\/index.php?rest_route=\/wp\/v2\/posts"}],"about":[{"href":"https:\/\/www.ladislavjakl.cz\/index.php?rest_route=\/wp\/v2\/types\/post"}],"author":[{"embeddable":true,"href":"https:\/\/www.ladislavjakl.cz\/index.php?rest_route=\/wp\/v2\/users\/1"}],"replies":[{"embeddable":true,"href":"https:\/\/www.ladislavjakl.cz\/index.php?rest_route=%2Fwp%2Fv2%2Fcomments&post=662"}],"version-history":[{"count":4,"href":"https:\/\/www.ladislavjakl.cz\/index.php?rest_route=\/wp\/v2\/posts\/662\/revisions"}],"predecessor-version":[{"id":665,"href":"https:\/\/www.ladislavjakl.cz\/index.php?rest_route=\/wp\/v2\/posts\/662\/revisions\/665"}],"wp:attachment":[{"href":"https:\/\/www.ladislavjakl.cz\/index.php?rest_route=%2Fwp%2Fv2%2Fmedia&parent=662"}],"wp:term":[{"taxonomy":"category","embeddable":true,"href":"https:\/\/www.ladislavjakl.cz\/index.php?rest_route=%2Fwp%2Fv2%2Fcategories&post=662"},{"taxonomy":"post_tag","embeddable":true,"href":"https:\/\/www.ladislavjakl.cz\/index.php?rest_route=%2Fwp%2Fv2%2Ftags&post=662"}],"curies":[{"name":"wp","href":"https:\/\/api.w.org\/{rel}","templated":true}]}}