{"id":667,"date":"2010-11-29T11:44:54","date_gmt":"2010-11-29T10:44:54","guid":{"rendered":"http:\/\/www.ladislavjakl.cz\/?p=667"},"modified":"2010-11-29T13:45:45","modified_gmt":"2010-11-29T12:45:45","slug":"jakl-kdo-pro-rozhodnuti-potrebuje-razitko-je-liny","status":"publish","type":"post","link":"https:\/\/www.ladislavjakl.cz\/?p=667","title":{"rendered":"Jakl: Kdo pro rozhodnut\u00ed pot\u0159ebuje raz\u00edtko, je l\u00edn\u00fd"},"content":{"rendered":"<p>Byrokrati nemohou ur\u010dovat, co m\u00e1 b\u00fdt pova\u017eov\u00e1no za kulturn\u00ed hodnotu. To o organizaci <a href=\"http:\/\/mesto-kromeriz.takeit.cz\/kromeriz-hanacke-ateny-mesto-historickych-pamatek-skol-a-umeni-1679686?150439&amp;rtype=V&amp;rmain=7790522&amp;ritem=1679686&amp;rclanek=8628776&amp;rslovo=427122&amp;showdirect=1\" target=\"_blank\">UNESCO<\/a> tvrd\u00ed tajemn\u00edk prezidenta Ladislav Jakl.<\/p>\n<p><!--more--><\/p>\n<p><strong>* LN Pro\u010d \u0159\u00edk\u00e1te, \u017ee seznam pam\u00e1tek UNESCO dnes nem\u00e1 smysl?<\/strong><\/p>\n<p>Podle  mne nem\u011bl smysl v \u017e\u00e1dn\u00e9 dob\u011b. Copak m\u016f\u017ee byrokratick\u00e1 instituce d\u00e1vat  certifik\u00e1t, co m\u00e1 b\u00fdt pova\u017eov\u00e1no za kulturn\u00ed hodnotu?<\/p>\n<p><strong>* LN Praha je v seznamu u\u017e od roku 1992. Nepomohlo j\u00ed to v tom, aby co nejd\u0159\u00edv po p\u00e1du komunismu p\u0159il\u00e1kala turisty ze z\u00e1padu?<\/strong><\/p>\n<p>Pokud  n\u011bjak\u00e1 zem\u011b nen\u00ed na map\u011b sv\u011bta, pom\u016f\u017ee j\u00ed ka\u017ed\u00e1 zm\u00ednka. Nemysl\u00edm ale,  \u017ee tuto funkci mus\u00ed plnit byrokratick\u00e1 instituce financovan\u00e1 ve\u0159ejn\u00fdmi  pen\u011bzi.<\/p>\n<p><strong>* LN UNESCO bylo jedin\u00fd org\u00e1n, kter\u00fd se nap\u0159\u00edklad sna\u017eil krotit vize magistr\u00e1tn\u00edch \u00fa\u0159edn\u00edk\u016f p\u0159i projektov\u00e1n\u00ed pankr\u00e1ck\u00e9 pl\u00e1n\u011b.<\/strong><\/p>\n<p>Jen\u017ee  to si pr\u00e1v\u011b nep\u0159eji. Nechci, aby n\u00e1m pa\u0159\u00ed\u017esk\u00e1 instituce diktovala, co  m\u00e1me d\u011blat. Stejn\u011b jako nechci, aby \u010desk\u00fd \u00fa\u0159edn\u00edk koukal pa\u0159\u00ed\u017esk\u00e9mu  zvolen\u00e9mu radn\u00edmu pod prsty a krotil ho v jeho z\u00e1m\u011brech.<\/p>\n<p><strong>* LN Obecn\u011b se v\u00ed, \u017ee tradice vym\u00edraj\u00ed. Coby nemateri\u00e1ln\u00ed pam\u00e1tky na seznamu ale mo\u017en\u00e1 maj\u00ed jedinou mo\u017enost, jak p\u0159e\u017e\u00edt.<\/strong><\/p>\n<p>N\u011bkter\u00e9  tradice vym\u00edraj\u00ed, jin\u00e9 se rod\u00ed. Tak to chod\u00ed u\u017e tis\u00edce let a chodit  bude nav\u017edy. Jestli je certifik\u00e1t od byrokratick\u00e9 instituce \u201ejedin\u00fdm  zp\u016fsobem\u201c, jak n\u011bco udr\u017eet p\u0159i \u017eivot\u011b, pak u\u017e to d\u00e1vno \u017e\u00edt nem\u011blo.<\/p>\n<p><strong>*  LN Bez diskuse ov\u0161em je, \u017ee m\u011bsto, kter\u00e9 na seznamu je, se st\u00e1v\u00e1 mnohem  l\u00e1kav\u011bj\u0161\u00ed pro turisty. Nap\u0159\u00edklad statistiky n\u00e1v\u0161t\u011bvnosti pam\u00e1tek v  T\u0159eb\u00ed\u010di ukazuj\u00ed, \u017ee z\u00e1jem o n\u011b stoupl n\u011bkolikan\u00e1sobn\u011b.<\/strong><\/p>\n<p>Pokud si  n\u011bkter\u00e9 cestovn\u00ed kancel\u00e1\u0159e alibisticky usnad\u0148uj\u00ed pr\u00e1ci a sahaj\u00ed po  certifik\u00e1tech \u00fa\u0159edn\u00edch instituc\u00ed, pak je chybou z\u00e1kazn\u00edk\u016f, \u017ee jejich  slu\u017eby vyu\u017e\u00edvaj\u00ed. To potom ustavme dal\u0161\u00edch tis\u00edc mezin\u00e1rodn\u00edch \u00fa\u0159ad\u016f. V  jednom n\u00e1m doporu\u010d\u00ed, v jak\u00fdch hotel\u00edch m\u00e1me bydlet, ve druh\u00e9m jak\u00e9 knihy  \u010d\u00edst, ve t\u0159et\u00edm jak\u00e9 pivo p\u00edt. Kdo pro sv\u00e9 rozhodnut\u00ed pot\u0159ebuje raz\u00edtko  \u00fa\u0159adu, je asi l\u00edn\u00fd myslet.<\/p>\n<p><strong>* LN Paradoxn\u00ed je, \u017ee podnikatel\u00e9 v T\u0159eb\u00ed\u010di vy\u0161\u0161\u00ed tr\u017eby nezaznamenali.<\/strong><\/p>\n<p>Sv\u011bd\u010d\u00ed to o naturelu z\u00e1kazn\u00edk\u016f, kte\u0159\u00ed se nechaj\u00ed v\u00e9st doporu\u010den\u00edm byrokratick\u00fdch instituc\u00ed.<\/p>\n<p><a href=\"http:\/\/www.lidovky.cz\/jakl-kdo-pro-rozhodnuti-potrebuje-razitko-je-liny-fsk-\/ln_noviny.asp?c=A101127_000010_ln_noviny_sko&amp;klic=240112&amp;mes=101127_0\" target=\"_blank\">ZDROJ<\/a><\/p>\n","protected":false},"excerpt":{"rendered":"<p>Byrokrati nemohou ur\u010dovat, co m\u00e1 b\u00fdt pova\u017eov\u00e1no za kulturn\u00ed hodnotu. To o organizaci UNESCO tvrd\u00ed tajemn\u00edk prezidenta Ladislav Jakl.<\/p>\n","protected":false},"author":1,"featured_media":0,"comment_status":"open","ping_status":"open","sticky":false,"template":"","format":"standard","meta":{"ngg_post_thumbnail":0,"footnotes":""},"categories":[11],"tags":[],"class_list":["post-667","post","type-post","status-publish","format-standard","hentry","category-ozvena"],"_links":{"self":[{"href":"https:\/\/www.ladislavjakl.cz\/index.php?rest_route=\/wp\/v2\/posts\/667","targetHints":{"allow":["GET"]}}],"collection":[{"href":"https:\/\/www.ladislavjakl.cz\/index.php?rest_route=\/wp\/v2\/posts"}],"about":[{"href":"https:\/\/www.ladislavjakl.cz\/index.php?rest_route=\/wp\/v2\/types\/post"}],"author":[{"embeddable":true,"href":"https:\/\/www.ladislavjakl.cz\/index.php?rest_route=\/wp\/v2\/users\/1"}],"replies":[{"embeddable":true,"href":"https:\/\/www.ladislavjakl.cz\/index.php?rest_route=%2Fwp%2Fv2%2Fcomments&post=667"}],"version-history":[{"count":4,"href":"https:\/\/www.ladislavjakl.cz\/index.php?rest_route=\/wp\/v2\/posts\/667\/revisions"}],"predecessor-version":[{"id":671,"href":"https:\/\/www.ladislavjakl.cz\/index.php?rest_route=\/wp\/v2\/posts\/667\/revisions\/671"}],"wp:attachment":[{"href":"https:\/\/www.ladislavjakl.cz\/index.php?rest_route=%2Fwp%2Fv2%2Fmedia&parent=667"}],"wp:term":[{"taxonomy":"category","embeddable":true,"href":"https:\/\/www.ladislavjakl.cz\/index.php?rest_route=%2Fwp%2Fv2%2Fcategories&post=667"},{"taxonomy":"post_tag","embeddable":true,"href":"https:\/\/www.ladislavjakl.cz\/index.php?rest_route=%2Fwp%2Fv2%2Ftags&post=667"}],"curies":[{"name":"wp","href":"https:\/\/api.w.org\/{rel}","templated":true}]}}