{"id":676,"date":"2010-11-30T14:51:17","date_gmt":"2010-11-30T13:51:17","guid":{"rendered":"http:\/\/www.ladislavjakl.cz\/?p=676"},"modified":"2010-12-01T15:14:27","modified_gmt":"2010-12-01T14:14:27","slug":"rozhovor-pro-parlamentni-listy","status":"publish","type":"post","link":"https:\/\/www.ladislavjakl.cz\/?p=676","title":{"rendered":"Rozhovor pro Parlamentn\u00ed listy"},"content":{"rendered":"<p><!--more--><\/p>\n<p><strong>1) Co \u0159\u00edk\u00e1te na akci Listopadov\u00e1 petice a aktivit\u011b exprezidenta V\u00e1clava Havla, kter\u00fd se k n\u00ed p\u0159ipojil? Mysl\u00edte si, \u017ee je jeho anga\u017eovanost v t\u00e9to v\u011bci \u017e\u00e1douc\u00ed?<\/strong><\/p>\n<p>Podpora V\u00e1clava Havla t\u00e9to iniciativ\u011b je logick\u00e1, proto\u017ee pr\u00e1v\u011b on je p\u0159edstavitelem mocn\u00e9 z\u00e1jmov\u00e9 skupiny, kter\u00e1 za n\u00ed stoj\u00ed. Jde evidentn\u011b o n\u00e1tlakovou zastra\u0161ovac\u00ed akci, kter\u00e1 m\u00e1 vytvo\u0159it atmosf\u00e9ru, v n\u00ed\u017e se zastupitl\u00e9 budou b\u00e1t hlasovat jinak, ne\u017e tato z\u00e1jmov\u00e1 skupina po\u017eaduje. Na adresu t\u011bch, co podepsali zm\u00edn\u011bnou petici, m\u00e1m ot\u00e1zku, jestli podepsali petici tak\u00e9 proti vzniku sou\u010dasn\u00e9 koali\u010dn\u00ed \u010desk\u00e9 vl\u00e1dy. Ta tak\u00e9 dala dohromady pora\u017een\u00e9 ve volb\u00e1ch a v\u00edt\u011bze voleb &#8211; pana Paroubka &#8211; poslala do opozice.<\/p>\n<p><strong>2) \u010casopis T\u00fdden uvedl v \u017eeb\u0159\u00ed\u010dku 50 kl\u00ed\u010dov\u00fdch \u017een \u010ceska Dagmar Havlovou v\u00fd\u0161e ne\u017e Livii Klausovou, p\u0159ekvapuje V\u00e1s to, pop\u0159\u00edpad\u011b jak se ke zji\u0161t\u011bn\u00ed stav\u00edte?<\/strong><\/p>\n<p>A\u0165 si ka\u017ed\u00fd \u010dasopis vyhla\u0161uje \u017eeb\u0159\u00edcky, jak\u00e9 chce.<\/p>\n<p>Jana \u0160ulcov\u00e1<\/p>\n<p>Parlamentn\u00edlisty.cz<\/p>\n","protected":false},"excerpt":{"rendered":"","protected":false},"author":1,"featured_media":0,"comment_status":"open","ping_status":"open","sticky":false,"template":"","format":"standard","meta":{"ngg_post_thumbnail":0,"footnotes":""},"categories":[13],"tags":[],"class_list":["post-676","post","type-post","status-publish","format-standard","hentry","category-rozhovory"],"_links":{"self":[{"href":"https:\/\/www.ladislavjakl.cz\/index.php?rest_route=\/wp\/v2\/posts\/676","targetHints":{"allow":["GET"]}}],"collection":[{"href":"https:\/\/www.ladislavjakl.cz\/index.php?rest_route=\/wp\/v2\/posts"}],"about":[{"href":"https:\/\/www.ladislavjakl.cz\/index.php?rest_route=\/wp\/v2\/types\/post"}],"author":[{"embeddable":true,"href":"https:\/\/www.ladislavjakl.cz\/index.php?rest_route=\/wp\/v2\/users\/1"}],"replies":[{"embeddable":true,"href":"https:\/\/www.ladislavjakl.cz\/index.php?rest_route=%2Fwp%2Fv2%2Fcomments&post=676"}],"version-history":[{"count":4,"href":"https:\/\/www.ladislavjakl.cz\/index.php?rest_route=\/wp\/v2\/posts\/676\/revisions"}],"predecessor-version":[{"id":679,"href":"https:\/\/www.ladislavjakl.cz\/index.php?rest_route=\/wp\/v2\/posts\/676\/revisions\/679"}],"wp:attachment":[{"href":"https:\/\/www.ladislavjakl.cz\/index.php?rest_route=%2Fwp%2Fv2%2Fmedia&parent=676"}],"wp:term":[{"taxonomy":"category","embeddable":true,"href":"https:\/\/www.ladislavjakl.cz\/index.php?rest_route=%2Fwp%2Fv2%2Fcategories&post=676"},{"taxonomy":"post_tag","embeddable":true,"href":"https:\/\/www.ladislavjakl.cz\/index.php?rest_route=%2Fwp%2Fv2%2Ftags&post=676"}],"curies":[{"name":"wp","href":"https:\/\/api.w.org\/{rel}","templated":true}]}}