{"id":684,"date":"2010-12-01T15:06:21","date_gmt":"2010-12-01T14:06:21","guid":{"rendered":"http:\/\/www.ladislavjakl.cz\/?p=684"},"modified":"2010-12-01T15:10:26","modified_gmt":"2010-12-01T14:10:26","slug":"jakl-o-volbe-primatora-prahy-normalni-mocensky-zajmovy-boj","status":"publish","type":"post","link":"https:\/\/www.ladislavjakl.cz\/?p=684","title":{"rendered":"Jakl o volb\u011b prim\u00e1tora Prahy: Norm\u00e1ln\u00ed mocensk\u00fd z\u00e1jmov\u00fd boj"},"content":{"rendered":"<p>Praha \u2013 V\u010derej\u0161\u00ed volbu  pra\u017esk\u00e9ho prim\u00e1tora poznamenaly bou\u0159liv\u00e9 protesty proti koalici ODS a  \u010cSSD, kter\u00e9 vy\u0161achovaly v\u00edt\u011bznou TOP 09. Jedn\u00edm z\u00a0t\u011bch, kte\u0159\u00ed  demonstranty kritizuj\u00ed, je Ladislav Jakl, \u0159editel politick\u00e9ho odboru  prezidentsk\u00e9 kancel\u00e1\u0159e.<\/p>\n<p><!--more-->Podle n\u011bj byla prost\u011b uzav\u0159ena jedna z\u00a0mo\u017en\u00fdch  legitimn\u00edch koalic, kter\u00e9 se po volb\u00e1ch nab\u00edzely. &#8222;J\u00e1 tak\u00e9 nejsem  voli\u010dem ani jedn\u00e9 z\u00a0t\u011bch stran. Ale \u0159\u00edk\u00e1m si, \u017ee toto uspo\u0159\u00e1d\u00e1n\u00ed je  jedno z\u00a0mo\u017en\u00fdch, ne\u0159\u00edk\u00e1m, \u017ee mn\u011b se \u00fa\u017easn\u011b l\u00edb\u00ed, snad by se mi l\u00edbilo  \u00fapln\u011b jin\u00e9. Ale ta medi\u00e1ln\u00ed \u0161tvanice kolem toho a n\u00e1tlakov\u00e9 a  zastra\u0161ovac\u00ed akce, s\u00a0t\u00edm souhlasit nemohu,&#8220; \u0159\u00edk\u00e1 Jakl, kter\u00fd byl hostem  Ud\u00e1lost\u00ed, koment\u00e1\u0159\u016f \u010cT24.<\/p>\n<p><a href=\"http:\/\/www.ct24.cz\/domaci\/108738-jakl-o-volbe-primatora-prahy-normalni-mocensky-zajmovy-boj\/video\/1\/\"><img loading=\"lazy\" decoding=\"async\" src=\"http:\/\/img2.ct24.cz\/multimedia\/videos\/image\/714\/medium\/214072.jpg\" alt=\"Spustit video\" width=\"409\" height=\"230\" \/><\/a><\/p>\n<div>\n<div>\n<div id=\"playerPhoto\">\n<p><a href=\"http:\/\/www.ct24.cz\/domaci\/108738-jakl-o-volbe-primatora-prahy-normalni-mocensky-zajmovy-boj\/video\/1\/\"><img loading=\"lazy\" decoding=\"async\" src=\"http:\/\/img2.ct24.cz\/gfx\/media-player512.jpg\" alt=\"Spustit video\" width=\"407\" height=\"54\" \/><\/a><\/p>\n<p><a href=\"http:\/\/www.ct24.cz\/domaci\/108738-jakl-o-volbe-primatora-prahy-normalni-mocensky-zajmovy-boj\/video\/1\/\"> <img loading=\"lazy\" decoding=\"async\" id=\"bsparrow\" src=\"http:\/\/img2.ct24.cz\/gfx\/button-play.gif\" alt=\"Spustit video\" width=\"159\" height=\"49\" \/> <\/a><\/div>\n<\/div>\n<p><a href=\"http:\/\/www.ct24.cz\/domaci\/108738-jakl-o-volbe-primatora-prahy-normalni-mocensky-zajmovy-boj\/video\/1\/\"><\/a><\/div>\n<div id=\"articleContent\">\n<p>Podle Jakla samoz\u0159ejm\u011b p\u0159ipadaly v \u00favahu r\u016fzn\u00e9 jin\u00e9 koalice. &#8222;A j\u00e1 se  pt\u00e1m, kter\u00e1 koalice by byla ta spr\u00e1vn\u00e1? Ta, kter\u00e1 vynese do funkc\u00ed  n\u011bkdej\u0161\u00ed lidovce nebo \u010dlov\u011bka, kter\u00fd vede tuto kandid\u00e1tku a o jeho\u017e  politick\u00fdch n\u00e1zorech nev\u00edme v\u016fbec nic?&#8220; spekuluje Jakl.<\/p>\n<p>&#8222;Tady jde o norm\u00e1ln\u00ed mocensk\u00fd z\u00e1jmov\u00fd boj,&#8220; shrnuje pra\u017esk\u00e9 d\u011bn\u00ed  Jakl. Do zm\u011bny mocensk\u00fdch pom\u011br\u016f bylo toti\u017e podle n\u011bj investov\u00e1no mnoho  energie a pen\u011bz.<\/p>\n<p>&#8222;Jin\u00e9 mocn\u00e9 z\u00e1jmov\u00e9 skupiny se m\u011bly kone\u010dn\u011b dostat k\u00a0moci a k\u00a0pra\u017esk\u00e9  pokladnici,&#8220; \u0159\u00edk\u00e1 Jakl. &#8222;M\u00e1m na mysli ty pravdol\u00e1skovsk\u00e9 havlovsk\u00e9  skupiny spojen\u00e9 se stranou TOP 09.&#8220;<\/p>\n<p><strong>Budou rozhodovat n\u011bjak kr\u00e1sn\u011bji, \u010dist\u011bji, l\u00e9pe?<\/strong><\/p>\n<p>Tato skupina se po volb\u00e1ch \u00fadajn\u011b nesm\u00ed\u0159ila s\u00a0prohrou a za\u010dala  organizovat n\u00e1tlakov\u00e9 akce. &#8222;M\u011b napadaj\u00ed dv\u011b ot\u00e1zky. Jestli si n\u011bkdo  mysl\u00ed, \u017ee pr\u016fhledn\u011bj\u0161\u00ed politika se d\u011bl\u00e1 t\u00edm, \u017ee se rozbije okno? A  jestli si n\u011bkdo mysl\u00ed, \u017ee kdy\u017e na n\u011bkoho budu k\u0159i\u010det, \u0159v\u00e1t, nad\u00e1vat mu,  p\u00edskat, vyhro\u017eovat, jestli ten zvolen\u00fd zastupitel bude najednou  rozhodovat n\u011bjak kr\u00e1sn\u011bji, \u010dist\u011bji, l\u00e9pe?&#8220; pt\u00e1 se Jakl.<\/p>\n<p>Na to mu ov\u0161em nap\u0159\u00edmo odpov\u011bd\u011bl dal\u0161\u00ed host Ud\u00e1lost\u00ed, koment\u00e1\u0159\u016f,  \u0161\u00e9fredaktor \u010dasopisu Respekt Erik Tabery. &#8222;Mysl\u00edm, \u017ee pan prim\u00e1tor  Svoboda, kdy\u017e \u0159\u00edk\u00e1, \u017ee chce d\u011blat pr\u016fhlednou politiku, tak sv\u00fdm zp\u016fsobem  mu to m\u016f\u017ee pomoci, proto\u017ee to m\u016f\u017ee vytvo\u0159it dal\u0161\u00ed tlak na to, aby se  radnice chovala l\u00e9pe,&#8220; mysl\u00ed si Tabery.<\/p>\n<div>\n<p id=\"articleZdroj\"><span style=\"color: #ff0000;\"><strong>Z\u00e1znam po\u0159adu naleznete <a href=\"http:\/\/www.ceskatelevize.cz\/ivysilani\/210411000371130-udalosti-komentare\/\" target=\"_blank\">ZDE<\/a>, koment\u00e1\u0159 L.J. je od 15:40 minuty.<\/strong><\/span><\/p>\n<p><strong>zdroj:<\/strong> <abbr title=\"\u010cT24\">\u010cT24<\/abbr><\/div>\n<\/div>\n","protected":false},"excerpt":{"rendered":"<p>Praha \u2013 V\u010derej\u0161\u00ed volbu pra\u017esk\u00e9ho prim\u00e1tora poznamenaly bou\u0159liv\u00e9 protesty proti koalici ODS a \u010cSSD, kter\u00e9 vy\u0161achovaly v\u00edt\u011bznou TOP 09. Jedn\u00edm z\u00a0t\u011bch, kte\u0159\u00ed demonstranty kritizuj\u00ed, je Ladislav Jakl, \u0159editel politick\u00e9ho odboru prezidentsk\u00e9 kancel\u00e1\u0159e.<\/p>\n","protected":false},"author":1,"featured_media":0,"comment_status":"open","ping_status":"open","sticky":false,"template":"","format":"standard","meta":{"ngg_post_thumbnail":0,"footnotes":""},"categories":[11],"tags":[],"class_list":["post-684","post","type-post","status-publish","format-standard","hentry","category-ozvena"],"_links":{"self":[{"href":"https:\/\/www.ladislavjakl.cz\/index.php?rest_route=\/wp\/v2\/posts\/684","targetHints":{"allow":["GET"]}}],"collection":[{"href":"https:\/\/www.ladislavjakl.cz\/index.php?rest_route=\/wp\/v2\/posts"}],"about":[{"href":"https:\/\/www.ladislavjakl.cz\/index.php?rest_route=\/wp\/v2\/types\/post"}],"author":[{"embeddable":true,"href":"https:\/\/www.ladislavjakl.cz\/index.php?rest_route=\/wp\/v2\/users\/1"}],"replies":[{"embeddable":true,"href":"https:\/\/www.ladislavjakl.cz\/index.php?rest_route=%2Fwp%2Fv2%2Fcomments&post=684"}],"version-history":[{"count":7,"href":"https:\/\/www.ladislavjakl.cz\/index.php?rest_route=\/wp\/v2\/posts\/684\/revisions"}],"predecessor-version":[{"id":686,"href":"https:\/\/www.ladislavjakl.cz\/index.php?rest_route=\/wp\/v2\/posts\/684\/revisions\/686"}],"wp:attachment":[{"href":"https:\/\/www.ladislavjakl.cz\/index.php?rest_route=%2Fwp%2Fv2%2Fmedia&parent=684"}],"wp:term":[{"taxonomy":"category","embeddable":true,"href":"https:\/\/www.ladislavjakl.cz\/index.php?rest_route=%2Fwp%2Fv2%2Fcategories&post=684"},{"taxonomy":"post_tag","embeddable":true,"href":"https:\/\/www.ladislavjakl.cz\/index.php?rest_route=%2Fwp%2Fv2%2Ftags&post=684"}],"curies":[{"name":"wp","href":"https:\/\/api.w.org\/{rel}","templated":true}]}}