{"id":6902,"date":"2016-04-14T13:32:33","date_gmt":"2016-04-14T11:32:33","guid":{"rendered":"http:\/\/www.ladislavjakl.cz\/?p=6902"},"modified":"2016-04-14T13:32:33","modified_gmt":"2016-04-14T11:32:33","slug":"ladislav-jakl-odpovida-na-otazku-tydeniku-reporter-kdo-by-mel-byt-pristim-prezidentem-republiky","status":"publish","type":"post","link":"https:\/\/www.ladislavjakl.cz\/?p=6902","title":{"rendered":"Ladislav Jakl odpov\u00edd\u00e1 na ot\u00e1zku t\u00fdden\u00edku Report\u00e9r, kdo by m\u011bl b\u00fdt p\u0159\u00ed\u0161t\u00edm prezidentem republiky"},"content":{"rendered":"<p>Nem\u00e1m r\u00e1d permanentn\u00ed kampan\u011b. Do prezidentsk\u00fdch voleb zb\u00fdvaj\u00ed je\u0161t\u011b skoro dva roky, to trval\u00e9 t\u0159e\u0161t\u011bn\u00ed kolem nich m\u00e1 jen vytvo\u0159it klamn\u00fd dojem, \u017ee sou\u010dasn\u00fd prezident je jen tak provizorn\u00ed.<\/p>\n<p><!--more--><\/p>\n<p>Nebyl jsem p\u0159\u00edtelem p\u0159\u00edm\u00e9 volby prezidenta a p\u0159edem jsem varoval, \u017ee jak\u00fdkoli p\u0159\u00edmo zvolen\u00fd prezident se s\u00a0pocitem jinak odvozen\u00e9ho mand\u00e1tu nutn\u011b bude v\u016f\u010di ostatn\u00edm \u00fastavn\u00edm instituc\u00edm chovat m\u00e9n\u011b kooperativn\u011b. Div\u00edm se, \u017ee se tomu dnes n\u011bkdo div\u00ed.<\/p>\n<p>Ale dobr\u00e1, kdy\u017e od v\u00e1s dost\u00e1v\u00e1m tuto ot\u00e1zku, zkus\u00edm splnit dom\u00e1c\u00ed \u00fakol. Prezident republiky nem\u00e1 b\u00fdt jen silnou osobnost\u00ed. Je to podm\u00ednka nutn\u00e1, ale nikoli dosta\u010duj\u00edc\u00ed. Silnou proto, aby ctila sv\u016fj mand\u00e1t od voli\u010d\u016f a odolala r\u016fzn\u00fdm tlak\u016fm z\u00e1jmov\u00fdch skupin i kamar\u00e1d\u00ed\u010dkov\u00e1n\u00ed s\u00a0papal\u00e1\u0161skou internacion\u00e1lou. Tomu kamar\u00e1d\u00ed\u010dkov\u00e1n\u00ed podlehne kdekdo, kdekomu jsou p\u0159\u00edjemn\u00e9 famili\u00e9rismy a tyk\u00e1n\u00ed si s\u00a0papal\u00e1\u0161i v\u0161ech zem\u00ed, kte\u0159\u00ed se spojili proti vlastn\u00edm voli\u010d\u016fm.<\/p>\n<p>Jen\u017ee takov\u00e1 s\u00edla osobnosti m\u016f\u017ee plynout t\u0159eba jen ze zbytn\u011bl\u00e9ho sebev\u011bdom\u00ed. Proto sama nesta\u010d\u00ed. Spolehnut\u00ed je jen na takov\u00e9ho otce vlasti (p\u0159i\u010dem\u017e je dobr\u00e9, aby otec vlasti byl tak\u00e9 s\u00e1m otcem, to \u010dlov\u011bka zm\u011bn\u00ed, to nau\u010d\u00ed oddanosti), jeho\u017e postoje vyr\u016fstaj\u00ed z \u2013 a te\u010f v\u00edm, \u017ee se mnoz\u00ed o\u0161kl\u00edbnou z\u00a0t\u00e9hle fr\u00e1ze \u2013 hlubok\u00e9ho hodnotov\u00e9ho z\u00e1zem\u00ed.<\/p>\n<p>J\u00e1 budu za prezidenta cht\u00edt toho, pro n\u011bj\u017e je t\u00edmto z\u00e1zem\u00edm zaprv\u00e9 nedotknutelnost svobody jednotlivce, nedotknutelnost \u017e\u00e1dn\u00fdmi lib\u011b se tv\u00e1\u0159\u00edc\u00edmi kolektivistick\u00fdmi dobry. To je vod\u00edtko ve v\u011bcech st\u00e1tu. Ve v\u011bcech individu\u00e1ln\u00ed motivace a osobnostn\u00ed integrity je to zadruh\u00e9 sv\u011bdom\u00ed, o kter\u00e9m v\u00edme, \u017ee je n\u00e1m k\u00fdmsi p\u016fj\u010deno, aby n\u00e1s vedlo, pokud bychom pletli nohama.<\/p>\n<p>P\u0159i minul\u00fdch volb\u00e1ch jsem m\u00e1lem kandidoval i j\u00e1. N\u011bkte\u0159\u00ed kandid\u00e1ti (t\u0159eba Schwarzenberg, Sobotka \u010di Dienstbier) \u017e\u00e1dn\u00e9 podpisy nepot\u0159ebovali (sta\u010dila jim podpora politik\u016f), ostatn\u00ed museli je\u0161t\u011b p\u0159ed samotnou kandidaturou utr\u00e1cet pen\u00edze a energii na podpisy. Strana, kter\u00e1 mi kandidaturu tehdy nab\u00eddla, ale ke sb\u00edr\u00e1n\u00ed nem\u011bla dost sil a v\u016fle a m\u00ed p\u0159\u00e1tel\u00e9 sami 50 tis\u00edc podpis\u016f nedali. Co\u017e m\u011b jist\u011b zachr\u00e1nilo p\u0159ed t\u00edm, abych zcela ztratil sv\u016fj soukrom\u00fd nez\u00e1visl\u00fd \u017eivot.<\/p>\n<p>Mezit\u00edm jsem se stal prezidentem Prvn\u00ed pivn\u00ed extraligy, \u010d\u00edm\u017e jsou m\u00e9 prezidentsk\u00e9 ambice kone\u010dn\u011b ukojeny. A jestli vlast zavol\u00e1? Navrhnu Michala Sem\u00edna.<\/p>\n<p><em>Vy\u0161lo zkr\u00e1cen\u011b v\u00a0\u010d\u00edsle Report\u00e9ra ze dne 11. dubna 2016<\/em><\/p>\n","protected":false},"excerpt":{"rendered":"<p>Nem\u00e1m r\u00e1d permanentn\u00ed kampan\u011b. Do prezidentsk\u00fdch voleb zb\u00fdvaj\u00ed je\u0161t\u011b skoro dva roky, to trval\u00e9 t\u0159e\u0161t\u011bn\u00ed kolem nich m\u00e1 jen vytvo\u0159it klamn\u00fd dojem, \u017ee sou\u010dasn\u00fd prezident je jen tak provizorn\u00ed.<\/p>\n","protected":false},"author":1,"featured_media":0,"comment_status":"open","ping_status":"open","sticky":false,"template":"","format":"standard","meta":{"ngg_post_thumbnail":0,"footnotes":""},"categories":[1],"tags":[],"class_list":["post-6902","post","type-post","status-publish","format-standard","hentry","category-publikovane-clanky"],"_links":{"self":[{"href":"https:\/\/www.ladislavjakl.cz\/index.php?rest_route=\/wp\/v2\/posts\/6902","targetHints":{"allow":["GET"]}}],"collection":[{"href":"https:\/\/www.ladislavjakl.cz\/index.php?rest_route=\/wp\/v2\/posts"}],"about":[{"href":"https:\/\/www.ladislavjakl.cz\/index.php?rest_route=\/wp\/v2\/types\/post"}],"author":[{"embeddable":true,"href":"https:\/\/www.ladislavjakl.cz\/index.php?rest_route=\/wp\/v2\/users\/1"}],"replies":[{"embeddable":true,"href":"https:\/\/www.ladislavjakl.cz\/index.php?rest_route=%2Fwp%2Fv2%2Fcomments&post=6902"}],"version-history":[{"count":1,"href":"https:\/\/www.ladislavjakl.cz\/index.php?rest_route=\/wp\/v2\/posts\/6902\/revisions"}],"predecessor-version":[{"id":6903,"href":"https:\/\/www.ladislavjakl.cz\/index.php?rest_route=\/wp\/v2\/posts\/6902\/revisions\/6903"}],"wp:attachment":[{"href":"https:\/\/www.ladislavjakl.cz\/index.php?rest_route=%2Fwp%2Fv2%2Fmedia&parent=6902"}],"wp:term":[{"taxonomy":"category","embeddable":true,"href":"https:\/\/www.ladislavjakl.cz\/index.php?rest_route=%2Fwp%2Fv2%2Fcategories&post=6902"},{"taxonomy":"post_tag","embeddable":true,"href":"https:\/\/www.ladislavjakl.cz\/index.php?rest_route=%2Fwp%2Fv2%2Ftags&post=6902"}],"curies":[{"name":"wp","href":"https:\/\/api.w.org\/{rel}","templated":true}]}}