{"id":6910,"date":"2016-04-19T08:31:57","date_gmt":"2016-04-19T06:31:57","guid":{"rendered":"http:\/\/www.ladislavjakl.cz\/?p=6910"},"modified":"2016-04-19T08:31:57","modified_gmt":"2016-04-19T06:31:57","slug":"nemecko-opet-v-cele-evropy-v-potirani-svobody-slova","status":"publish","type":"post","link":"https:\/\/www.ladislavjakl.cz\/?p=6910","title":{"rendered":"N\u011bmecko op\u011bt v \u010dele Evropy. V pot\u00edr\u00e1n\u00ed svobody slova."},"content":{"rendered":"<p>N\u011bmeck\u00fd satirik Jan B\u00f6hmermann napsal \u0159\u00edkanku, v\u00a0n\u00ed\u017e vulg\u00e1rn\u011b ur\u00e1\u017e\u00ed tureck\u00e9ho prezidenta Erdogana. Podobn\u00fdch hloup\u00fdch ur\u00e1\u017eliv\u00fdch v\u00fdrok\u016f na adresu nejr\u016fzn\u011bj\u0161\u00edch sv\u011btov\u00fdch politik\u016f jsou pln\u00e9 blogy, p\u00edsn\u011b, estr\u00e1dy \u010di \u017eertovn\u00e9 publicistick\u00e9 po\u0159ady po cel\u00e9 Evrop\u011b. \u010casto jsou podobn\u011b nevkusn\u00e9, nevtipn\u00e9 a lacin\u00e9. A\u017e dosud se ale m\u011blo za to, \u017ee spr\u00e1vn\u00fdm trestem za n\u011b m\u00e1 b\u00fdt ignorace nebo znechucuj\u00edc\u00ed grimasa.<\/p>\n<p><!--more--><\/p>\n<p>A\u017e dosud. To ale skon\u010dilo. Turecko se ofici\u00e1ln\u011b obr\u00e1tilo na n\u011bmeckou vl\u00e1du, aby umo\u017enila satirikovo trestn\u00ed st\u00edh\u00e1n\u00ed. To by bez takov\u00e9ho souhlasu bylo nemo\u017en\u00e9. Chv\u00edle pravdy, chv\u00edle zkou\u0161ky svobody v\u00a0EU byla tu. A N\u011bmecko propadlo. Jeho vl\u00e1da souhlas se st\u00edh\u00e1n\u00edm vyslovila. To je\u0161t\u011b nen\u00ed v\u00fdrokem o vin\u011b, ten mus\u00ed vyslovit a\u017e soud. Ale \u017ee n\u011bmeck\u00e1 vl\u00e1da v\u016fbec umo\u017enila st\u00edhatelnost verb\u00e1ln\u00edho v\u00fdroku tohoto typu, je z\u00e1sadn\u00ed zpr\u00e1vou i o na\u0161\u00ed budoucnosti.<\/p>\n<p>Ve Formanov\u011b filmu Lid versus Larry Flynt o soudn\u00edm procesu s\u00a0vydavatelem lechtiv\u00e9ho \u010dasopisu Hustler padla z\u00e1sadn\u00ed v\u011bta. Zh\u00fdral\u00fd vydavatel, po \u00fatoku prud\u00e9rn\u00edho ob\u010dana trvale na voz\u00edku, \u0159\u00edk\u00e1 porotc\u016fm: Ano, j\u00e1 jsem ten nejhor\u0161\u00ed. Ale pokud dokonce ani m\u00e1 svoboda \u0161\u00ed\u0159it nechutnosti nebude dot\u010dena, pak si svou svobodou u\u017e m\u016f\u017ee b\u00fdt jist ka\u017ed\u00fd, proto\u017ee ka\u017ed\u00fd je lep\u0161\u00ed ne\u017e j\u00e1.<\/p>\n<p>M\u016f\u017eeme si po v\u00fdroku n\u011bmeck\u00e9 vl\u00e1dy b\u00fdt jisti? Nebo se n\u00e1s tento v\u00fdrok net\u00fdk\u00e1? Na ob\u011b ot\u00e1zky lze odpov\u011bd\u011bt z\u00e1porn\u011b. Ne, jisti u\u017e si b\u00fdt nem\u016f\u017eeme. A t\u00fdk\u00e1 se n\u00e1s to v\u00edce, ne\u017e se zd\u00e1. Ka\u017ed\u00fd \u0161patn\u00fd precedens v\u00a0r\u00e1mci EU toti\u017e v\u017edy nutn\u011b najde sv\u00e9 pokra\u010dov\u00e1n\u00ed.<\/p>\n<p>Arabsk\u00e9 boj\u016fvky se nap\u0159\u00ed\u0161t\u011b ji\u017e nebudou muset nam\u00e1hat s\u00a0trest\u00e1n\u00edm autor\u016f nechutn\u00fdch obhroublost\u00ed. Zav\u0159eme si je sami.<\/p>\n<p>&nbsp;<\/p>\n","protected":false},"excerpt":{"rendered":"<p>N\u011bmeck\u00fd satirik Jan B\u00f6hmermann napsal \u0159\u00edkanku, v\u00a0n\u00ed\u017e vulg\u00e1rn\u011b ur\u00e1\u017e\u00ed tureck\u00e9ho prezidenta Erdogana. Podobn\u00fdch hloup\u00fdch ur\u00e1\u017eliv\u00fdch v\u00fdrok\u016f na adresu nejr\u016fzn\u011bj\u0161\u00edch sv\u011btov\u00fdch politik\u016f jsou pln\u00e9 blogy, p\u00edsn\u011b, estr\u00e1dy \u010di \u017eertovn\u00e9 publicistick\u00e9 po\u0159ady po cel\u00e9 Evrop\u011b. \u010casto jsou podobn\u011b nevkusn\u00e9, nevtipn\u00e9 a lacin\u00e9. A\u017e dosud se ale m\u011blo za to, \u017ee spr\u00e1vn\u00fdm trestem za n\u011b m\u00e1 b\u00fdt ignorace [&hellip;]<\/p>\n","protected":false},"author":1,"featured_media":0,"comment_status":"open","ping_status":"open","sticky":false,"template":"","format":"standard","meta":{"ngg_post_thumbnail":0,"footnotes":""},"categories":[18],"tags":[],"class_list":["post-6910","post","type-post","status-publish","format-standard","hentry","category-postrehy"],"_links":{"self":[{"href":"https:\/\/www.ladislavjakl.cz\/index.php?rest_route=\/wp\/v2\/posts\/6910","targetHints":{"allow":["GET"]}}],"collection":[{"href":"https:\/\/www.ladislavjakl.cz\/index.php?rest_route=\/wp\/v2\/posts"}],"about":[{"href":"https:\/\/www.ladislavjakl.cz\/index.php?rest_route=\/wp\/v2\/types\/post"}],"author":[{"embeddable":true,"href":"https:\/\/www.ladislavjakl.cz\/index.php?rest_route=\/wp\/v2\/users\/1"}],"replies":[{"embeddable":true,"href":"https:\/\/www.ladislavjakl.cz\/index.php?rest_route=%2Fwp%2Fv2%2Fcomments&post=6910"}],"version-history":[{"count":1,"href":"https:\/\/www.ladislavjakl.cz\/index.php?rest_route=\/wp\/v2\/posts\/6910\/revisions"}],"predecessor-version":[{"id":6911,"href":"https:\/\/www.ladislavjakl.cz\/index.php?rest_route=\/wp\/v2\/posts\/6910\/revisions\/6911"}],"wp:attachment":[{"href":"https:\/\/www.ladislavjakl.cz\/index.php?rest_route=%2Fwp%2Fv2%2Fmedia&parent=6910"}],"wp:term":[{"taxonomy":"category","embeddable":true,"href":"https:\/\/www.ladislavjakl.cz\/index.php?rest_route=%2Fwp%2Fv2%2Fcategories&post=6910"},{"taxonomy":"post_tag","embeddable":true,"href":"https:\/\/www.ladislavjakl.cz\/index.php?rest_route=%2Fwp%2Fv2%2Ftags&post=6910"}],"curies":[{"name":"wp","href":"https:\/\/api.w.org\/{rel}","templated":true}]}}