{"id":692,"date":"2010-12-01T15:13:51","date_gmt":"2010-12-01T14:13:51","guid":{"rendered":"http:\/\/www.ladislavjakl.cz\/?p=692"},"modified":"2010-12-01T15:13:51","modified_gmt":"2010-12-01T14:13:51","slug":"jakl-zustava-v-klidu-svoboda-u-moci-no-a-co","status":"publish","type":"post","link":"https:\/\/www.ladislavjakl.cz\/?p=692","title":{"rendered":"Jakl z\u016fst\u00e1v\u00e1 v klidu: Svoboda u moci? No a co"},"content":{"rendered":"<p><strong>Bohuslav Svoboda je nov\u00fdm prim\u00e1torem. No a co? Tak by se mohl  zeptat tajemn\u00edk prezidenta Ladislav Jakl. Je to prost\u011b jenom dal\u0161\u00ed  mocensk\u00e1 struktura u moci. Nic zvl\u00e1\u0161tn\u00edho ani zaj\u00edmav\u00e9ho.<\/strong><\/p>\n<p><strong><!--more--><\/strong><\/p>\n<p>&#8222;Na\u00a0pra\u017esk\u00fd magistr\u00e1t a k m\u011bstsk\u00e9 pokladn\u011b se\u00a0prost\u011b jen cht\u011bly  dostat\u00a0jin\u00e9 mocensk\u00e9 struktury, ty\u00a0pravdol\u00e1skovsk\u00e9 havlovsk\u00e9 skupiny,  TOP 09. Do t\u011bchto projekt\u016f u\u017e\u00a0bylo nainvestov\u00e1no tolik energie, \u00fasil\u00ed a  p\u011bn\u011bz, \u017ee\u00a0bylo jasn\u00e9, \u017ee si tuhle p\u0159\u00edle\u017eitost nehodlaj\u00ed nechat uj\u00edt,&#8220;  \u0159ekl Ladislav Jakl v Ud\u00e1lostech, koment\u00e1\u0159\u00edch.<\/p>\n<p>Jestli je na magistr\u00e1tu ODS, \u010cSSD, nebo TOP 09, je podle n\u011bj v podstat\u011b  jedno. &#8222;Topka si byla tak jist\u00e1, \u017ee jej\u00ed partne\u0159i si nedovol\u00ed,  zejm\u00e9na\u00a0kv\u016fli jej\u00ed medi\u00e1ln\u00ed s\u00edle, \u017e\u00e1dnou alternativu. To se stalo, tak  te\u010f v\u0161echna ta sp\u0159\u00e1telen\u00e1 m\u00e9dia a n\u00e1tlakov\u00e9 skupiny na st\u00e1vaj\u00edc\u00ed koalici  d\u0161t\u00ed s\u00edru,&#8220; dodal Klaus\u016fv tajemn\u00edk.<\/p>\n<p><strong>Demonstrace nejsou nikdy demokratick\u00e9<\/p>\n<p><\/strong>Demonstrace p\u0159ed magistr\u00e1tem se Jaklovi nel\u00edbila. Pr\u00fd to nen\u00ed  \u017e\u00e1dn\u00fd hlas lidu, n\u00fdbr\u017e jen v\u00fdtr\u017enost. &#8222;Demonstrace nikdy nejsou  demokratick\u00e9, proto\u017ee\u00a0demokracie je proces p\u0159ij\u00edm\u00e1n\u00ed kolektivn\u00edho  rozhodnut\u00ed. Hlas lidu zazn\u011bl ve volb\u00e1ch,&#8220; podotkl.<\/p>\n<p>S\u00e1m pr\u00fd ani jednu stranu nevolil a kdyby zv\u00edt\u011bzil jeho favorit &#8211; Strana  svobodn\u00fdch ob\u010dan\u016f &#8211; \u017e\u00e1dn\u00fd podobn\u00fd probl\u00e9m by se \u0159e\u0161it nemusel.<\/p>\n<p>&#8222;Jedna v\u011bc je m\u00edt n\u011bjak\u00fd n\u00e1zor a druh\u00e1 je n\u011bjak\u00e1 n\u00e1tlakov\u00e1 zastra\u0161ovac\u00ed  akce,&#8220; zd\u016fraznil Jakl. &#8222;Pr\u016fhledn\u011bj\u0161\u00ed politika se ned\u011bl\u00e1 t\u00edm, \u017ee se  rozbije okno. Kdy\u017e na n\u011bkoho budu \u0159v\u00e1t, p\u00edskat a vyhro\u017eovat mu, tak \u017ee  ten zastupitel bude rozhodovat kr\u00e1sn\u011bji nebo\u00a0l\u00e9pe &#8211; to si snad v\u00e1\u017en\u011b  nikdo nemysl\u00ed.&#8220;<\/p>\n<p><strong><span style=\"text-decoration: underline;\">\u010ct\u011bte:<\/span><\/strong><\/p>\n<p><a href=\"http:\/\/www.parlamentnilisty.cz\/parlament\/182410.aspx\"><span style=\"color: #993300;\"><strong>H\u00e1jek k zaseknut\u00e9 Praze: Je to lyn\u010d a Havlovo absurdn\u00ed drama<\/strong><\/span><\/a><\/p>\n<p><strong><a href=\"http:\/\/www.parlamentnilisty.cz\/kraje\/praha\/182466.aspx\"><span style=\"color: #993300;\">Nov\u00fdm pra\u017esk\u00fdm prim\u00e1torem je Svoboda, T\u016fma bez hlas\u016f<\/span><\/a><\/strong><\/p>\n<p><strong><a href=\"http:\/\/www.parlamentnilisty.cz\/zpravy\/182388.aspx\"><span style=\"color: #993300;\">Dopoledne pok\u0159iky a v\u00fdtr\u017enosti, po ob\u011bd\u011b klid. Zastupitelstvo jedn\u00e1<\/span><\/a><\/strong><\/p>\n<p><em>Fotokol\u00e1\u017e: hns<\/em><\/p>\n<p>Autor: <strong>par<\/strong><\/p>\n<p><strong>Zdroj: <a href=\"http:\/\/www.parlamentnilisty.cz\/zpravy\/182484.aspx\" target=\"_blank\">ZDE<\/a><br \/>\n<\/strong><\/p>\n","protected":false},"excerpt":{"rendered":"<p>Bohuslav Svoboda je nov\u00fdm prim\u00e1torem. No a co? Tak by se mohl zeptat tajemn\u00edk prezidenta Ladislav Jakl. Je to prost\u011b jenom dal\u0161\u00ed mocensk\u00e1 struktura u moci. Nic zvl\u00e1\u0161tn\u00edho ani zaj\u00edmav\u00e9ho.<\/p>\n","protected":false},"author":1,"featured_media":0,"comment_status":"open","ping_status":"open","sticky":false,"template":"","format":"standard","meta":{"ngg_post_thumbnail":0,"footnotes":""},"categories":[11],"tags":[],"class_list":["post-692","post","type-post","status-publish","format-standard","hentry","category-ozvena"],"_links":{"self":[{"href":"https:\/\/www.ladislavjakl.cz\/index.php?rest_route=\/wp\/v2\/posts\/692","targetHints":{"allow":["GET"]}}],"collection":[{"href":"https:\/\/www.ladislavjakl.cz\/index.php?rest_route=\/wp\/v2\/posts"}],"about":[{"href":"https:\/\/www.ladislavjakl.cz\/index.php?rest_route=\/wp\/v2\/types\/post"}],"author":[{"embeddable":true,"href":"https:\/\/www.ladislavjakl.cz\/index.php?rest_route=\/wp\/v2\/users\/1"}],"replies":[{"embeddable":true,"href":"https:\/\/www.ladislavjakl.cz\/index.php?rest_route=%2Fwp%2Fv2%2Fcomments&post=692"}],"version-history":[{"count":1,"href":"https:\/\/www.ladislavjakl.cz\/index.php?rest_route=\/wp\/v2\/posts\/692\/revisions"}],"predecessor-version":[{"id":693,"href":"https:\/\/www.ladislavjakl.cz\/index.php?rest_route=\/wp\/v2\/posts\/692\/revisions\/693"}],"wp:attachment":[{"href":"https:\/\/www.ladislavjakl.cz\/index.php?rest_route=%2Fwp%2Fv2%2Fmedia&parent=692"}],"wp:term":[{"taxonomy":"category","embeddable":true,"href":"https:\/\/www.ladislavjakl.cz\/index.php?rest_route=%2Fwp%2Fv2%2Fcategories&post=692"},{"taxonomy":"post_tag","embeddable":true,"href":"https:\/\/www.ladislavjakl.cz\/index.php?rest_route=%2Fwp%2Fv2%2Ftags&post=692"}],"curies":[{"name":"wp","href":"https:\/\/api.w.org\/{rel}","templated":true}]}}