{"id":6932,"date":"2016-04-27T08:41:43","date_gmt":"2016-04-27T06:41:43","guid":{"rendered":"http:\/\/www.ladislavjakl.cz\/?p=6932"},"modified":"2016-04-27T08:41:43","modified_gmt":"2016-04-27T06:41:43","slug":"stanovisko-ivk-ke-dni-21-4-2016-trinact-tisic-novych-uredniku-protoze-stat-si-nabira-nove-a-nove-kompetence","status":"publish","type":"post","link":"https:\/\/www.ladislavjakl.cz\/?p=6932","title":{"rendered":"Stanovisko IVK ke dni 21. 4. 2016: T\u0159in\u00e1ct tis\u00edc nov\u00fdch \u00fa\u0159edn\u00edk\u016f. Proto\u017ee st\u00e1t si nab\u00edr\u00e1 nov\u00e9 a nov\u00e9 kompetence."},"content":{"rendered":"<p>Po\u010det \u00fa\u0159edn\u00edk\u016f a dal\u0161\u00edch st\u00e1tn\u00edch zam\u011bstnanc\u016f m\u00e1 letos nar\u016fst o\u00a013\u00a0tis\u00edc. St\u00e1t tak op\u011bt narostl a podra\u017eil. Navzdory uji\u0161\u0165ov\u00e1n\u00ed nov\u00e9 vl\u00e1dnouc\u00ed garnitury st\u00e1tn\u00ed spr\u00e1va ne\u0161et\u0159\u00ed, nezvy\u0161uje efektivitu, neze\u0161t\u00edhluje, ale naopak mohutn\u00ed a bobtn\u00e1.<\/p>\n<p><!--more--><\/p>\n<p>Na mzdy st\u00e1tn\u00edch zam\u011bstnanc\u016f pro leto\u0161n\u00ed rok st\u00e1tn\u00ed rozpo\u010det ur\u010dil \u010d\u00e1stku o 10 mld. vy\u0161\u0161\u00ed ne\u017e v\u00a0roce 2015 (ze 139 na 149 mld.). N\u011bkter\u00e9 v\u00fddaje jsou dopadem z\u00e1konn\u00fdch \u00faprav (i kdy\u017e velmi sporn\u00fdch), nap\u0159\u00edklad slu\u017eebn\u00ed z\u00e1kon p\u0159in\u00e1\u0161\u00ed st\u00e1tu povinnost zv\u00fd\u0161it platy zam\u011bstnanc\u016f silov\u00fdch slo\u017eek o 4.5 mld. a \u00fa\u0159edn\u00edci si zase polep\u0161\u00ed d\u00edky z\u00e1konu o st\u00e1tn\u00ed slu\u017eb\u011b, tak\u017ee jde sv\u00e9ho druhu o (nevynucen\u00e9) mandatorn\u00ed v\u00fddaje. Z\u00e1sadn\u011bj\u0161\u00ed jsou sp\u00ed\u0161e nov\u00e9 n\u00e1klady jin\u00e9ho typu, a to nejen letos, proto\u017ee za posledn\u00edch p\u011bt let se mzdov\u00e9 v\u00fddaje st\u00e1tn\u00edch zam\u011bstnanc\u016f zv\u00fd\u0161ily o 10 procent.<\/p>\n<p>Nejviditeln\u011bj\u0161\u00ed n\u00e1r\u016fsty zam\u011bstnanc\u016f jsou na ministerstvu financ\u00ed kv\u016fli elektronick\u00e9 evidenci tr\u017eeb (zat\u00edm 354) a na soudech (468). Nov\u00e1 m\u00edsta vzniknou v\u00a0\u010cesk\u00e9 inspekci \u017eivotn\u00edho prost\u0159ed\u00ed, aby dohl\u00ed\u017eitel\u00e9 mohli prov\u00e1d\u011bt v\u00edce a v\u00edce kontrol, v\u011bt\u0161\u00ed po\u010det kontrol tak\u00e9 chyst\u00e1 ER\u00da, co\u017e tak\u00e9 p\u0159inese nutnost nov\u00fdch kontrolor\u016f, dal\u0161\u00ed p\u0159ibydou i na St\u00e1tn\u00ed zem\u011bd\u011blsk\u00e9 a potravin\u00e1\u0159sk\u00e9 inspekci.<\/p>\n<p>Stesky na n\u00e1kladnost provozu st\u00e1tn\u00edch instituc\u00ed jsou p\u0159itom jedn\u00edm z\u00a0nej\u010dast\u011bj\u0161\u00edch t\u00e9mat debat mezi lidmi. Pro\u010d je ale re\u00e1ln\u00e1 tendence p\u0159\u00edmo opa\u010dn\u00e1? Ob\u00e1v\u00e1m se, \u017ee p\u0159edev\u0161\u00edm proto, \u017ee si ob\u010dan\u00e9 mocn\u011bj\u0161\u00ed a tady i dra\u017e\u0161\u00ed st\u00e1t sami objedn\u00e1vaj\u00ed. Ve stejn\u00e9 v\u011bt\u011b, ve kter\u00e9 si st\u011b\u017euj\u00ed na vyhozen\u00e9 pen\u00edze na platy zbyte\u010dn\u00fdch \u00fa\u0159edn\u00edk\u016f, jsou toti\u017e schopni po\u017eadovat v\u011bt\u0161\u00ed kontrolu toho a toho, po\u017eaduj\u00ed st\u00e1tn\u00ed z\u00e1sahy regulace tam a tam. Pak by se nem\u011bli divit, \u017ee st\u00e1t takov\u00e9 vol\u00e1n\u00ed ochotn\u011b vysly\u0161\u00ed a p\u0159ibere si novou kompetenci, ke kter\u00e9 bude pochopiteln\u011b pot\u0159ebovat dal\u0161\u00ed \u00fa\u0159ady, \u00fa\u0159edn\u00edky a platy.<\/p>\n<p>A\u017e zase bude n\u011bkdo slibovat sn\u00ed\u017een\u00ed po\u010dtu \u00fa\u0159edn\u00edk\u016f a \u0161et\u0159en\u00ed na mzd\u00e1ch p\u0159ebujel\u00e9ho st\u00e1tu, ptejme se ho, kterou kompetenci by st\u00e1tn\u00edm instituc\u00edm odebral. Pokud na to neodpov\u00ed a bude pokra\u010dovat v\u00a0obecn\u00fdch \u0159e\u010dech o \u0161et\u0159en\u00ed a efektivit\u011b ve st\u00e1tn\u00ed spr\u00e1v\u011b, nev\u011b\u0159me mu.<\/p>\n<p><em>Ladislav Jakl<\/em><\/p>\n","protected":false},"excerpt":{"rendered":"<p>Po\u010det \u00fa\u0159edn\u00edk\u016f a dal\u0161\u00edch st\u00e1tn\u00edch zam\u011bstnanc\u016f m\u00e1 letos nar\u016fst o\u00a013\u00a0tis\u00edc. St\u00e1t tak op\u011bt narostl a podra\u017eil. Navzdory uji\u0161\u0165ov\u00e1n\u00ed nov\u00e9 vl\u00e1dnouc\u00ed garnitury st\u00e1tn\u00ed spr\u00e1va ne\u0161et\u0159\u00ed, nezvy\u0161uje efektivitu, neze\u0161t\u00edhluje, ale naopak mohutn\u00ed a bobtn\u00e1.<\/p>\n","protected":false},"author":1,"featured_media":0,"comment_status":"open","ping_status":"open","sticky":false,"template":"","format":"standard","meta":{"ngg_post_thumbnail":0,"footnotes":""},"categories":[1],"tags":[],"class_list":["post-6932","post","type-post","status-publish","format-standard","hentry","category-publikovane-clanky"],"_links":{"self":[{"href":"https:\/\/www.ladislavjakl.cz\/index.php?rest_route=\/wp\/v2\/posts\/6932","targetHints":{"allow":["GET"]}}],"collection":[{"href":"https:\/\/www.ladislavjakl.cz\/index.php?rest_route=\/wp\/v2\/posts"}],"about":[{"href":"https:\/\/www.ladislavjakl.cz\/index.php?rest_route=\/wp\/v2\/types\/post"}],"author":[{"embeddable":true,"href":"https:\/\/www.ladislavjakl.cz\/index.php?rest_route=\/wp\/v2\/users\/1"}],"replies":[{"embeddable":true,"href":"https:\/\/www.ladislavjakl.cz\/index.php?rest_route=%2Fwp%2Fv2%2Fcomments&post=6932"}],"version-history":[{"count":1,"href":"https:\/\/www.ladislavjakl.cz\/index.php?rest_route=\/wp\/v2\/posts\/6932\/revisions"}],"predecessor-version":[{"id":6933,"href":"https:\/\/www.ladislavjakl.cz\/index.php?rest_route=\/wp\/v2\/posts\/6932\/revisions\/6933"}],"wp:attachment":[{"href":"https:\/\/www.ladislavjakl.cz\/index.php?rest_route=%2Fwp%2Fv2%2Fmedia&parent=6932"}],"wp:term":[{"taxonomy":"category","embeddable":true,"href":"https:\/\/www.ladislavjakl.cz\/index.php?rest_route=%2Fwp%2Fv2%2Fcategories&post=6932"},{"taxonomy":"post_tag","embeddable":true,"href":"https:\/\/www.ladislavjakl.cz\/index.php?rest_route=%2Fwp%2Fv2%2Ftags&post=6932"}],"curies":[{"name":"wp","href":"https:\/\/api.w.org\/{rel}","templated":true}]}}