{"id":6965,"date":"2016-05-04T08:34:58","date_gmt":"2016-05-04T06:34:58","guid":{"rendered":"http:\/\/www.ladislavjakl.cz\/?p=6965"},"modified":"2016-05-04T08:34:58","modified_gmt":"2016-05-04T06:34:58","slug":"stanovisko-ivk-ke-dni-29-4-2016-je-namiste-ceske-sebemrskacstvi","status":"publish","type":"post","link":"https:\/\/www.ladislavjakl.cz\/?p=6965","title":{"rendered":"Stanovisko IVK ke dni 29. 4. 2016: Je nam\u00edst\u011b \u010desk\u00e9 sebemrska\u010dstv\u00ed?"},"content":{"rendered":"<p>Jako kdyby to bylo v\u00a0\u010desk\u00e9 povaze u\u017e zak\u00f3dov\u00e1no. Nebo alespo\u0148 v\u00a0\u010desk\u00e9m hlavn\u00edm medi\u00e1ln\u00edm proudu. Jsme zaostal\u00ed, chud\u00ed, neschopn\u00ed, nepo\u0159\u00e1dn\u00ed. Na z\u00e1pad\u011b od n\u00e1s v\u0161e funguje, m\u016f\u017eeme jim jen z\u00e1vid\u011bt, a \u017eivotn\u00ed \u00farove\u0148 p\u0159edev\u0161\u00edm. Ale co na to fakta?<img decoding=\"async\" class=\"mce-wp-more mceItemNoResize\" title=\"Cel\u00fd p\u0159\u00edsp\u011bvek...\" src=\"http:\/\/www.antimeloun.cz\/wp-includes\/js\/tinymce\/plugins\/wordpress\/img\/trans.gif\" alt=\"\" \/><\/p>\n<p><!--more--><\/p>\n<p>T\u00fdden\u00edk Ekonom vydal ve sv\u00e9m 16. \u010d\u00edsle \u00fadaje za lo\u0148sk\u00fd rok, zve\u0159ejn\u011bn\u00e9 Eurostatem. T\u00fdkaj\u00ed se procenta lid\u00ed v\u00a0jednotliv\u00fdch zem\u00edch, kte\u0159\u00ed materi\u00e1ln\u011b str\u00e1daj\u00ed. Ale pozor, ne pod\u00edlu lid\u00ed, kte\u0159\u00ed to o sob\u011b tvrd\u00ed, ale pod\u00edlu lid\u00ed klasifikovan\u00fdch jako str\u00e1daj\u00edc\u00ed podle konkr\u00e9tn\u00ed a srovnateln\u00e9 metodiky.<\/p>\n<p>Podle n\u00ed str\u00e1d\u00e1 ten, kdo nem\u00e1 na t\u00fddenn\u00ed dovolenou, nem\u016f\u017ee si dovolit maso ka\u017ed\u00fd druh\u00fd den, nem\u00e1 pra\u010dku, televizi, telefon a nen\u00ed schopen zaplatit neo\u010dek\u00e1van\u00e9 v\u00fddaje. Tyto znaky musej\u00ed b\u00fdt napln\u011bny v\u0161echny najednou, pokud m\u00e1me doty\u010dn\u00e9ho v\u00a0r\u00e1mci statistiky Eurostatu ozna\u010dit za str\u00e1daj\u00edc\u00edho.<\/p>\n<p>A jak na tom tedy v\u00a0r\u00e1mci zem\u00ed EU jsme? Z\u00a028 \u010dlensk\u00fdch zem\u00ed m\u00e1me procento lid\u00ed takto za\u0159azen\u00fdch 10. nejni\u017e\u0161\u00ed, konkr\u00e9tn\u011b 5,2 %. Jen t\u011bsn\u011b p\u0159ed n\u00e1mi je na dev\u00e1t\u00e9m m\u00edst\u011b N\u011bmecko s\u00a0rovn\u00fdmi p\u011bti procenty (to dodalo data jen za rok 2014).<\/p>\n<p>A kdo je na tom h\u016f\u0159e ne\u017e my? Jen tzv. nov\u00e9 zem\u011b EU? Omyl. Za n\u00e1mi je celkem nep\u0159ekvapiv\u011b \u0158ecko (22,2 %), d\u00e1le Kypr (15,3\u00a0%), It\u00e1lie (11,5 %), Portugalsko (9,6 %), p\u0159ekvapiv\u011b i Irsko (8,4 %), Malta (8,1 %), \u0160pan\u011blsko (6,4 %) \u010di Velk\u00e1 Brit\u00e1nie (6,1 %). \u017de je za n\u00e1mi i srdce EU Belgie (5,8 %), to m\u011b \u2013 vzhledem k\u00a0tomu, \u017ee jsem tam minul\u00fd t\u00fdden str\u00e1vil \u010dty\u0159i dny \u2013 ani neudivuje.<\/p>\n<p>Je tedy d\u016fvod k\u00a0neust\u00e1l\u00e9mu sebemrska\u010dstv\u00ed a na\u0159\u00edk\u00e1n\u00ed? Mimochodem, pat\u0159\u00edme mezi velmi \u00fazk\u00fd okruh zem\u00ed EU, ze kter\u00fdch nouze nevyh\u00e1n\u00ed podstatnou \u010d\u00e1st populace za prac\u00ed do zahrani\u010d\u00ed. To by ale byla u\u017e jin\u00e1 statistika. Pro dne\u0161n\u00ed lep\u0161\u00ed n\u00e1ladu n\u00e1m posta\u010d\u00ed tato.<\/p>\n<p><em>Ladislav Jakl<\/em><\/p>\n<p><a href=\"http:\/\/www.institutvk.cz\/stanovisko-ivk-ke-dni-29-4-2016-je-namiste-ceske-sebemrskacstvi\">Zdroj<\/a><\/p>\n","protected":false},"excerpt":{"rendered":"<p>Jako kdyby to bylo v\u00a0\u010desk\u00e9 povaze u\u017e zak\u00f3dov\u00e1no. Nebo alespo\u0148 v\u00a0\u010desk\u00e9m hlavn\u00edm medi\u00e1ln\u00edm proudu. Jsme zaostal\u00ed, chud\u00ed, neschopn\u00ed, nepo\u0159\u00e1dn\u00ed. Na z\u00e1pad\u011b od n\u00e1s v\u0161e funguje, m\u016f\u017eeme jim jen z\u00e1vid\u011bt, a \u017eivotn\u00ed \u00farove\u0148 p\u0159edev\u0161\u00edm. Ale co na to fakta?<\/p>\n","protected":false},"author":1,"featured_media":0,"comment_status":"open","ping_status":"open","sticky":false,"template":"","format":"standard","meta":{"ngg_post_thumbnail":0,"footnotes":""},"categories":[1],"tags":[],"class_list":["post-6965","post","type-post","status-publish","format-standard","hentry","category-publikovane-clanky"],"_links":{"self":[{"href":"https:\/\/www.ladislavjakl.cz\/index.php?rest_route=\/wp\/v2\/posts\/6965","targetHints":{"allow":["GET"]}}],"collection":[{"href":"https:\/\/www.ladislavjakl.cz\/index.php?rest_route=\/wp\/v2\/posts"}],"about":[{"href":"https:\/\/www.ladislavjakl.cz\/index.php?rest_route=\/wp\/v2\/types\/post"}],"author":[{"embeddable":true,"href":"https:\/\/www.ladislavjakl.cz\/index.php?rest_route=\/wp\/v2\/users\/1"}],"replies":[{"embeddable":true,"href":"https:\/\/www.ladislavjakl.cz\/index.php?rest_route=%2Fwp%2Fv2%2Fcomments&post=6965"}],"version-history":[{"count":1,"href":"https:\/\/www.ladislavjakl.cz\/index.php?rest_route=\/wp\/v2\/posts\/6965\/revisions"}],"predecessor-version":[{"id":6966,"href":"https:\/\/www.ladislavjakl.cz\/index.php?rest_route=\/wp\/v2\/posts\/6965\/revisions\/6966"}],"wp:attachment":[{"href":"https:\/\/www.ladislavjakl.cz\/index.php?rest_route=%2Fwp%2Fv2%2Fmedia&parent=6965"}],"wp:term":[{"taxonomy":"category","embeddable":true,"href":"https:\/\/www.ladislavjakl.cz\/index.php?rest_route=%2Fwp%2Fv2%2Fcategories&post=6965"},{"taxonomy":"post_tag","embeddable":true,"href":"https:\/\/www.ladislavjakl.cz\/index.php?rest_route=%2Fwp%2Fv2%2Ftags&post=6965"}],"curies":[{"name":"wp","href":"https:\/\/api.w.org\/{rel}","templated":true}]}}