{"id":6967,"date":"2016-05-10T14:27:39","date_gmt":"2016-05-10T12:27:39","guid":{"rendered":"http:\/\/www.ladislavjakl.cz\/?p=6967"},"modified":"2016-05-10T14:31:07","modified_gmt":"2016-05-10T12:31:07","slug":"pojdte-se-mnou-na-dobre-pivo","status":"publish","type":"post","link":"https:\/\/www.ladislavjakl.cz\/?p=6967","title":{"rendered":"Poj\u010fte se mnou na dobr\u00e9 pivo!"},"content":{"rendered":"<p><img loading=\"lazy\" decoding=\"async\" class=\"alignleft wp-image-6969 size-thumbnail\" src=\"https:\/\/www.ladislavjakl.cz\/wp-content\/uploads\/2016\/05\/pivnimozajka-150x150.png\" alt=\"pivnimozajka\" width=\"150\" height=\"150\" \/>Chcete si u\u017e\u00edt zaj\u00edmav\u00fd ve\u010der s\u00a0unik\u00e1tn\u00edmi pivy a zasv\u011bcen\u00fdm v\u00fdkladem pivn\u00edho someli\u00e9ra Ladislava Jakla? Pak k\u00a0tomu m\u00e1te unik\u00e1tn\u00ed p\u0159\u00edle\u017eitost 18. kv\u011btna 2016 v\u00a0pivot\u00e9ce Pivn\u00ed mozaika v\u00a0K\u0159i\u017e\u00edkov\u011b ulici v\u00a0Karl\u00edn\u011b od 18 hodin. Podm\u00ednkou je registrovat se do 16. kv\u011btna na <a href=\"http:\/\/www.pivnimozaika.cz\">www.pivnimozaika.cz<\/a>.<\/p>\n<p><!--more--><\/p>\n<p><a href=\"https:\/\/www.ladislavjakl.cz\/wp-content\/uploads\/2016\/05\/pivnimozajka.png\"><img loading=\"lazy\" decoding=\"async\" class=\"alignnone wp-image-6969 size-medium\" src=\"https:\/\/www.ladislavjakl.cz\/wp-content\/uploads\/2016\/05\/pivnimozajka-264x270.png\" alt=\"pivnimozajka\" width=\"264\" height=\"270\" srcset=\"https:\/\/www.ladislavjakl.cz\/wp-content\/uploads\/2016\/05\/pivnimozajka-264x270.png 264w, https:\/\/www.ladislavjakl.cz\/wp-content\/uploads\/2016\/05\/pivnimozajka.png 507w\" sizes=\"auto, (max-width: 264px) 100vw, 264px\" \/><\/a><\/p>\n","protected":false},"excerpt":{"rendered":"<p>Chcete si u\u017e\u00edt zaj\u00edmav\u00fd ve\u010der s\u00a0unik\u00e1tn\u00edmi pivy a zasv\u011bcen\u00fdm v\u00fdkladem pivn\u00edho someli\u00e9ra Ladislava Jakla? Pak k\u00a0tomu m\u00e1te unik\u00e1tn\u00ed p\u0159\u00edle\u017eitost 18. kv\u011btna 2016 v\u00a0pivot\u00e9ce Pivn\u00ed mozaika v\u00a0K\u0159i\u017e\u00edkov\u011b ulici v\u00a0Karl\u00edn\u011b od 18 hodin. Podm\u00ednkou je registrovat se do 16. kv\u011btna na www.pivnimozaika.cz.<\/p>\n","protected":false},"author":1,"featured_media":0,"comment_status":"open","ping_status":"open","sticky":false,"template":"","format":"standard","meta":{"ngg_post_thumbnail":0,"footnotes":""},"categories":[20],"tags":[],"class_list":["post-6967","post","type-post","status-publish","format-standard","hentry","category-pivo"],"_links":{"self":[{"href":"https:\/\/www.ladislavjakl.cz\/index.php?rest_route=\/wp\/v2\/posts\/6967","targetHints":{"allow":["GET"]}}],"collection":[{"href":"https:\/\/www.ladislavjakl.cz\/index.php?rest_route=\/wp\/v2\/posts"}],"about":[{"href":"https:\/\/www.ladislavjakl.cz\/index.php?rest_route=\/wp\/v2\/types\/post"}],"author":[{"embeddable":true,"href":"https:\/\/www.ladislavjakl.cz\/index.php?rest_route=\/wp\/v2\/users\/1"}],"replies":[{"embeddable":true,"href":"https:\/\/www.ladislavjakl.cz\/index.php?rest_route=%2Fwp%2Fv2%2Fcomments&post=6967"}],"version-history":[{"count":4,"href":"https:\/\/www.ladislavjakl.cz\/index.php?rest_route=\/wp\/v2\/posts\/6967\/revisions"}],"predecessor-version":[{"id":6972,"href":"https:\/\/www.ladislavjakl.cz\/index.php?rest_route=\/wp\/v2\/posts\/6967\/revisions\/6972"}],"wp:attachment":[{"href":"https:\/\/www.ladislavjakl.cz\/index.php?rest_route=%2Fwp%2Fv2%2Fmedia&parent=6967"}],"wp:term":[{"taxonomy":"category","embeddable":true,"href":"https:\/\/www.ladislavjakl.cz\/index.php?rest_route=%2Fwp%2Fv2%2Fcategories&post=6967"},{"taxonomy":"post_tag","embeddable":true,"href":"https:\/\/www.ladislavjakl.cz\/index.php?rest_route=%2Fwp%2Fv2%2Ftags&post=6967"}],"curies":[{"name":"wp","href":"https:\/\/api.w.org\/{rel}","templated":true}]}}