{"id":698,"date":"2010-12-08T08:31:58","date_gmt":"2010-12-08T07:31:58","guid":{"rendered":"http:\/\/www.ladislavjakl.cz\/?p=698"},"modified":"2010-12-08T08:31:58","modified_gmt":"2010-12-08T07:31:58","slug":"ct-trapi-sledovanost-zruste-se-nikomu-byste-nechybeli-radi-jakl","status":"publish","type":"post","link":"https:\/\/www.ladislavjakl.cz\/?p=698","title":{"rendered":"\u010cT tr\u00e1p\u00ed sledovanost. Zru\u0161te se, nikomu byste nechyb\u011bli, rad\u00ed Jakl"},"content":{"rendered":"<p><strong>Zam\u011bstnanc\u016fm \u010cesk\u00e9 televize za\u010d\u00edn\u00e1 b\u00fdt z\u0159ejm\u011b horko. Hroz\u00ed toti\u017e, \u017ee kv\u016fli \u00fabytku sledovanosti mnoz\u00ed z nich instituci opust\u00ed.<\/strong><\/p>\n<p align=\"justify\"><strong><!--more--><\/strong>\u010cesk\u00e1 televize se pot\u00fdk\u00e1 s velk\u00fdmi probl\u00e9my. Nejen, \u017ee 150 um\u011blc\u016f  podepsalo dopis, kter\u00fd si st\u011b\u017euje na jej\u00ed program, hospoda\u0159en\u00ed i veden\u00ed,  ale ub\u00fdv\u00e1 j\u00ed i div\u00e1k\u016f.<\/p>\n<p align=\"justify\">Nejmarkantn\u011bj\u0161\u00ed \u00fabytek\u00a0sledovanosti je patrn\u00fd u hlavn\u00ed zpravodajsk\u00e9  relace Ud\u00e1losti. Tu nyn\u00ed ve sledovanosti p\u0159edstihla i televize Prima, na  ni\u017e se v minulosti v\u017edy d\u00edvalo m\u00e9n\u011b lid\u00ed ne\u017e na zpr\u00e1vy \u010cesk\u00e9 televize.<\/p>\n<p align=\"justify\"><strong>PETICE um\u011blc\u016f kritizuj\u00edc\u00edch situaci v \u010cT<\/strong> <a href=\"http:\/\/www.parlamentnilisty.cz\/profily-sprava\/\/user-data\/06B091AE\/file\/20972-%C4%8CT%20otev%C5%99en%C3%BD%20dopis.pdf\" target=\"_blank\"><strong><span style=\"color: #993300;\">ZDE<\/span><\/strong><\/a><\/p>\n<p align=\"justify\"><strong>Na Ud\u00e1losti u\u017e nikdo nekouk\u00e1<\/strong><\/p>\n<p align=\"justify\">T\u0159eba minul\u00fd t\u00fdden sledovalo Ud\u00e1losti \u010cT pouze 688 tis\u00edc lid\u00ed, zat\u00edmco Zpr\u00e1vy TV Prima si pustilo 910 tis\u00edc \u010cech\u016f.<\/p>\n<p align=\"justify\">A pr\u00e1v\u011b v souvislosti s \u00fabytkem div\u00e1k\u016f mo\u017en\u00e1 v Ud\u00e1lostech dojde ke  zm\u011bn\u00e1m. Z obrazovky by tak mohla zmizet t\u0159eba moder\u00e1torka Jolana  Vold\u00e1nov\u00e1.<\/p>\n<p align=\"justify\"><strong>Pry\u010d\u00a0s Vold\u00e1novou<\/strong><\/p>\n<p align=\"justify\">&#8222;Ud\u00e1losti pot\u0159ebuj\u00ed zm\u011bnu. A mo\u017en\u00e1 je t\u0159eba i zamyslet nad nov\u00fdmi  tv\u00e1\u0159emi &#8211; t\u0159eba Jolana Vold\u00e1nov\u00e1 je moderuje u\u017e 15 let,&#8220; sd\u011blila  nap\u0159\u00edklad den\u00edku Blesk \u010dlenka Rady \u010cT Dana Eklov\u00e1.<\/p>\n<p align=\"justify\">B\u00fdval\u00fd \u0159editel zpravodajstv\u00ed \u010cT Zden\u011bk \u0160\u00e1mal, kter\u00fd nyn\u00ed vede tuto oblast na konkuren\u010dn\u00ed Z1 s n\u00ed ale nesouhlas\u00ed.<\/p>\n<p align=\"justify\"><strong>\u0160\u00e1malovy fotogenick\u00e9 hlouposti<\/strong><\/p>\n<p align=\"justify\">&#8222;V\u00fdm\u011bny moder\u00e1tor\u016f, sledovanosti relac\u00ed a podobn\u00e9 v\u011bci jsou fotogenick\u00e1  hloupost,&#8220; \u0159ekl Parlamentn\u00edmList\u016fm.cz s t\u00edm, \u017ee ze sv\u00e9 pozice nechce  dal\u0161\u00ed d\u011bn\u00ed v \u010cT, nap\u0159\u00edklad pozici \u0159editele Ji\u0159\u00edho Jane\u010dka, jakkoliv  komentovat.<\/p>\n<p align=\"justify\">A ke kritik\u016fm ve\u0159ejnopr\u00e1vn\u00ed televize se dlouhodob\u011b stav\u00ed tak\u00e9 tajemn\u00edk prezidenta republiky Ladislav Jakl.<\/p>\n<p align=\"justify\"><strong>Podle Jakla by \u010cT nikomu nechyb\u011bla<\/strong><\/p>\n<p align=\"justify\">&#8222;Pro existenci \u010cesk\u00e9 televize nen\u00ed \u017e\u00e1dn\u00fd d\u016fvod. St\u00e1tn\u00ed noviny tak\u00e9 \u017e\u00e1dn\u00e9  nem\u00e1me a nikomu nechyb\u011bj\u00ed. Kdyby \u010cesk\u00e1 televize neexistovala, tak\u00e9 by  nikomu nechyb\u011bla,&#8220; sd\u011blil\u00a0lapid\u00e1rn\u011b Parlamentn\u00edmList\u016fm.cz.<\/p>\n<p align=\"justify\">Probl\u00e9m podle n\u011bho nespo\u010d\u00edv\u00e1\u00a0ani tak ve \u0161patn\u00e9m person\u00e1ln\u00edm obsazen\u00ed \u010cT, jako v samotn\u00e9m principu existence st\u00e1tn\u00ed televize.<\/p>\n<p align=\"justify\">A na tu nar\u00e1\u017e\u00ed pr\u00e1v\u011b i dopis signovan\u00fd des\u00edtkami um\u011blc\u016f. Podle nich m\u00e1\u00a0  &#8222;tristn\u00ed program&#8220;. Ten v\u0161ak a\u017e na hlavn\u00ed zpravodajskou relaci st\u00e1le  t\u00e1hne. Nap\u0159\u00edklad ned\u011bln\u00ed s\u00e9rie Ach, ty vra\u017edy, v n\u00ed\u017e hlavn\u00ed roli  ztv\u00e1rnila Ji\u0159ina Bohdalov\u00e1, co se t\u00fd\u010de sledovanosti s p\u0159evahou porazila  komer\u010dn\u00ed Talentm\u00e1nii TV Nova.<\/p>\n<p align=\"justify\">A \u00fasp\u011bch slav\u00ed i dal\u0161\u00ed p\u016fvodn\u00ed tvorba \u010cesk\u00e9 televize &#8211; t\u0159eba po\u0159ad Po\u0161ta  pro Tebe, v n\u011bm\u017e div\u00e1ci hledaj\u00ed sv\u00e9 p\u0159ed lety &#8222;ztracen\u00e9&#8220; p\u0159\u00edbuzn\u00e9 \u010di  p\u0159\u00e1tele.<\/p>\n<p align=\"justify\"><strong>Pades\u00e1tn\u00edky \u010cT zaj\u00edm\u00e1<\/strong><\/p>\n<p align=\"justify\">&#8222;Pokud se pod\u00edv\u00e1me na c\u00edlovou skupinu, jsou to mnohdy lid\u00e9 nad 50 let.  To je men\u0161inov\u00e1 skupina, kter\u00e1 komer\u010dn\u00ed stanice zas a\u017e tak nezaj\u00edm\u00e1,&#8220;  vysv\u011btlil redakci medi\u00e1ln\u00ed analytik Milan Kruml d\u016fvod div\u00e1ck\u00e9ho \u00fasp\u011bchu  tohoto po\u0159adu.<\/p>\n<p align=\"justify\">V souvislosti s aktu\u00e1ln\u00edm d\u011bn\u00edm v \u010cesk\u00e9 televize se \u010dasto spekuluje o  tom, \u017ee by z jej\u00edho \u010dela m\u011bl odej\u00edt sou\u010dasn\u00fd \u0161\u00e9f Ji\u0159\u00ed Jane\u010dek. Ten je  \u010dasto kritizovan\u00fd zejm\u00e9na kv\u016fli milionov\u00fdm odm\u011bn\u00e1m, kter\u00e9 si pr\u00fd  nezaslou\u017e\u00ed.<\/p>\n<p align=\"justify\"><a href=\"http:\/\/www.parlamentnilisty.cz\/zpravy\/182678.aspx\" target=\"_blank\">ZDROJ<\/a><\/p>\n","protected":false},"excerpt":{"rendered":"<p>Zam\u011bstnanc\u016fm \u010cesk\u00e9 televize za\u010d\u00edn\u00e1 b\u00fdt z\u0159ejm\u011b horko. Hroz\u00ed toti\u017e, \u017ee kv\u016fli \u00fabytku sledovanosti mnoz\u00ed z nich instituci opust\u00ed.<\/p>\n","protected":false},"author":1,"featured_media":0,"comment_status":"open","ping_status":"open","sticky":false,"template":"","format":"standard","meta":{"ngg_post_thumbnail":0,"footnotes":""},"categories":[11],"tags":[],"class_list":["post-698","post","type-post","status-publish","format-standard","hentry","category-ozvena"],"_links":{"self":[{"href":"https:\/\/www.ladislavjakl.cz\/index.php?rest_route=\/wp\/v2\/posts\/698","targetHints":{"allow":["GET"]}}],"collection":[{"href":"https:\/\/www.ladislavjakl.cz\/index.php?rest_route=\/wp\/v2\/posts"}],"about":[{"href":"https:\/\/www.ladislavjakl.cz\/index.php?rest_route=\/wp\/v2\/types\/post"}],"author":[{"embeddable":true,"href":"https:\/\/www.ladislavjakl.cz\/index.php?rest_route=\/wp\/v2\/users\/1"}],"replies":[{"embeddable":true,"href":"https:\/\/www.ladislavjakl.cz\/index.php?rest_route=%2Fwp%2Fv2%2Fcomments&post=698"}],"version-history":[{"count":1,"href":"https:\/\/www.ladislavjakl.cz\/index.php?rest_route=\/wp\/v2\/posts\/698\/revisions"}],"predecessor-version":[{"id":699,"href":"https:\/\/www.ladislavjakl.cz\/index.php?rest_route=\/wp\/v2\/posts\/698\/revisions\/699"}],"wp:attachment":[{"href":"https:\/\/www.ladislavjakl.cz\/index.php?rest_route=%2Fwp%2Fv2%2Fmedia&parent=698"}],"wp:term":[{"taxonomy":"category","embeddable":true,"href":"https:\/\/www.ladislavjakl.cz\/index.php?rest_route=%2Fwp%2Fv2%2Fcategories&post=698"},{"taxonomy":"post_tag","embeddable":true,"href":"https:\/\/www.ladislavjakl.cz\/index.php?rest_route=%2Fwp%2Fv2%2Ftags&post=698"}],"curies":[{"name":"wp","href":"https:\/\/api.w.org\/{rel}","templated":true}]}}