{"id":6980,"date":"2016-05-13T08:45:55","date_gmt":"2016-05-13T06:45:55","guid":{"rendered":"http:\/\/www.ladislavjakl.cz\/?p=6980"},"modified":"2016-05-17T08:51:15","modified_gmt":"2016-05-17T06:51:15","slug":"cheb-1957-muj-dnes-uz-nestojici-rodny-dum-ten-zcasti-kryty-stromem-rodna-okna-ve-tretim-patre","status":"publish","type":"post","link":"https:\/\/www.ladislavjakl.cz\/?p=6980","title":{"rendered":"Cheb, 1957, m\u016fj (dnes u\u017e nestoj\u00edc\u00ed) rodn\u00fd d\u016fm (ten z\u010d\u00e1sti kryt\u00fd stromem). Rodn\u00e1 okna ve t\u0159et\u00edm pat\u0159e."},"content":{"rendered":"<p><!--more--><br \/>\n<a href=\"https:\/\/www.ladislavjakl.cz\/wp-content\/uploads\/2016\/05\/336.jpg\"><img loading=\"lazy\" decoding=\"async\" class=\"alignnone wp-image-6981 size-medium\" src=\"https:\/\/www.ladislavjakl.cz\/wp-content\/uploads\/2016\/05\/336-264x174.jpg\" alt=\"Cheb, 1957, m\u016fj (dnes u\u017e nestoj\u00edc\u00ed) rodn\u00fd d\u016fm (ten z\u010d\u00e1sti kryt\u00fd stromem). Rodn\u00e1 okna ve t\u0159et\u00edm pat\u0159e.\" width=\"264\" height=\"174\" srcset=\"https:\/\/www.ladislavjakl.cz\/wp-content\/uploads\/2016\/05\/336-264x174.jpg 264w, https:\/\/www.ladislavjakl.cz\/wp-content\/uploads\/2016\/05\/336-900x594.jpg 900w, https:\/\/www.ladislavjakl.cz\/wp-content\/uploads\/2016\/05\/336.jpg 1010w\" sizes=\"auto, (max-width: 264px) 100vw, 264px\" \/><\/a><\/p>\n","protected":false},"excerpt":{"rendered":"","protected":false},"author":1,"featured_media":0,"comment_status":"open","ping_status":"open","sticky":false,"template":"","format":"standard","meta":{"ngg_post_thumbnail":0,"footnotes":""},"categories":[16],"tags":[],"class_list":["post-6980","post","type-post","status-publish","format-standard","hentry","category-fotky-pro-vcerejsek"],"_links":{"self":[{"href":"https:\/\/www.ladislavjakl.cz\/index.php?rest_route=\/wp\/v2\/posts\/6980","targetHints":{"allow":["GET"]}}],"collection":[{"href":"https:\/\/www.ladislavjakl.cz\/index.php?rest_route=\/wp\/v2\/posts"}],"about":[{"href":"https:\/\/www.ladislavjakl.cz\/index.php?rest_route=\/wp\/v2\/types\/post"}],"author":[{"embeddable":true,"href":"https:\/\/www.ladislavjakl.cz\/index.php?rest_route=\/wp\/v2\/users\/1"}],"replies":[{"embeddable":true,"href":"https:\/\/www.ladislavjakl.cz\/index.php?rest_route=%2Fwp%2Fv2%2Fcomments&post=6980"}],"version-history":[{"count":2,"href":"https:\/\/www.ladislavjakl.cz\/index.php?rest_route=\/wp\/v2\/posts\/6980\/revisions"}],"predecessor-version":[{"id":6987,"href":"https:\/\/www.ladislavjakl.cz\/index.php?rest_route=\/wp\/v2\/posts\/6980\/revisions\/6987"}],"wp:attachment":[{"href":"https:\/\/www.ladislavjakl.cz\/index.php?rest_route=%2Fwp%2Fv2%2Fmedia&parent=6980"}],"wp:term":[{"taxonomy":"category","embeddable":true,"href":"https:\/\/www.ladislavjakl.cz\/index.php?rest_route=%2Fwp%2Fv2%2Fcategories&post=6980"},{"taxonomy":"post_tag","embeddable":true,"href":"https:\/\/www.ladislavjakl.cz\/index.php?rest_route=%2Fwp%2Fv2%2Ftags&post=6980"}],"curies":[{"name":"wp","href":"https:\/\/api.w.org\/{rel}","templated":true}]}}