{"id":7019,"date":"2016-06-03T12:52:14","date_gmt":"2016-06-03T10:52:14","guid":{"rendered":"http:\/\/www.ladislavjakl.cz\/?p=7019"},"modified":"2016-06-03T12:52:14","modified_gmt":"2016-06-03T10:52:14","slug":"stanovisko-ivk-ke-dni-2-6-2016-terorismus-uz-tu-davno-mame","status":"publish","type":"post","link":"https:\/\/www.ladislavjakl.cz\/?p=7019","title":{"rendered":"Stanovisko IVK ke dni 2. 6. 2016: Terorismus u\u017e tu d\u00e1vno m\u00e1me"},"content":{"rendered":"<p>Po anonymn\u00ed hrozb\u011b bombov\u00fdm \u00fatokem byla v\u010dera policie nucena vyklidit Poslaneckou sn\u011bmovnu, \u010ceskou televizi a dal\u0161\u00ed ve\u0159ejn\u00e9 instituce. A podle v\u0161eho ne\u0161lo o \u010din psychicky vy\u0161inut\u00e9ho jedince.<\/p>\n<p><!--more--><\/p>\n<p>Terorismus je dnes ve sv\u011bt\u011b vn\u00edm\u00e1n jako jedna ze z\u00e1sadn\u00edch civiliza\u010dn\u00edch hrozeb. Jsme zem\u00ed otev\u0159enou a je proto spr\u00e1vn\u00e9, \u017ee se o tuto hrozbu zaj\u00edm\u00e1 jak na\u0161e ve\u0159ejnost, tak p\u0159\u00edslu\u0161n\u00e9 bezpe\u010dnostn\u00ed st\u00e1tn\u00ed struktury.<\/p>\n<p>V\u011bt\u0161inou u n\u00e1s vn\u00edm\u00e1me terorismus jako ohro\u017een\u00ed zven\u010d\u00ed. Jsme r\u00e1di, \u017ee k\u00a0n\u00e1m dosud nepronikl terorismus isl\u00e1msk\u00fd, a ti, kdo vn\u00edmaj\u00ed evropsk\u00e9 trendy, usiluj\u00ed, aby k\u00a0n\u00e1m nepronikl ani v\u00a0budoucnu.<\/p>\n<p>Hrozba v\u0161ak doutn\u00e1 i u n\u00e1s doma. Nem\u00e1me sice (na\u0161t\u011bst\u00ed) organizace typu Rud\u00e9 brig\u00e1dy, Frakce Rud\u00e9 arm\u00e1dy a podobn\u00e9 boj\u016fvky, to se ale ji\u017e m\u011bn\u00ed. \u010ce\u0161t\u00ed anarchist\u00e9 jsou u\u010denliv\u00ed a patrn\u011b dob\u0159e komunikuj\u00ed se sv\u00fdmi vzory v\u00a0z\u00e1padoevropsk\u00e9m prost\u0159ed\u00ed.<\/p>\n<p>Jejich organizovan\u00e1 odno\u017e S\u00ed\u0165 revolu\u010dn\u00edch bun\u011bk podle policie pl\u00e1novala ozbrojen\u00fd \u00fatok na vojensk\u00fd vlak. Hlavn\u00ed podez\u0159el\u00fd je celkem bez z\u00e1jmu m\u00e9di\u00ed ji\u017e rok ve vy\u0161et\u0159ovac\u00ed vazb\u011b a pr\u00e1v\u011b kv\u016fli t\u00e9to vazb\u011b jeho soudruzi zorganizovali v\u010derej\u0161\u00ed hrozby bombou. Ji\u017e d\u0159\u00edve p\u00e1lili policejn\u00ed auta, aby sv\u00e9mu kolegovi vynutili ve v\u011bzen\u00ed vegansk\u00e9 j\u00eddlo.<\/p>\n<p>Stejn\u00e9 ultralevicov\u00e9 kruhy maj\u00ed na sv\u011bdom\u00ed opakovan\u00e9 \u017eh\u00e1\u0159sk\u00e9 \u00faroky na majetek pra\u017esk\u00e9 restaurace \u0158\u00edzk\u00e1rna a nejsp\u00ed\u0161 jsou na jejich kont\u011b i dal\u0161\u00ed n\u00e1siln\u00e9 \u00fatoky. A evidentn\u011b se tito \u201eaktivist\u00e9\u201c d\u00e1l radikalizuj\u00ed.<\/p>\n<p>Je nakonec dob\u0159e, \u017ee v\u010dera na sebe takto upozornili. M\u00e9dia se a\u017e dosud v\u00edc zaj\u00edmala o \u00fadajn\u011b extremistick\u00e9 slovn\u00ed v\u00fdroky r\u016fzn\u00fdch medi\u00e1ln\u00edch neobl\u00edbenc\u016f, ale \u017ee tu doutn\u00e1 skute\u010dn\u00e9 n\u00e1sil\u00ed, to podce\u0148uj\u00ed. My bychom to podce\u0148ovat nem\u011bli.<\/p>\n<p><em>Ladislav Jakl<\/em><\/p>\n<p><a href=\"http:\/\/www.institutvk.cz\/stanovisko-ivk-ke-dni-2-6-2016-terorismus-uz-tu-davno-mame\" target=\"_blank\">Zdroj<\/a><\/p>\n","protected":false},"excerpt":{"rendered":"<p>Po anonymn\u00ed hrozb\u011b bombov\u00fdm \u00fatokem byla v\u010dera policie nucena vyklidit Poslaneckou sn\u011bmovnu, \u010ceskou televizi a dal\u0161\u00ed ve\u0159ejn\u00e9 instituce. A podle v\u0161eho ne\u0161lo o \u010din psychicky vy\u0161inut\u00e9ho jedince.<\/p>\n","protected":false},"author":1,"featured_media":0,"comment_status":"open","ping_status":"open","sticky":false,"template":"","format":"standard","meta":{"ngg_post_thumbnail":0,"footnotes":""},"categories":[1],"tags":[],"class_list":["post-7019","post","type-post","status-publish","format-standard","hentry","category-publikovane-clanky"],"_links":{"self":[{"href":"https:\/\/www.ladislavjakl.cz\/index.php?rest_route=\/wp\/v2\/posts\/7019","targetHints":{"allow":["GET"]}}],"collection":[{"href":"https:\/\/www.ladislavjakl.cz\/index.php?rest_route=\/wp\/v2\/posts"}],"about":[{"href":"https:\/\/www.ladislavjakl.cz\/index.php?rest_route=\/wp\/v2\/types\/post"}],"author":[{"embeddable":true,"href":"https:\/\/www.ladislavjakl.cz\/index.php?rest_route=\/wp\/v2\/users\/1"}],"replies":[{"embeddable":true,"href":"https:\/\/www.ladislavjakl.cz\/index.php?rest_route=%2Fwp%2Fv2%2Fcomments&post=7019"}],"version-history":[{"count":1,"href":"https:\/\/www.ladislavjakl.cz\/index.php?rest_route=\/wp\/v2\/posts\/7019\/revisions"}],"predecessor-version":[{"id":7020,"href":"https:\/\/www.ladislavjakl.cz\/index.php?rest_route=\/wp\/v2\/posts\/7019\/revisions\/7020"}],"wp:attachment":[{"href":"https:\/\/www.ladislavjakl.cz\/index.php?rest_route=%2Fwp%2Fv2%2Fmedia&parent=7019"}],"wp:term":[{"taxonomy":"category","embeddable":true,"href":"https:\/\/www.ladislavjakl.cz\/index.php?rest_route=%2Fwp%2Fv2%2Fcategories&post=7019"},{"taxonomy":"post_tag","embeddable":true,"href":"https:\/\/www.ladislavjakl.cz\/index.php?rest_route=%2Fwp%2Fv2%2Ftags&post=7019"}],"curies":[{"name":"wp","href":"https:\/\/api.w.org\/{rel}","templated":true}]}}