{"id":7025,"date":"2016-06-13T09:34:01","date_gmt":"2016-06-13T07:34:01","guid":{"rendered":"http:\/\/www.ladislavjakl.cz\/?p=7025"},"modified":"2016-06-13T09:34:01","modified_gmt":"2016-06-13T07:34:01","slug":"ceska-televize-musi-byt-znicena-ti-kteri-obvinuji-nezavisla-media-ze-jsou-placena-z-kremlu-bezostysne-berou-penize-z-ameriky-zantovsky-a-jakl-debatovali-o-medialni-propagande","status":"publish","type":"post","link":"https:\/\/www.ladislavjakl.cz\/?p=7025","title":{"rendered":"\u010cesk\u00e1 televize mus\u00ed b\u00fdt zni\u010dena. Ti, kte\u0159\u00ed obvi\u0148uj\u00ed nez\u00e1visl\u00e1 m\u00e9dia, \u017ee jsou placena z Kremlu, bezosty\u0161n\u011b berou pen\u00edze z Ameriky. \u017dantovsk\u00fd a Jakl debatovali o medi\u00e1ln\u00ed propagand\u011b"},"content":{"rendered":"<p>REPORT\u00c1\u017d V pond\u011bl\u00ed se konal diskusn\u00ed ve\u010der po\u0159\u00e1dan\u00fd Akc\u00ed D.O.S.T. na t\u00e9ma M\u00e9dia ve v\u00edru informa\u010dn\u00ed v\u00e1lky. Vystoupili zde Petr \u017dantovsk\u00fd \u2013 vedouc\u00ed katedry komunikace na Vysok\u00e9 \u0161kole mezin\u00e1rodn\u00edch a ve\u0159ejn\u00fdch vztah\u016f, Boris Kor\u00f3ni \u2013 spoluzakladatel internetov\u00e9ho r\u00e1dia Slobodn\u00fd vysiela\u010d, Ladislav Jakl \u2013 politick\u00fd analytik Institutu V\u00e1clava Klause a Michal Sem\u00edn \u2013 vydavatel \u010dasopisu Te Deum. Zazn\u011bly zde v\u00fdzvy ke zru\u0161en\u00ed \u010cesk\u00e9 televize a k tomu, aby lid\u00e9 neplatili koncesion\u00e1\u0159sk\u00e9 poplatky.<\/p>\n<p><!--more--><\/p>\n<p>Podle <strong>Petra \u017dantovsk\u00e9ho<\/strong> u n\u00e1s zaznamen\u00e1v\u00e1me amat\u00e9rskou primitivn\u00ed medi\u00e1ln\u00ed propagandu. Mainstreamov\u00e1 m\u00e9dia jsou u n\u00e1s dle n\u011bj hor\u0161\u00ed ne\u017e na z\u00e1pad \u010di v\u00fdchod od na\u0161ich hranic. Pokud jde o Rusko, tak tam funguje profesion\u00e1ln\u00ed st\u00e1tn\u00ed propaganda, kter\u00e1 se v\u0161ak sou\u010dasn\u011b op\u00edr\u00e1 o ve\u0159ejn\u00e9 m\u00edn\u011bn\u00ed, kter\u00e9 je na stran\u011b st\u00e1tu a prezidenta Putina. V\u00a0Rusku existuje siln\u00e9 n\u00e1rodn\u00ed v\u011bdom\u00ed a v\u00a0p\u0159\u00edpad\u011b \u00fatoku se Rusov\u00e9 semknou.<\/p>\n<h4><strong>T\u0159\u00eddn\u00ed v\u00e1lka pravdol\u00e1sky<\/strong><\/h4>\n<p>Informa\u010dn\u00ed v\u00e1lka a ciz\u00ed propaganda po\u010d\u00edt\u00e1 s\u00a0n\u00e1kupem zr\u00e1dc\u016f, a to pr\u00fd v\u00a0Rusku nejde. V\u011bt\u0161\u00ed hodnotu ne\u017e pen\u00edze tam m\u00e1 pro lidi rusk\u00e1 vlajka \u2013 patriotismus. Pokud jde o medi\u00e1ln\u00ed obraz administrativy USA, tak i oby\u010dejn\u00ed Ameri\u010dan\u00e9 u\u017e dle n\u011bj vid\u00ed, kolik Obama jako nositel Nobelovy ceny m\u00edru rozpoutal v\u00e1lek a invaz\u00ed.<\/p>\n<div id=\"adform-container\"><\/div>\n<p>\u010cesk\u00e1 m\u00e9dia se dle \u017dantovsk\u00e9ho chovaj\u00ed prodejn\u011b a serviln\u011b. V\u00e1clav Havel a pravdol\u00e1ska vyhl\u00e1sili \u201et\u0159\u00eddn\u00ed boj\u201c za jejich jedinou mo\u017enou pravdu. Sou\u010dasn\u00fd novin\u00e1\u0159 je dle \u017dantovsk\u00e9ho v\u00a0podstat\u011b nedouk. Je to \u010dlov\u011bk spokojen\u00fd s\u00e1m se sebou. M\u00e1 dojem, \u017ee d\u011bl\u00e1 d\u011bjiny a \u017ee je k\u00a0tomu povol\u00e1n.<\/p>\n<p>Jako pozitivn\u00ed \u017dantovsk\u00fd zm\u00ednil rozmach alternativn\u00edch projekt\u016f. Mainstreamov\u00e1 m\u00e9dia jsou\u00a0 z\u00a0toho nerv\u00f3zn\u00ed. T\u0159\u00eddn\u00ed boj se proto zost\u0159uje a je d\u016fsledn\u011bj\u0161\u00ed a agresivn\u011bj\u0161\u00ed.<\/p>\n<h4><strong>Demokracie, \u010di vl\u00e1da oligarch\u016f, prodejn\u00fdch m\u00e9di\u00ed a korporac\u00ed?<\/strong><\/h4>\n<p><strong>Boris Kor\u00f3ni<\/strong> p\u0159edstavil projekt Slobodn\u00e9ho vysiela\u010de. Jde o m\u00e9dium, kter\u00e9 je naprosto odd\u011blen\u00e9 od reklamy a je financovan\u00e9 pouze z\u00a0dobrovoln\u00fdch p\u0159\u00edsp\u011bvk\u016f poslucha\u010d\u016f. Kor\u00f3ni \u0159ekl, \u017ee se cht\u011bli vyhnout tlaku inzerent\u016f i tomu, aby reklama negativn\u011b ovliv\u0148ovala a manipulovala poslucha\u010de. Poslucha\u010di jsou loaj\u00e1ln\u00ed ke \u201esv\u00e9mu\u201c r\u00e1diu, proto\u017ee si ho plat\u00ed dobrovoln\u011b.<\/p>\n<p>Dne\u0161n\u00ed takzvan\u00e1 demokracie a svoboda je dle n\u011bho v\u00edcem\u00e9n\u011b jen form\u00e1ln\u00ed. Lid\u00e9 jsou manipulov\u00e1ni m\u00e9dii a politickou korektnost\u00ed a funguj\u00ed u nich st\u00e1dn\u00ed efekty. Fakticky zde vl\u00e1dnou oligarchov\u00e9, prodejn\u00e1 m\u00e9dia, zkorumpovan\u00ed politici, banky, korporace \u2013 o tom ale mainstremov\u00e1 m\u00e9dia nep\u00ed\u0161\u00ed, proto\u017ee by p\u0159i\u0161la o sv\u00e9 pen\u00edze a proto\u017ee t\u011bmto skupin\u00e1m \u010dasto pat\u0159\u00ed.<\/p>\n<p>Pokud jde o demokracii, tak p\u0159ipomn\u011bl, \u017ee mal\u00e9 zem\u011b nemaj\u00ed v\u00a0EU, kde vl\u00e1dnou siln\u011bj\u0161\u00ed, pr\u00e1vo odm\u00edtat uprchl\u00edky, a\u010dkoli ob\u010dan\u00e9 jsou proti p\u0159ij\u00edm\u00e1n\u00ed uprchl\u00edk\u016f. Nevl\u00e1dn\u00ed organizace placen\u00e9 z\u00a0USA a EU hovo\u0159\u00ed o tom, \u017ee m\u00e1 b\u00fdt v\u0161e transparentn\u00ed. Ale nap\u0159\u00edklad proti netransparentn\u00edm dohod\u00e1m TTIP a ACTA se nikdo z\u00a0nich nebou\u0159\u00ed.<\/p>\n<p>Ve\u0159ejnopr\u00e1vn\u00ed m\u00e9dia se pr\u00fd chovaj\u00ed neobjektivn\u011b stejn\u011b jako soukrom\u00e1. Jako p\u0159\u00edklad uvedl \u010ceskou televizi, kter\u00e1 dle n\u011bj naprosto neobjektivn\u011b informovala o ukrajinsk\u00e9 krizi a vznikla kv\u016fli tomu i st\u00ed\u017enost, kter\u00e1 m\u00e1 n\u011bkolik tis\u00edc str\u00e1nek.<\/p>\n<h4><strong>Ti, kte\u0159\u00ed jsou dokazateln\u011b placeni dolary z\u00a0Ameriky, n\u00e1s obvi\u0148uj\u00ed, \u017ee jsme placeni z\u00a0Kremlu<\/strong><\/h4>\n<p>Ob\u010dan za\u010d\u00edn\u00e1 b\u00fdt dle n\u011bho pekeln\u011b na\u0161tvan\u00fd, kdy\u017e chronicky zn\u00e1m\u00e9 takzvan\u00e9 osobnosti ho p\u0159esv\u011bd\u010duj\u00ed, jak je v\u0161e \u00fa\u017easn\u00e9 \u2013 a k\u00a0\u00fapln\u00e9 spokojenosti u\u017e je t\u0159eba jen vymazat Rusko z\u00a0mapy. \u201eVin\u00edkem\u201c probl\u00e9m\u016f a nespokojenosti jsou pak dle mainstreamov\u00fdch m\u00e9di\u00ed \u201ekonspira\u010dn\u00ed teoretici\u201c. Ka\u017ed\u00fd, kdo s\u00a0hlavn\u00edm proudem nesouhlas\u00ed, je pr\u00fd konspir\u00e1tor a agent Kremlu.<\/p>\n<p>\u201eZa pen\u00edze z\u00a0Kremlu se pr\u00fd sna\u017e\u00edme rozvr\u00e1tit demokratickou spole\u010dnost. Ti, kte\u0159\u00ed jsou dokazateln\u011b placeni dolary z\u00a0Ameriky, n\u00e1s obvi\u0148uj\u00ed, \u017ee jsme placeni z\u00a0Kremlu,\u201c \u0159ekl na adresu takzvan\u00fdch \u201enez\u00e1visl\u00fdch\u201c nevl\u00e1dn\u00edch organizac\u00ed.<\/p>\n<p>Kor\u00f3ni varoval p\u0159ed snahou mainstremov\u00fdch m\u00e9di\u00ed, nevl\u00e1dek a politick\u00fdch elit omezit svobodu slova pod pl\u00e1\u0161t\u00edkem ochrany svobody a demokracie. Vznikaj\u00ed org\u00e1ny na \u201eboj s\u00a0ruskou propagandou\u201c, na Slovensku existuje snaha odst\u0159ihnout alternativn\u00ed m\u00e9dia od p\u0159\u00edjm\u016f z\u00a0reklamy. YouTube, Facebook a Google se dohodly s Evropskou komis\u00ed, \u017ee se budou mazat \u201enen\u00e1vistn\u00e9\u201c p\u0159\u00edsp\u011bvky. \u201eKdo ur\u010d\u00ed, co je nen\u00e1vistn\u00e9?\u201c ptal se Kor\u00f3ni, kter\u00fd se t\u00e9\u017e dot\u00e1zal, pro\u010d, kdy\u017e u\u017e zde jsou org\u00e1ny pro boj proti rusk\u00e9 propagand\u011b, zde nejsou tak\u00e9 instituce pro boj s\u00a0americkou propagandou.<\/p>\n<p>Liber\u00e1lov\u00e9, kte\u0159\u00ed se oh\u00e1n\u011bj\u00ed svou svobodomyslnost\u00ed a toleranc\u00ed cht\u011bj\u00ed potla\u010dovat svobodu slova a odm\u00edtaj\u00ed diskutovat s\u00a0opa\u010dn\u00fdm n\u00e1zorem. Kor\u00f3ni varoval p\u0159ed polarizac\u00ed spole\u010dnosti a p\u0159ed t\u00edm, aby vznikaly t\u00e1bory lid\u00ed, kte\u0159\u00ed se zakop\u00e1vaj\u00ed ve sv\u00fdch pozic\u00edch a nemluv\u00ed spolu.<\/p>\n<h4><strong>Re\u017eim, kter\u00fd se domn\u00edv\u00e1, \u017ee je p\u0159ed zavr\u0161en\u00edm p\u0159evzet\u00ed tot\u00e1ln\u00ed moci, utahuje \u0161rouby<\/strong><\/h4>\n<p>Dle <strong>Ladislava Jakla<\/strong> se propaganda vyzna\u010duje t\u00edm, \u017ee slou\u017e\u00ed z\u00e1jm\u016fm t\u011bch, kte\u0159\u00ed ji sd\u011bluj\u00ed, a je proti z\u00e1jmu t\u011bch, kte\u0159\u00ed ji konzumuj\u00ed. Re\u017eim, kter\u00fd se domn\u00edv\u00e1, \u017ee je p\u0159ed zavr\u0161en\u00edm p\u0159evzet\u00ed tot\u00e1ln\u00ed moci, utahuje \u0161rouby a propaganda se zintenziv\u0148uje. Tento moment se ale sou\u010dasn\u011b p\u0159ekr\u00fdv\u00e1 s\u00a0momentem \u00fapadku a postupn\u00e9ho p\u00e1du takov\u00e9ho re\u017eimu.<\/p>\n<p>Levicov\u00ed liber\u00e1lov\u00e9 dle n\u011bj ovl\u00e1daj\u00ed st\u00e1tn\u00ed m\u00e9dia, jako je \u010cesk\u00e1 televize a podobn\u011b. St\u00e1tn\u00ed m\u00e9dia dle n\u011bj mus\u00ed b\u00fdt zni\u010dena. \u201eKart\u00e1go mus\u00ed b\u00fdt zni\u010deno. Pro\u010d se p\u00e1rat s\u00a0t\u00edm, kdy n\u00e1m lhali a nalejvali n\u00e1m do hlavy nesmysly?\u201c \u0159ekl Jakl, kter\u00fd reagoval na r\u016fzn\u00e9 st\u00ed\u017enosti v\u016f\u010di \u010cT.<\/p>\n<p>Jednou z\u00a0propagandistick\u00fdch metod je n\u00e1lepkov\u00e1n\u00ed \u2013 dehonestuj\u00edc\u00ed ozna\u010dov\u00e1n\u00ed za extremistu \u010di populistu. Odli\u0161n\u00e9 n\u00e1zory jsou \u0161ikanov\u00e1ny. \u201eVe\u0159ejn\u00e9 pen\u00edze te\u010dou po milionech do nevl\u00e1dn\u00edch organizac\u00ed a ty maj\u00ed tu drzost hovo\u0159it o placen\u00e9 propagand\u011b t\u011bch, kte\u0159\u00ed to d\u011blaj\u00ed na kolen\u011b,\u201c hovo\u0159il Jakl o tom, jak jsou alternativn\u00ed m\u00e9dia obvi\u0148ov\u00e1na, \u017ee berou pen\u00edze z\u00a0Kremlu. Zat\u00edmco Jakl vid\u00ed \u201ev\u0161udyp\u0159\u00edtomnou bruselskou propagandu\u201c.<\/p>\n<p>Dle Jakla nemaj\u00ed v\u0161ichni novin\u00e1\u0159i v\u017edy apriorn\u011b \u0161patn\u00fd \u00famysl. Jsou jen st\u00e1dovit\u00ed a pohodln\u00ed a boj\u00ed se j\u00edt proti proudu. Nastolov\u00e1n\u00ed celospole\u010densk\u00fdch t\u00e9mat a ve\u0159ejn\u00e1 diskuse vznik\u00e1 v\u00a0\u00fazk\u00e9m okruhu lid\u00ed. I blogge\u0159i, kte\u0159\u00ed nejsou p\u0159\u00edmo nik\u00fdm \u0159\u00edzeni, v\u00a090 procentech p\u00ed\u0161\u00ed o t\u00e9matech, kter\u00e1 nastolila mainstreamov\u00e1 m\u00e9dia.<\/p>\n<h4><strong>Agendu nenastolujete vy, ale my<\/strong><\/h4>\n<p><strong>Michal Sem\u00edn<\/strong> p\u0159ipomn\u011bl medi\u00e1ln\u00ed \u0161tvanici proti Ladislavu B\u00e1torovi, takzvanou b\u00e1tori\u00e1du. Tehdej\u0161\u00ed m\u00e9dia popravila \u010dlov\u011bka, kter\u00e9ho obvi\u0148ovala z\u00a0extremismu, zat\u00edmco do t\u00e9 doby ministerstvo \u0161kolstv\u00ed ovl\u00e1dali zelen\u00ed extremist\u00e9. Dle Sem\u00edna se z\u00a0toho \u010dlov\u011bku musel zvednout \u017ealudek. Dle n\u011bj se v\u00a0tom ukazuje neuv\u011b\u0159iteln\u00e1 s\u00edla m\u00e9di\u00ed, kter\u00e1 dok\u00e1\u017e\u00ed n\u011bkomu zni\u010dit \u017eivot a sm\u011brovat i agendu. Bez m\u00e9di\u00ed by si t\u00e9to v\u011bci nikdo ani nev\u0161iml, ale n\u00e1sledn\u011b ministr financ\u00ed Miroslav Kalousek hrozil odchodem z\u00a0Ne\u010dasovy vl\u00e1dy.<\/p>\n<p>Sem\u00edn p\u0159ipomn\u011bl v\u00fdrok Jakuba \u017delezn\u00e9ho z\u00a0\u010cesk\u00e9 televize, kdy tehdej\u0161\u00edmu ministru Dobe\u0161ovi \u0159ekl: \u201ePane minist\u0159e, agendu nenastolujete vy, ale my.\u201c Stejn\u011b tak se k\u00a0manipulaci ve\u0159ejn\u00e9ho m\u00edn\u011bn\u00ed otev\u0159en\u011b, bezosty\u0161n\u011b a namy\u0161len\u011b hl\u00e1s\u00ed V\u00e1clav Moravec, kter\u00fd na za\u010d\u00e1tku sv\u00e9ho po\u0159adu v\u017edy \u0159\u00edk\u00e1, \u201eo \u010dem se bude p\u0159\u00ed\u0161t\u00ed t\u00fdden hovo\u0159it\u201c.<\/p>\n<p>Dle Sem\u00edna m\u00e9dia a novin\u00e1\u0159i nemohou b\u00fdt nestrann\u00ed. Ka\u017ed\u00fd \u010dlov\u011bk m\u00e1 sv\u00e9 hodnoty a i ji\u017e jen ty ur\u010duj\u00ed, jak\u00e1 t\u00e9mata m\u00e9dia zpracuj\u00ed, jak\u00e9 zpr\u00e1vy se v\u00a0m\u00e9diu objev\u00ed a jak\u00e9 informace budou vybr\u00e1ny a jak\u00fdm zp\u016fsobem. P\u0159ipomn\u011bl nap\u0159\u00edklad, jak \u010cT informovala o demonstraci proti imigraci. Demonstranti zaplnili horn\u00ed \u010d\u00e1st V\u00e1clavsk\u00e9ho n\u00e1m\u011bst\u00ed a bylo jich tam n\u011bkolik tis\u00edc, zat\u00edmco \u010cT referovala o ostr\u016fvku kolem sochy, co\u017e m\u011blo navodit dojem, \u017ee tam je jen p\u00e1r des\u00edtek lid\u00ed. Podle Sem\u00edna je nutn\u00e9 sledovat v\u00edce zdroj\u016f, \u010d\u00edst zpr\u00e1vy kriticky a vyhodnocovat si v\u011brohodnost.<\/p>\n<h4><strong>Psychopati. Jedin\u00e9 na co sly\u0161\u00ed, jsou prachy<\/strong><\/h4>\n<p>V\u00a0n\u00e1sledn\u00e9 debat\u011b se ozval Pepa Nos, \u017ee kdy\u017e napsal Pavlu \u0160afrovi a ohradil se proti tomu, \u017ee z\u00a0n\u011bj MF Dnes d\u011blala est\u00e9b\u00e1ka, tak mu \u0160afr pr\u00fd odepsal, \u017ee mu t\u00edm prok\u00e1zala MF Dnes slu\u017ebu, proto\u017ee je te\u010f slavn\u00fd. Nos se nad t\u00edm pozastavil s\u00a0t\u00edm, \u017ee ho k\u0159iv\u00e9 obvin\u011bn\u00ed profesn\u011b, lidsky i spole\u010densky ni\u010dilo. Vznesl dotaz, zda takov\u00edto lid\u00e9 v\u00a0m\u00e9di\u00edch nejsou sp\u00ed\u0161e psychopat\u00e9.<\/p>\n<p>V\u00a0debat\u011b tak\u00e9 padl n\u00e1vrh, \u017ee by bylo dob\u0159e, aby lid\u00e9 mohli rozhodovat o \u010d\u00e1sti koncesion\u00e1\u0159sk\u00fdch poplatk\u016f. \u010cesk\u00e1 televize m\u00e1 ro\u010dn\u00ed n\u00e1klady sedm miliard, tak\u017ee by ur\u010dit\u011b bylo v\u00fdznamn\u00e9, kdyby t\u0159eba dv\u011b miliardy mohly j\u00edt t\u011bm m\u00e9di\u00edm, kter\u00fdm to ob\u010dan\u00e9 ur\u010d\u00ed. Petr \u017dantovsk\u00fd p\u0159ipomn\u011bl, \u017ee v\u00a0letech 2008 a 2009 lid\u00e9 na Slovensku masivn\u011b p\u0159estali platit koncesion\u00e1\u0159sk\u00e9 poplatky a vl\u00e1da na to musela reagovat. \u201eJedin\u00e9 na co sly\u0161\u00ed, jsou prachy,\u201c \u0159ekl \u017dantovsk\u00fd a vyzval k\u00a0inspirov\u00e1n\u00ed se slovensk\u00fdm p\u0159\u00edkladem.<\/p>\n<p><a href=\"http:\/\/www.parlamentnilisty.cz\/zpravy\/kauzy\/Ceska-televize-musi-byt-znicena-Ti-kteri-obvinuji-nezavisla-media-ze-jsou-placena-z-Kremlu-bezostysne-berou-penize-z-Ameriky-Zantovsky-a-Jakl-debatovali-o-medialni-propagande-439266\" target=\"_blank\">Zdroj<\/a><\/p>\n","protected":false},"excerpt":{"rendered":"<p>REPORT\u00c1\u017d V pond\u011bl\u00ed se konal diskusn\u00ed ve\u010der po\u0159\u00e1dan\u00fd Akc\u00ed D.O.S.T. na t\u00e9ma M\u00e9dia ve v\u00edru informa\u010dn\u00ed v\u00e1lky. Vystoupili zde Petr \u017dantovsk\u00fd \u2013 vedouc\u00ed katedry komunikace na Vysok\u00e9 \u0161kole mezin\u00e1rodn\u00edch a ve\u0159ejn\u00fdch vztah\u016f, Boris Kor\u00f3ni \u2013 spoluzakladatel internetov\u00e9ho r\u00e1dia Slobodn\u00fd vysiela\u010d, Ladislav Jakl \u2013 politick\u00fd analytik Institutu V\u00e1clava Klause a Michal Sem\u00edn \u2013 vydavatel \u010dasopisu Te [&hellip;]<\/p>\n","protected":false},"author":1,"featured_media":0,"comment_status":"open","ping_status":"open","sticky":false,"template":"","format":"standard","meta":{"ngg_post_thumbnail":0,"footnotes":""},"categories":[11],"tags":[],"class_list":["post-7025","post","type-post","status-publish","format-standard","hentry","category-ozvena"],"_links":{"self":[{"href":"https:\/\/www.ladislavjakl.cz\/index.php?rest_route=\/wp\/v2\/posts\/7025","targetHints":{"allow":["GET"]}}],"collection":[{"href":"https:\/\/www.ladislavjakl.cz\/index.php?rest_route=\/wp\/v2\/posts"}],"about":[{"href":"https:\/\/www.ladislavjakl.cz\/index.php?rest_route=\/wp\/v2\/types\/post"}],"author":[{"embeddable":true,"href":"https:\/\/www.ladislavjakl.cz\/index.php?rest_route=\/wp\/v2\/users\/1"}],"replies":[{"embeddable":true,"href":"https:\/\/www.ladislavjakl.cz\/index.php?rest_route=%2Fwp%2Fv2%2Fcomments&post=7025"}],"version-history":[{"count":1,"href":"https:\/\/www.ladislavjakl.cz\/index.php?rest_route=\/wp\/v2\/posts\/7025\/revisions"}],"predecessor-version":[{"id":7026,"href":"https:\/\/www.ladislavjakl.cz\/index.php?rest_route=\/wp\/v2\/posts\/7025\/revisions\/7026"}],"wp:attachment":[{"href":"https:\/\/www.ladislavjakl.cz\/index.php?rest_route=%2Fwp%2Fv2%2Fmedia&parent=7025"}],"wp:term":[{"taxonomy":"category","embeddable":true,"href":"https:\/\/www.ladislavjakl.cz\/index.php?rest_route=%2Fwp%2Fv2%2Fcategories&post=7025"},{"taxonomy":"post_tag","embeddable":true,"href":"https:\/\/www.ladislavjakl.cz\/index.php?rest_route=%2Fwp%2Fv2%2Ftags&post=7025"}],"curies":[{"name":"wp","href":"https:\/\/api.w.org\/{rel}","templated":true}]}}