{"id":7027,"date":"2016-06-13T09:41:20","date_gmt":"2016-06-13T07:41:20","guid":{"rendered":"http:\/\/www.ladislavjakl.cz\/?p=7027"},"modified":"2016-06-13T09:41:20","modified_gmt":"2016-06-13T07:41:20","slug":"stanovisko-ivk-ke-dni-9-6-2016-americke-volby-boj-skoncil-boj-zacina","status":"publish","type":"post","link":"https:\/\/www.ladislavjakl.cz\/?p=7027","title":{"rendered":"Stanovisko IVK ke dni 9. 6. 2016: Americk\u00e9 volby &#8211; boj skon\u010dil, boj za\u010d\u00edn\u00e1"},"content":{"rendered":"<p>\u010cty\u0159m\u011bs\u00ed\u010dn\u00ed a ve sv\u011bt\u011b velmi sledovan\u00e9 a pro\u017e\u00edvan\u00e9 americk\u00e9 prim\u00e1rky maj\u00ed sv\u00e9 faktick\u00e9 v\u00edt\u011bze: Donalda Trumpa za republik\u00e1ny a Hillary Clintonovou za demokraty.<\/p>\n<p><!--more--><\/p>\n<p>Skon\u010dily tedy v\u00fdsledkem, kter\u00fd se dal o\u010dek\u00e1vat u\u017e na jejich po\u010d\u00e1tku, i kdy\u017e odpor republik\u00e1nsk\u00e9ho establishmentu v\u016f\u010di Trumpovi i srdnat\u00fd soupe\u0159 Clintonov\u00e9 Bernie Sanders p\u0159ipravili americk\u00e9 ve\u0159ejnosti b\u011bhem prim\u00e1rek leckter\u00e9 dramatick\u00e9 peripetie.<\/p>\n<p>V\u00fdsledek prim\u00e1rek je\u0161t\u011b mus\u00ed b\u00fdt form\u00e1ln\u011b potvrzen, ale u\u017e nyn\u00ed jsme vstoupili do doby poprim\u00e1rkov\u00e9, do doby faktick\u00e9ho souboje jist\u00fdch nominant\u016f obou stran. Jak u\u017e to v\u00a0Americe b\u00fdv\u00e1, hlavn\u00ed roli v\u00a0tomto boji hr\u00e1vaj\u00ed t\u00e9mata dom\u00e1c\u00ed: \u0161kolstv\u00ed, zdravotnictv\u00ed, dan\u011b, soci\u00e1ln\u00ed politika, pracovn\u00ed p\u0159\u00edle\u017eitosti. Sv\u011bt t\u011bmto insidersk\u00fdm spor\u016fm moc nerozum\u00ed a v\u017edy \u017eije sp\u00ed\u0161e t\u00edm, jak se protivn\u00edci v\u00a0americk\u00e9m prezidentsk\u00e9m volebn\u00edm souboji li\u0161\u00ed ve v\u011bcech zahrani\u010dn\u00ed a vojensk\u00e9 politiky.<\/p>\n<p>V\u00a0nich snad nem\u016f\u017ee b\u00fdt rozd\u00edl v\u011bt\u0161\u00ed, ne\u017e jak\u00fd panuje mezi t\u011bmito aktu\u00e1ln\u00edmi soupe\u0159i. Trump slibuje z\u00e1sadn\u00ed p\u0159ehodnocen\u00ed priorit, klon\u00ed se sp\u00ed\u0161e k\u00a0tradi\u010dn\u00edmu izolacionismu ne\u017e k\u00a0intervencionalismu posledn\u00edch dek\u00e1d, Clintonov\u00e1 u\u017e svou osobn\u00ed histori\u00ed n\u011bkdej\u0161\u00ed prvn\u00ed d\u00e1my Ameriky a \u010dlenky Obamovy vl\u00e1dy slibuje sp\u00ed\u0161e prohlouben\u00ed sou\u010dasn\u00e9ho sm\u011b\u0159ov\u00e1n\u00ed USA.<\/p>\n<p>Je \u0161t\u011bst\u00edm, \u017ee americk\u00e9 prezidenty vol\u00ed sami Ameri\u010dan\u00e9, proto\u017ee dosud v\u017edy evrop\u0161t\u00ed politici, m\u00e9dia i ve\u0159ejnost zpravidla fandili liber\u00e1ln\u00edmu kandid\u00e1tovi proti konzervativn\u00edmu. Evropa moc nech\u00e1pe, \u017ee Ameri\u010dan vol\u00ed podle toho, jak ur\u010dit\u00e1 politika dopad\u00e1 na jeho vlastn\u00ed k\u016f\u017ei a ne na str\u00e1nky intelektu\u00e1ln\u00edch sv\u011btov\u00fdch publicist\u016f.<\/p>\n<p>Proto tak\u00e9 v\u00a0Evrop\u011b v\u017edy p\u0159ece\u0148ovali potenci\u00e1ln\u00ed dopady americk\u00fdch voleb na spojeneck\u00e9 vazby a glob\u00e1ln\u00ed strategickou politiku. Je nutno si uv\u011bdomit, \u017ee americk\u00fd prezident je nepochybn\u011b mocn\u00fd mu\u017e (a\u017e doposud), ale daleko v\u00edce ne\u017e tv\u016frcem \u010di hybatelem d\u011bjinn\u00fdch proces\u016f b\u00fdv\u00e1 naopak produktem p\u016fsoben\u00ed kl\u00ed\u010dov\u00fdch z\u00e1jmov\u00fdch sil a spole\u010densk\u00e9 reality v USA.<\/p>\n<p>A to jsou v\u011bci s\u00a0mnohem v\u011bt\u0161\u00ed setrva\u010dnost\u00ed, ne\u017e je jedno \u010di dv\u011b volebn\u00ed obdob\u00ed americk\u00fdch prezident\u016f.<\/p>\n<p><em>Ladislav Jakl<\/em><\/p>\n<p><a href=\"http:\/\/www.institutvk.cz\/stanovisko-ivk-ke-dni-9-6-2016-americke-volby-boj-skoncil-boj-zacina\" target=\"_blank\">Zdroj<\/a><\/p>\n","protected":false},"excerpt":{"rendered":"<p>\u010cty\u0159m\u011bs\u00ed\u010dn\u00ed a ve sv\u011bt\u011b velmi sledovan\u00e9 a pro\u017e\u00edvan\u00e9 americk\u00e9 prim\u00e1rky maj\u00ed sv\u00e9 faktick\u00e9 v\u00edt\u011bze: Donalda Trumpa za republik\u00e1ny a Hillary Clintonovou za demokraty.<\/p>\n","protected":false},"author":1,"featured_media":0,"comment_status":"open","ping_status":"open","sticky":false,"template":"","format":"standard","meta":{"ngg_post_thumbnail":0,"footnotes":""},"categories":[1],"tags":[],"class_list":["post-7027","post","type-post","status-publish","format-standard","hentry","category-publikovane-clanky"],"_links":{"self":[{"href":"https:\/\/www.ladislavjakl.cz\/index.php?rest_route=\/wp\/v2\/posts\/7027","targetHints":{"allow":["GET"]}}],"collection":[{"href":"https:\/\/www.ladislavjakl.cz\/index.php?rest_route=\/wp\/v2\/posts"}],"about":[{"href":"https:\/\/www.ladislavjakl.cz\/index.php?rest_route=\/wp\/v2\/types\/post"}],"author":[{"embeddable":true,"href":"https:\/\/www.ladislavjakl.cz\/index.php?rest_route=\/wp\/v2\/users\/1"}],"replies":[{"embeddable":true,"href":"https:\/\/www.ladislavjakl.cz\/index.php?rest_route=%2Fwp%2Fv2%2Fcomments&post=7027"}],"version-history":[{"count":1,"href":"https:\/\/www.ladislavjakl.cz\/index.php?rest_route=\/wp\/v2\/posts\/7027\/revisions"}],"predecessor-version":[{"id":7028,"href":"https:\/\/www.ladislavjakl.cz\/index.php?rest_route=\/wp\/v2\/posts\/7027\/revisions\/7028"}],"wp:attachment":[{"href":"https:\/\/www.ladislavjakl.cz\/index.php?rest_route=%2Fwp%2Fv2%2Fmedia&parent=7027"}],"wp:term":[{"taxonomy":"category","embeddable":true,"href":"https:\/\/www.ladislavjakl.cz\/index.php?rest_route=%2Fwp%2Fv2%2Fcategories&post=7027"},{"taxonomy":"post_tag","embeddable":true,"href":"https:\/\/www.ladislavjakl.cz\/index.php?rest_route=%2Fwp%2Fv2%2Ftags&post=7027"}],"curies":[{"name":"wp","href":"https:\/\/api.w.org\/{rel}","templated":true}]}}