{"id":7029,"date":"2016-06-15T08:55:12","date_gmt":"2016-06-15T06:55:12","guid":{"rendered":"http:\/\/www.ladislavjakl.cz\/?p=7029"},"modified":"2016-06-15T08:55:12","modified_gmt":"2016-06-15T06:55:12","slug":"stanovisko-ivk-ke-dni-14-6-2016-posledni-faze-prokuratorokracie","status":"publish","type":"post","link":"https:\/\/www.ladislavjakl.cz\/?p=7029","title":{"rendered":"Stanovisko IVK ke dni 14. 6. 2016: Posledn\u00ed f\u00e1ze prokur\u00e1torokracie?"},"content":{"rendered":"<p>Aktu\u00e1ln\u00ed spor kolem chystan\u00e9 reorganizace n\u011bkter\u00fdch policejn\u00edch \u00fatvar\u016f vyvolal dal\u0161\u00ed kolo vnitrokoali\u010dn\u00edch \u0161arv\u00e1tek. Mnoz\u00ed politici a novin\u00e1\u0159i p\u0159ed\u010dasn\u011b mluv\u00ed o vl\u00e1dn\u00ed krizi a objevuj\u00ed se i krkolomn\u00e9 spekulace o hrozb\u011b prezidentsk\u00e9 vl\u00e1dy. Horliv\u00fd vstup vl\u00e1dn\u00edch politik\u016f do debaty d\u00e1v\u00e1 tu\u0161it, \u017ee v\u00a0silov\u00fdch slo\u017ek\u00e1ch d\u00e1vno nejde o nez\u00e1vislost, ale o to, kdo kde m\u00e1 \u201esv\u00e9 lidi\u201c.<\/p>\n<p><!--more--><\/p>\n<p>Prvotn\u00ed p\u0159\u00ed\u010dinou v\u0161ech dosavadn\u00edch konflikt\u016f v\u00a0koalici je ale jej\u00ed nesourodost, jednotliv\u00e1 sporn\u00e1 t\u00e9mata jsou sp\u00ed\u0161e jen nahodil\u00fdmi epizodami trval\u00e9ho pom\u011b\u0159ov\u00e1n\u00ed z\u00e1jm\u016f vl\u00e1dn\u00edch stran. I proto se m\u00edj\u00ed s\u00a0j\u00e1drem sporu kolem policejn\u00ed reorganizace ti, kdo od n\u00ed velmi rychle p\u0159e\u0161li k\u00a0hypotetick\u00fdm sc\u00e9n\u00e1\u0159\u016fm p\u00e1du vl\u00e1dy a dal\u0161\u00edch \u00fastavn\u00edch krok\u016f. Spor je toti\u017e z\u00e1sadn\u00ed s\u00e1m o sob\u011b.<\/p>\n<p>A z\u00e1sadn\u00edm se stal naprosto nep\u0159ijateln\u00fdm vp\u00e1dem lobby st\u00e1tn\u00edch z\u00e1stupc\u016f do syst\u00e9mov\u00e9 problematiky zcela jin\u00e9ho resortu, ne\u017e je jejich resort spravedlnosti. Vrchn\u00ed prokur\u00e1torka v\u00a0Praze vyu\u017e\u00edv\u00e1 sv\u00e9 pozice medi\u00e1ln\u00ed obl\u00edbenkyn\u011b k\u00a0ost\u0159elov\u00e1n\u00ed policejn\u00edho prezidia a ministerstva vnitra, jej\u00ed kolegov\u00e9 z\u00a0Vrchn\u00edho st\u00e1tn\u00edho zastupitelstv\u00ed v\u00a0Olomouci se ale rovnou rozhodli pojmout reorganizaci jako mo\u017en\u00fd krimin\u00e1ln\u00ed \u010din a jako takov\u00fd ji hodlaj\u00ed vy\u0161et\u0159ovat.<\/p>\n<p>Nejde jen o to, \u017ee se t\u00edm (nikoli poprv\u00e9) ocitaj\u00ed mimo svou region\u00e1ln\u00ed p\u016fsobnost danou z\u00e1konem, ale p\u0159edev\u0161\u00edm o to, \u017ee cht\u011bj\u00ed sv\u016fj n\u00e1zor na odborn\u00fd a mana\u017eersk\u00fd krok, kter\u00fd je zcela v\u00a0p\u016fsobnosti policie a ministra vnitra, prosazovat moc\u00ed sv\u00e9ho \u00fa\u0159adu.<\/p>\n<p>Jist\u011b, st\u00e1tn\u00ed z\u00e1stupci maj\u00ed neopominuteln\u00e9 m\u00edsto v\u00a0jednotliv\u00fdch trestn\u00edch kauz\u00e1ch, ve v\u011bci syst\u00e9mu \u0159\u00edzen\u00ed policie v\u0161ak mohu m\u00edt maxim\u00e1ln\u011b hlas konzulta\u010dn\u00ed a nikoli si zneu\u017e\u00edv\u00e1n\u00edm sv\u00fdch pravomoc\u00ed vynucovat uspokojen\u00ed sv\u00fdch profesn\u00edch pot\u0159eb.<\/p>\n<p>V\u0161e se zd\u00e1nliv\u011b to\u010d\u00ed kolem jednoho policejn\u00edho d\u016fstojn\u00edka, o kter\u00e9m kdekdo \u0159\u00edk\u00e1, \u017ee se v\u00edce ne\u017e sv\u00e9 pr\u00e1ci v\u011bnuje sch\u016fzk\u00e1m s\u00a0vybran\u00fdmi novin\u00e1\u0159i. J\u00e1dro sporu je ale daleko v\u00e1\u017en\u011bj\u0161\u00ed: bude nad\u00e1le m\u00edsto demokraticky volen\u00fdch vl\u00e1d neomezen\u011b vl\u00e1dnout kasta nekontrolovateln\u00fdch st\u00e1tn\u00edch z\u00e1stupc\u016f? Strhne na sebe i zbytek moci? Nebo lze demokracii je\u0161t\u011b ubr\u00e1nit? Bra\u0148me ji!<\/p>\n<p><em>Ladislav Jakl<\/em><\/p>\n<p><a href=\"http:\/\/www.institutvk.cz\/stanovisko-ivk-ke-dni-14-6-2016-posledni-faze-prokuratorokracie\" target=\"_blank\">Zdroj<\/a><\/p>\n","protected":false},"excerpt":{"rendered":"<p>Aktu\u00e1ln\u00ed spor kolem chystan\u00e9 reorganizace n\u011bkter\u00fdch policejn\u00edch \u00fatvar\u016f vyvolal dal\u0161\u00ed kolo vnitrokoali\u010dn\u00edch \u0161arv\u00e1tek. Mnoz\u00ed politici a novin\u00e1\u0159i p\u0159ed\u010dasn\u011b mluv\u00ed o vl\u00e1dn\u00ed krizi a objevuj\u00ed se i krkolomn\u00e9 spekulace o hrozb\u011b prezidentsk\u00e9 vl\u00e1dy. Horliv\u00fd vstup vl\u00e1dn\u00edch politik\u016f do debaty d\u00e1v\u00e1 tu\u0161it, \u017ee v\u00a0silov\u00fdch slo\u017ek\u00e1ch d\u00e1vno nejde o nez\u00e1vislost, ale o to, kdo kde m\u00e1 \u201esv\u00e9 lidi\u201c.<\/p>\n","protected":false},"author":1,"featured_media":0,"comment_status":"open","ping_status":"open","sticky":false,"template":"","format":"standard","meta":{"ngg_post_thumbnail":0,"footnotes":""},"categories":[1],"tags":[],"class_list":["post-7029","post","type-post","status-publish","format-standard","hentry","category-publikovane-clanky"],"_links":{"self":[{"href":"https:\/\/www.ladislavjakl.cz\/index.php?rest_route=\/wp\/v2\/posts\/7029","targetHints":{"allow":["GET"]}}],"collection":[{"href":"https:\/\/www.ladislavjakl.cz\/index.php?rest_route=\/wp\/v2\/posts"}],"about":[{"href":"https:\/\/www.ladislavjakl.cz\/index.php?rest_route=\/wp\/v2\/types\/post"}],"author":[{"embeddable":true,"href":"https:\/\/www.ladislavjakl.cz\/index.php?rest_route=\/wp\/v2\/users\/1"}],"replies":[{"embeddable":true,"href":"https:\/\/www.ladislavjakl.cz\/index.php?rest_route=%2Fwp%2Fv2%2Fcomments&post=7029"}],"version-history":[{"count":1,"href":"https:\/\/www.ladislavjakl.cz\/index.php?rest_route=\/wp\/v2\/posts\/7029\/revisions"}],"predecessor-version":[{"id":7030,"href":"https:\/\/www.ladislavjakl.cz\/index.php?rest_route=\/wp\/v2\/posts\/7029\/revisions\/7030"}],"wp:attachment":[{"href":"https:\/\/www.ladislavjakl.cz\/index.php?rest_route=%2Fwp%2Fv2%2Fmedia&parent=7029"}],"wp:term":[{"taxonomy":"category","embeddable":true,"href":"https:\/\/www.ladislavjakl.cz\/index.php?rest_route=%2Fwp%2Fv2%2Fcategories&post=7029"},{"taxonomy":"post_tag","embeddable":true,"href":"https:\/\/www.ladislavjakl.cz\/index.php?rest_route=%2Fwp%2Fv2%2Ftags&post=7029"}],"curies":[{"name":"wp","href":"https:\/\/api.w.org\/{rel}","templated":true}]}}