{"id":704,"date":"2010-12-08T08:38:19","date_gmt":"2010-12-08T07:38:19","guid":{"rendered":"http:\/\/www.ladislavjakl.cz\/?p=704"},"modified":"2010-12-08T08:38:19","modified_gmt":"2010-12-08T07:38:19","slug":"jsem-heterosexual-priznal-se-jakl","status":"publish","type":"post","link":"https:\/\/www.ladislavjakl.cz\/?p=704","title":{"rendered":"Jsem heterosexu\u00e1l, p\u0159iznal se Jakl"},"content":{"rendered":"<p><strong>Tajemn\u00edk prezidenta  Ladislav Jakl se ve sv\u00e9m \u010dl\u00e1nku \u201eO teplou\u0161\u00edch a buzerantech\u201c nep\u0159\u00edmo  obul do skupiny Visac\u00ed z\u00e1mek a jej\u00ed nov\u00e9 skladby \u201ePrezident je buzna\u201c.<\/strong><\/p>\n<p><strong><!--more--><br \/>\n<\/strong><\/p>\n<p>\u201eNejen na internetu, ale i v\u00a0m\u00e9di\u00edch \u010di v\u00a0p\u00eds\u0148ov\u00fdch textech jist\u00fdch  kapel je dnes skoro m\u00f3dou \u0161\u00ed\u0159it o n\u011bkter\u00fdch lidech, \u017ee jsou bukvice,  teplou\u0161i, buzeranti, homou\u0161i, buzny,&#8220; za\u010dal Ladislav Jakl bez serv\u00edtk\u016f.<\/p>\n<p><strong>\u00dachyln\u00ed auto\u0159i<\/strong><\/p>\n<p>\u201eA tomu \u00fachyln\u00ed auto\u0159i t\u011bchto \u00fachyln\u00fdch pras\u00e1ren p\u0159id\u00e1vaj\u00ed perverzn\u00ed  popisy toho, kdo co komu kam strk\u00e1, kdo co od koho chytil za nemoc, do  detailu jsou l\u00ed\u010deny r\u016fzn\u00e9 zvr\u00e1cen\u00e9 praktiky, p\u0159id\u00e1v\u00e1ny oplzl\u00e9  fotomont\u00e1\u017ee, s\u00a0gustem popisov\u00e1ny anatomick\u00e9 roztomilosti,&#8220; pokra\u010doval  vz\u00e1p\u011bt\u00ed na sv\u00e9m blogu na port\u00e1lu iDnes.cz prezident\u016fv tajemn\u00edk.<\/p>\n<p>Pozastavuje se nad t\u00edm, \u017ee \u201eter\u010dem t\u011bchto zv\u011bst\u00ed&#8220; jsou \u00fadajn\u011b jen  heterosexu\u00e1lov\u00e9, kte\u0159\u00ed maj\u00ed man\u017eelky, partnerky a d\u011bti. \u201eO homosexu\u00e1lech  se takto nemluv\u00ed, jim se dokonce ani ne\u0159\u00edk\u00e1 homosexu\u00e1lov\u00e9, nato\u017e  buzeranti \u010di teplou\u0161i,&#8220; dod\u00e1v\u00e1 Jakl.<\/p>\n<p><strong>Zas\u00e1hne to d\u011bti<\/strong><\/p>\n<p>Auto\u0159i podobn\u00fdch text\u016f se tak strefuj\u00ed jen do lid\u00ed, kter\u00e9 nen\u00e1vid\u00ed a  t\u00edmto ozna\u010den\u00edm je mohou \u201eurazit, ranit&#8220;. \u201eT\u0159eba si to p\u0159e\u010dtou jeho  d\u011bti, to by ho mohlo zas\u00e1hnout a zabolet. A o to jde,&#8220; p\u00ed\u0161e tajemn\u00edk.<\/p>\n<p>V\u00a0z\u00e1v\u011bru textu Jakl tvrd\u00ed, \u017ee ji\u017e l\u00e9ta v\u00a0sob\u011b dus\u00ed sd\u011blen\u00ed, kter\u00e9 se  nyn\u00ed odhodlal prezentovat ve\u0159ejn\u011b. \u201eV\u00edm, \u017ee to dnes nen\u00ed modern\u00ed, \u017ee to  nen\u00ed trendy, \u017ee to nen\u00ed pokrokov\u00e9. Ale u\u017e si to nemohu nech\u00e1vat pro  sebe. A tak jsem se odhodlal ud\u011blat sv\u016fj coming out.\u00a0Ano. P\u0159izn\u00e1v\u00e1m.  Jsem heterosexu\u00e1l,&#8220; uzav\u0159el.<\/p>\n","protected":false},"excerpt":{"rendered":"<p>Tajemn\u00edk prezidenta Ladislav Jakl se ve sv\u00e9m \u010dl\u00e1nku \u201eO teplou\u0161\u00edch a buzerantech\u201c nep\u0159\u00edmo obul do skupiny Visac\u00ed z\u00e1mek a jej\u00ed nov\u00e9 skladby \u201ePrezident je buzna\u201c.<\/p>\n","protected":false},"author":1,"featured_media":0,"comment_status":"open","ping_status":"open","sticky":false,"template":"","format":"standard","meta":{"ngg_post_thumbnail":0,"footnotes":""},"categories":[11],"tags":[],"class_list":["post-704","post","type-post","status-publish","format-standard","hentry","category-ozvena"],"_links":{"self":[{"href":"https:\/\/www.ladislavjakl.cz\/index.php?rest_route=\/wp\/v2\/posts\/704","targetHints":{"allow":["GET"]}}],"collection":[{"href":"https:\/\/www.ladislavjakl.cz\/index.php?rest_route=\/wp\/v2\/posts"}],"about":[{"href":"https:\/\/www.ladislavjakl.cz\/index.php?rest_route=\/wp\/v2\/types\/post"}],"author":[{"embeddable":true,"href":"https:\/\/www.ladislavjakl.cz\/index.php?rest_route=\/wp\/v2\/users\/1"}],"replies":[{"embeddable":true,"href":"https:\/\/www.ladislavjakl.cz\/index.php?rest_route=%2Fwp%2Fv2%2Fcomments&post=704"}],"version-history":[{"count":1,"href":"https:\/\/www.ladislavjakl.cz\/index.php?rest_route=\/wp\/v2\/posts\/704\/revisions"}],"predecessor-version":[{"id":705,"href":"https:\/\/www.ladislavjakl.cz\/index.php?rest_route=\/wp\/v2\/posts\/704\/revisions\/705"}],"wp:attachment":[{"href":"https:\/\/www.ladislavjakl.cz\/index.php?rest_route=%2Fwp%2Fv2%2Fmedia&parent=704"}],"wp:term":[{"taxonomy":"category","embeddable":true,"href":"https:\/\/www.ladislavjakl.cz\/index.php?rest_route=%2Fwp%2Fv2%2Fcategories&post=704"},{"taxonomy":"post_tag","embeddable":true,"href":"https:\/\/www.ladislavjakl.cz\/index.php?rest_route=%2Fwp%2Fv2%2Ftags&post=704"}],"curies":[{"name":"wp","href":"https:\/\/api.w.org\/{rel}","templated":true}]}}