{"id":7054,"date":"2016-06-22T09:55:14","date_gmt":"2016-06-22T07:55:14","guid":{"rendered":"http:\/\/www.ladislavjakl.cz\/?p=7054"},"modified":"2016-06-22T09:55:14","modified_gmt":"2016-06-22T07:55:14","slug":"klaus-weigl-jakl-strejcek-stanovisko-ivk-k-tzv-brexitu","status":"publish","type":"post","link":"https:\/\/www.ladislavjakl.cz\/?p=7054","title":{"rendered":"Klaus, Weigl, Jakl, Strej\u010dek: Stanovisko IVK k tzv. brexitu"},"content":{"rendered":"<p>Britsk\u00e9 referendum o vystoupen\u00ed Velk\u00e9 Brit\u00e1nie z\u00a0Evropsk\u00e9 unie je p\u0159edm\u011btem nejen dramatick\u00fdch polemik a spor\u016f, ale i rozs\u00e1hl\u00e9 politick\u00e9 a medi\u00e1ln\u00ed manipulace. \u201eObjektivist\u00e9\u201c \u0159\u00edkaj\u00ed, \u017ee z\u00a0obou stran, co\u017e nen\u00ed pravda. Manipulovat um\u00ed jen strana vl\u00e1dn\u00ed. Britsk\u00e9, evropsk\u00e9 i sv\u011btov\u00e9 ve\u0159ejnosti je referendum prezentov\u00e1no jako osudov\u00fd krok glob\u00e1ln\u00edho v\u00fdznamu, kter\u00fd sv\u00fdm v\u00fdsledkem (my\u0161leno v\u00fdsledkem ANO) m\u016f\u017ee ohrozit nejen budoucnost evropsk\u00e9ho integra\u010dn\u00edho projektu, ale i celosv\u011btov\u00fd m\u00edr a prosperitu.<\/p>\n<p><!--more--><\/p>\n<p>Tato hodnocen\u00ed a tyto p\u0159edpov\u011bdi jsou zcela nesmysln\u00e9 a neopodstatn\u011bn\u00e9. Maj\u00ed za c\u00edl zastra\u0161it britsk\u00e9 voli\u010de (a evropskou ve\u0159ejnost) a vytv\u00e1\u0159et na n\u011b n\u00e1tlak, aby hlasovali \u201espr\u00e1vn\u011b\u201c. Stejn\u00e9mu \u00fa\u010delu slou\u017e\u00ed pr\u016fzkumy ve\u0159ejn\u00e9ho m\u00edn\u011bn\u00ed, kter\u00e9 za\u010daly nazna\u010dovat, \u017ee odp\u016frci \u010dlenstv\u00ed z\u00edsk\u00e1vaj\u00ed p\u0159evahu, co\u017e m\u00e1 mobilizovat p\u0159\u00edznivce \u010dlenstv\u00ed. Pr\u016fzkumy ve\u0159ejn\u00e9ho m\u00edn\u011bn\u00ed jsou v\u0161ak ji\u017e d\u00e1vno sou\u010d\u00e1st\u00ed volebn\u00ed hry. Brit\u00e1nie nen\u00ed v\u00fdjimkou.<\/p>\n<p>V\u00fdznam britsk\u00e9ho referenda ve skute\u010dnosti spo\u010d\u00edv\u00e1 v\u00edce v\u00a0rovin\u011b symbolick\u00e9 ne\u017e praktick\u00e9. Nen\u00ed p\u0159\u00edli\u0161 pravd\u011bpodobn\u00e9, \u017ee by se v\u011bt\u0161ina Brit\u016f vyslovila pro opu\u0161t\u011bn\u00ed EU. Nep\u0159ej\u00ed si to ani hlavn\u00ed vl\u00e1dn\u00ed i opozi\u010dn\u00ed strany, ani drtiv\u00e1 v\u011bt\u0161ina politick\u00e9ho a ekonomick\u00e9ho establishmentu. Nep\u0159ej\u00ed si to Skotov\u00e9. Nep\u0159ej\u00ed si to partne\u0159i Brit\u00e1nie v\u00a0Evrop\u011b, nep\u0159eje si to USA. Nejpravd\u011bpodobn\u011bj\u0161\u00ed variantou je, \u017ee referendum skon\u010d\u00ed v\u00fdsledkem NE, zav\u0159e se nad n\u00edm voda a v EU se nic podstatn\u00e9ho nezm\u011bn\u00ed. Z\u016fstane jen \u201epou\u010den\u00ed z\u00a0brexitu\u201c. \u0160pi\u010dky EU pochop\u00ed, \u017ee je t\u0159eba v\u010das a v\u0161emi prost\u0159edky eliminovat ty politick\u00e9 s\u00edly, kter\u00e9 se stav\u011bj\u00ed kriticky k\u00a0sou\u010dasn\u00e9mu modelu evropsk\u00e9 integrace. A \u017ee se \u017e\u00e1dn\u00e1 referenda u\u017e nikdy po\u0159\u00e1dat nemaj\u00ed.<\/p>\n<p>P\u0159ed lety mnoz\u00ed naivn\u011b uv\u011b\u0159ili premi\u00e9ru Cameronovi, \u017ee j\u00edm prosazovan\u00e9 referendum je projevem jeho zdrav\u00e9 euroskepse. Od n\u011bho to v\u0161ak ji\u017e od po\u010d\u00e1tku byla promy\u0161len\u00e1 past. Jak se dalo o\u010dek\u00e1vat, zapojil se (jen pro naivn\u00ed pozorovatele ne\u010dekan\u011b) do t\u00e1bora eurofederalist\u016f. Jeho z\u00e1m\u011brem bylo uml\u010det vnitrostranickou opozici a vz\u00edt t\u00e9ma UKIPu Nigela Farage, kter\u00fd je ost\u0159e pro brexit. Hlubov\u00e9 p\u0159\u00edkopy na britsk\u00e9 politick\u00e9 sc\u00e9n\u011b v\u0161ak byly vykop\u00e1ny. Britsk\u00e1 ve\u0159ejnost, tamn\u00ed politick\u00e1 sc\u00e9na i sama Cameronova konzervativn\u00ed strana z\u016fstanou ost\u0159e rozd\u011bleny. To asi nebylo p\u016fvodn\u00edm Cameronov\u00fdm c\u00edlem.<\/p>\n<p>O d\u016fsledc\u00edch hypotetick\u00e9ho v\u00fdsledku ANO je mo\u017en\u00e9 vyslovit r\u016fzn\u00e9 hypot\u00e9zy, ale rozhodn\u011b odm\u00edt\u00e1me, \u017ee by mohl m\u00edt tento v\u00fdsledek (krom\u011b kr\u00e1tkodob\u00e9ho psychick\u00e9ho ot\u0159esu pro vl\u00e1dnouc\u00ed elity) takov\u00e9 katastrofick\u00e9 dopady, jak\u00e9 p\u0159edv\u00eddaj\u00ed r\u016fzn\u00e9, s\u00a0v\u00e1\u017enou tv\u00e1\u0159\u00ed vyslovovan\u00e9 britsk\u00e9, a o to v\u00edce kontinent\u00e1ln\u00ed \u201eanal\u00fdzy\u201c. Velkou Brit\u00e1nii by tento v\u00fdsledek v\u00a0mnoh\u00e9m osvobodil od bruselsk\u00fdch extr\u00e9mn\u011b etatistick\u00fdch politik.<\/p>\n<p>Je nejasn\u00e9, co by onen p\u0159\u00edpadn\u00fd odchod Brit\u00e1nie z\u00a0EU fakticky znamenal, jak\u00e9 zm\u011bny by nastaly a v\u00a0jak\u00e9m horizontu by se odehr\u00e1ly. V\u0161e by nepochybn\u011b bylo p\u0159edm\u011btem dlouh\u00fdch vyjedn\u00e1v\u00e1n\u00ed, p\u0159echodn\u00fdch obdob\u00ed a r\u016fzn\u00fdch speci\u00e1ln\u00edch re\u017eim\u016f, jejich\u017e c\u00edlem by bylo zachovat maximum sou\u010dasn\u00e9ho statu quo. Odm\u00edt\u00e1me neseri\u00f3zn\u00ed tvrzen\u00ed o ohro\u017een\u00ed evropsk\u00e9 ekonomiky \u010di dokonce \u010desk\u00e9ho exportu. Brit\u00e1nie by nepochybn\u011b z\u016fstala \u010dlenem Evropsk\u00e9ho hospod\u00e1\u0159sk\u00e9ho prostoru jako Norsko, \u010di si vyjednala podobn\u00fd statut jako \u0160v\u00fdcarsko,\u00a0tak\u017ee z\u00a0ekonomick\u00e9ho hlediska by se pravd\u011bpodobn\u011b nestalo v\u016fbec nic, nebo jen velmi m\u00e1lo, pomineme-li bezprost\u0159edn\u00ed panick\u00e9 reakce na finan\u010dn\u00edch trz\u00edch.<\/p>\n<p><strong>\u00dasp\u011bch referenda by v\u0161ak m\u011bl velk\u00fd pozitivn\u00ed symbolick\u00fd v\u00fdznam.<\/strong> Byl by j\u00edm je\u0161t\u011b z\u0159eteln\u011bji obna\u017een debakl sou\u010dasn\u00e9ho modelu evropsk\u00e9 integrace, kter\u00fd Evropu do dne\u0161n\u00edho v\u0161eobecn\u00e9ho marasmu p\u0159ivedl. V jedn\u00e9 v\u00fdznamn\u00e9 \u010dlensk\u00e9 zemi EU by tento v\u00fdsledek potvrdil odcizen\u00ed bruselsk\u00e9 politiky ob\u010dan\u016fm a uk\u00e1zal by, \u017ee bez demokracie, zalo\u017een\u00e9 na svobodn\u011b vyj\u00e1d\u0159en\u00e9 v\u016fli ob\u010dan\u016f, nem\u00e1 evropsk\u00e1 integrace smysl.<\/p>\n<p>V\u00fdsledek ANO by byl pol\u00ed\u010dkem bruselsk\u00fdm a berl\u00ednsk\u00fdm elit\u00e1m. Byl by v\u00fdzvou ke zm\u011bn\u011b politiky. Nic jin\u00e9ho, katastrofick\u00e9ho \u010di d\u011bsiv\u00e9ho by se nestalo. Nedejme se proto zastra\u0161it. Hlavn\u011b by se ale nem\u011bli nechat zastra\u0161it brit\u0161t\u00ed voli\u010di. V\u00edt\u011bzstv\u00ed probruselsk\u00fdch elit v\u0161ak m\u016f\u017ee b\u00fdt v\u00edt\u011bzstv\u00edm Pyrrhov\u00fdm. St\u00e1le v\u00edce je z\u0159ejm\u00e9, \u017ee se ve\u0159ejnost zem\u00ed EU probouz\u00ed \u2013 a to se nadlouho zastavit ned\u00e1.<\/p>\n<p><em>V\u00e1clav Klaus, Ji\u0159\u00ed Weigl, Ladislav Jakl, Ivo Strej\u010dek, 20. \u010dervna 2016.<\/em><\/p>\n<p><a href=\"http:\/\/www.institutvk.cz\/ostatni-texty\/klaus-weigl-jakl-strejcek-stanovisko-ivk-k-tzv-brexitu\" target=\"_blank\">Zdroj<\/a><\/p>\n","protected":false},"excerpt":{"rendered":"<p>Britsk\u00e9 referendum o vystoupen\u00ed Velk\u00e9 Brit\u00e1nie z\u00a0Evropsk\u00e9 unie je p\u0159edm\u011btem nejen dramatick\u00fdch polemik a spor\u016f, ale i rozs\u00e1hl\u00e9 politick\u00e9 a medi\u00e1ln\u00ed manipulace. \u201eObjektivist\u00e9\u201c \u0159\u00edkaj\u00ed, \u017ee z\u00a0obou stran, co\u017e nen\u00ed pravda. Manipulovat um\u00ed jen strana vl\u00e1dn\u00ed. Britsk\u00e9, evropsk\u00e9 i sv\u011btov\u00e9 ve\u0159ejnosti je referendum prezentov\u00e1no jako osudov\u00fd krok glob\u00e1ln\u00edho v\u00fdznamu, kter\u00fd sv\u00fdm v\u00fdsledkem (my\u0161leno v\u00fdsledkem ANO) m\u016f\u017ee [&hellip;]<\/p>\n","protected":false},"author":1,"featured_media":0,"comment_status":"open","ping_status":"open","sticky":false,"template":"","format":"standard","meta":{"ngg_post_thumbnail":0,"footnotes":""},"categories":[1],"tags":[],"class_list":["post-7054","post","type-post","status-publish","format-standard","hentry","category-publikovane-clanky"],"_links":{"self":[{"href":"https:\/\/www.ladislavjakl.cz\/index.php?rest_route=\/wp\/v2\/posts\/7054","targetHints":{"allow":["GET"]}}],"collection":[{"href":"https:\/\/www.ladislavjakl.cz\/index.php?rest_route=\/wp\/v2\/posts"}],"about":[{"href":"https:\/\/www.ladislavjakl.cz\/index.php?rest_route=\/wp\/v2\/types\/post"}],"author":[{"embeddable":true,"href":"https:\/\/www.ladislavjakl.cz\/index.php?rest_route=\/wp\/v2\/users\/1"}],"replies":[{"embeddable":true,"href":"https:\/\/www.ladislavjakl.cz\/index.php?rest_route=%2Fwp%2Fv2%2Fcomments&post=7054"}],"version-history":[{"count":1,"href":"https:\/\/www.ladislavjakl.cz\/index.php?rest_route=\/wp\/v2\/posts\/7054\/revisions"}],"predecessor-version":[{"id":7055,"href":"https:\/\/www.ladislavjakl.cz\/index.php?rest_route=\/wp\/v2\/posts\/7054\/revisions\/7055"}],"wp:attachment":[{"href":"https:\/\/www.ladislavjakl.cz\/index.php?rest_route=%2Fwp%2Fv2%2Fmedia&parent=7054"}],"wp:term":[{"taxonomy":"category","embeddable":true,"href":"https:\/\/www.ladislavjakl.cz\/index.php?rest_route=%2Fwp%2Fv2%2Fcategories&post=7054"},{"taxonomy":"post_tag","embeddable":true,"href":"https:\/\/www.ladislavjakl.cz\/index.php?rest_route=%2Fwp%2Fv2%2Ftags&post=7054"}],"curies":[{"name":"wp","href":"https:\/\/api.w.org\/{rel}","templated":true}]}}