{"id":7060,"date":"2016-06-29T11:51:07","date_gmt":"2016-06-29T09:51:07","guid":{"rendered":"http:\/\/www.ladislavjakl.cz\/?p=7060"},"modified":"2016-06-29T11:51:07","modified_gmt":"2016-06-29T09:51:07","slug":"krajinou-po-bitve-nese-se-kvileni","status":"publish","type":"post","link":"https:\/\/www.ladislavjakl.cz\/?p=7060","title":{"rendered":"Krajinou po bitv\u011b nese se kv\u00edlen\u00ed"},"content":{"rendered":"<p>Kvikot, neschopnost p\u0159ijmout novou realitu, zoufal\u00e9 \u010dek\u00e1n\u00ed na probuzen\u00ed ze zl\u00e9ho snu. Vl\u00e1dcov\u00e9, byrokrati, euronaivky v\u0161ech pohlav\u00ed, \u00fadern\u00edci v\u00a0dojen\u00ed bruselsk\u00fdch fond\u016f, soci\u00e1ln\u00ed in\u017een\u00fd\u0159i, neomarxist\u00e9, ekoterorist\u00e9 v\u010detn\u011b t\u011bch um\u00edrn\u011bn\u00fdch, ti v\u0161ichni najednou o sob\u011b vypov\u00eddaj\u00ed v\u00edc, ne\u017e by n\u00e1m o nich \u0159ekl rentgenov\u00fd sn\u00edmek. A inspiruj\u00ed.<\/p>\n<p><!--more--><\/p>\n<p>I Milou\u0161 Jake\u0161, kdy\u017e se p\u016fl roku p\u0159ed kontrarevoluc\u00ed sv\u011b\u0159il sv\u00fdm soudruh\u016fm na \u010cerven\u00e9m hr\u00e1dku, \u017ee \u201ejsme to s\u00a0tou socializac\u00ed trochu p\u0159e\u0161vihli,\u201c m\u011bl v\u00edce sebereflexe, ne\u017e dne\u0161n\u00ed eurosoudruzi. \u017de bychom dnes sly\u0161eli od bruselsk\u00fdch centraliz\u00e1tor\u016f a unifik\u00e1tor\u016f, \u017ee to s\u00a0tou eurointegrac\u00ed \u201etrochu p\u0159e\u0161vihli\u201c? To by museli dor\u016fst aspo\u0148 Jake\u0161ova form\u00e1tu. A tak melou o tom, \u017ee referendum je vlastn\u011b skoro nerelevantn\u00ed. Co by \u0159\u00edkali, kdyby oni vyhr\u00e1li o tis\u00edcinu procenta?<\/p>\n<p>Dokola sly\u0161\u00edme, jak se v\u00a0Kremlu slav\u00ed, jak se otev\u00edr\u00e1 igristoje, jak Putin tan\u010d\u00ed. Lidoveck\u00fd europoslanec Pavel Svoboda n\u00e1s dokonce obohatil o \u00fa\u017easn\u00fd novotvar, kdy\u017e v\u00a0televizi pravil, jak v\u00a0Moskv\u011b \u201epr\u00e1skaj\u00ed lahve\u201c. Asi jen on v\u00ed, jak se vlastn\u011b v\u00a0Moskv\u011b slav\u00edv\u00e1 a co tam s\u00a0t\u011bmi lahvemi d\u011bl\u00e1vaj\u00ed. Ti v\u0161ichni zaru\u010den\u011b v\u011bd\u00ed, \u017ee Rusov\u00e9 j\u00e1saj\u00ed, a\u017e na mali\u010dkost. A\u017e na Rusy. Ti o tom z\u00a0ofici\u00e1ln\u00edch kruh\u016f ne\u0159ekli nic, krom\u011b neutr\u00e1ln\u00edho postoje. A u\u017e v\u016fbec nikdo neum\u00ed dolo\u017eit, \u017ee by snad p\u0159ed referendem z\u00a0Kremlu zn\u011bla n\u011bjak\u00e1 doporu\u010den\u00ed.<\/p>\n<p>Ale zn\u011bla odjinud. Z\u00a0Pekingu, od \u010d\u00ednsk\u00e9ho prezidenta Si Tinpchinga. Vl\u00e1dce u n\u00e1s tak prokl\u00ednan\u00e9 \u010d\u00ednsk\u00e9 \u0159\u00ed\u0161e se p\u0159ed referendem opakovan\u011b nahlas a ve\u0159ejn\u011b vyslovil proti brexitu. \u017de to u n\u00e1s nem\u011blo skoro \u017e\u00e1dnou publicitu? \u017de tis\u00edckr\u00e1t v\u011bt\u0161\u00ed publicitu m\u011bla nedolo\u017een\u00e1 \u00fadajn\u00e1 rusk\u00e1 podpora brexitu? To je p\u0159ece norm\u00e1ln\u00ed, na\u0161e m\u00e9dia pracuj\u00ed podle doporu\u010den\u00ed \u201enehod\u00edc\u00ed se \u0161krtn\u011bte\u201c. Ale spl\u00e9st se t\u00edm nedejme. Kalousek je rafinovan\u00fd \u010d\u00ednsk\u00fd agent. A \u010de\u0161t\u00ed novodob\u00ed pragov\u00e1ci, kte\u0159\u00ed petic\u00ed prosili Brity, aby ti neodch\u00e1zeli od Junckera ke sv\u00e9 kr\u00e1lovn\u011b, to jsou \u010d\u00edn\u0161t\u00ed agenti jakbysmet.<\/p>\n<p>Skoti budou pr\u00fd \u017e\u00e1dat odtrhnut\u00ed od samostatn\u00e9 Velk\u00e9 Brit\u00e1nie a o p\u0159i\u010dlen\u011bn\u00ed k\u00a0EU. Jak se k\u00a0tomu postav\u00ed ti, co tu posledn\u00ed kroky k\u0159i\u010d\u00ed o nemo\u017enosti m\u011bnit hranice, o nemo\u017enosti referendem odtrhnout \u00fazem\u00ed os\u00eddlen\u00e9 men\u0161inou a p\u0159ipojit ho k\u00a0velk\u00e9mu dubisku na v\u00fdchod\u011b za kan\u00e1lem? Nebo se na skotsk\u00e9m pob\u0159e\u017e\u00ed vylod\u00ed zelen\u00ed aktivist\u00e9, mu\u017e\u00edci v\u0161ech pohlav\u00ed, a budou bojovat za sebeur\u010den\u00ed Skot\u016f, proto\u017ee v\u00a0nov\u00e9 realit\u011b je ta lond\u00fdnsk\u00e1 vl\u00e1da u\u017e nereprezentuje? Budou podporovat anexi Severn\u00edho Irska i s\u00a0jeho protestanty Irskou republikou? To by \u0161lo, v\u00a0cel\u00e9m Irsku jsou mu\u017e\u00edci jen zelen\u00ed.<\/p>\n<p>Dokud na stole bruselsk\u00fdch pohlav\u00e1r\u016f nep\u0159istane ofici\u00e1ln\u00ed \u017e\u00e1dost Velk\u00e9 Brit\u00e1nie o vystoupen\u00ed z\u00a0EU, je v\u0161echno dosavadn\u00ed d\u011bn\u00ed zcela vnit\u0159n\u00ed britskou v\u011bc\u00ed. Vynucovat si rychlost a zp\u016fsob jedn\u00e1n\u00ed je zcela nem\u00edstn\u00e9. Referendum je sou\u010d\u00e1st\u00ed dom\u00e1c\u00ed britsk\u00e9 diskuse. A\u017e bude jej\u00edm v\u00fdstupem form\u00e1ln\u00ed postoj, budou o tom jist\u011b p\u0159\u00edslu\u0161n\u00e9 instituce informov\u00e1ny. Do t\u00e9 doby jim do toho nic nen\u00ed, zlostn\u00e9 podup\u00e1v\u00e1n\u00ed jen zvy\u0161uje bruselskou trapnost.<\/p>\n<p>V\u00a0brexit jsem nev\u011b\u0159il. Ani te\u010f si j\u00edm nejsem zcela jist. Bestie bude kopat. Ale ten stript\u00fdz eurohujer\u016f v\u00a0politice i v\u00a0m\u00e9di\u00edch st\u00e1l v\u00a0posledn\u00edch dnech za to. N\u00e1rod je vid\u011bl, sly\u0161el, pochopil. Jejich strach je \u00fapln\u011b opr\u00e1vn\u011bn\u00fd.<\/p>\n","protected":false},"excerpt":{"rendered":"<p>Kvikot, neschopnost p\u0159ijmout novou realitu, zoufal\u00e9 \u010dek\u00e1n\u00ed na probuzen\u00ed ze zl\u00e9ho snu. Vl\u00e1dcov\u00e9, byrokrati, euronaivky v\u0161ech pohlav\u00ed, \u00fadern\u00edci v\u00a0dojen\u00ed bruselsk\u00fdch fond\u016f, soci\u00e1ln\u00ed in\u017een\u00fd\u0159i, neomarxist\u00e9, ekoterorist\u00e9 v\u010detn\u011b t\u011bch um\u00edrn\u011bn\u00fdch, ti v\u0161ichni najednou o sob\u011b vypov\u00eddaj\u00ed v\u00edc, ne\u017e by n\u00e1m o nich \u0159ekl rentgenov\u00fd sn\u00edmek. A inspiruj\u00ed.<\/p>\n","protected":false},"author":1,"featured_media":0,"comment_status":"open","ping_status":"open","sticky":false,"template":"","format":"standard","meta":{"ngg_post_thumbnail":0,"footnotes":""},"categories":[18],"tags":[],"class_list":["post-7060","post","type-post","status-publish","format-standard","hentry","category-postrehy"],"_links":{"self":[{"href":"https:\/\/www.ladislavjakl.cz\/index.php?rest_route=\/wp\/v2\/posts\/7060","targetHints":{"allow":["GET"]}}],"collection":[{"href":"https:\/\/www.ladislavjakl.cz\/index.php?rest_route=\/wp\/v2\/posts"}],"about":[{"href":"https:\/\/www.ladislavjakl.cz\/index.php?rest_route=\/wp\/v2\/types\/post"}],"author":[{"embeddable":true,"href":"https:\/\/www.ladislavjakl.cz\/index.php?rest_route=\/wp\/v2\/users\/1"}],"replies":[{"embeddable":true,"href":"https:\/\/www.ladislavjakl.cz\/index.php?rest_route=%2Fwp%2Fv2%2Fcomments&post=7060"}],"version-history":[{"count":1,"href":"https:\/\/www.ladislavjakl.cz\/index.php?rest_route=\/wp\/v2\/posts\/7060\/revisions"}],"predecessor-version":[{"id":7061,"href":"https:\/\/www.ladislavjakl.cz\/index.php?rest_route=\/wp\/v2\/posts\/7060\/revisions\/7061"}],"wp:attachment":[{"href":"https:\/\/www.ladislavjakl.cz\/index.php?rest_route=%2Fwp%2Fv2%2Fmedia&parent=7060"}],"wp:term":[{"taxonomy":"category","embeddable":true,"href":"https:\/\/www.ladislavjakl.cz\/index.php?rest_route=%2Fwp%2Fv2%2Fcategories&post=7060"},{"taxonomy":"post_tag","embeddable":true,"href":"https:\/\/www.ladislavjakl.cz\/index.php?rest_route=%2Fwp%2Fv2%2Ftags&post=7060"}],"curies":[{"name":"wp","href":"https:\/\/api.w.org\/{rel}","templated":true}]}}