{"id":7066,"date":"2016-06-30T12:44:34","date_gmt":"2016-06-30T10:44:34","guid":{"rendered":"http:\/\/www.ladislavjakl.cz\/?p=7066"},"modified":"2016-06-30T12:44:34","modified_gmt":"2016-06-30T10:44:34","slug":"odpurci-islamu-zalozili-alternativu-pro-cr-2017-podporil-je-i-jakl","status":"publish","type":"post","link":"https:\/\/www.ladislavjakl.cz\/?p=7066","title":{"rendered":"Odp\u016frci isl\u00e1mu zalo\u017eili Alternativu pro \u010cR 2017, podpo\u0159il je i Jakl"},"content":{"rendered":"<p>Sociolog Petr Hampl byl na ned\u011bln\u00edm ustavuj\u00edc\u00edm sn\u011bmu v Praze zvolen p\u0159edsedou nov\u011b vznikl\u00e9 strany Alternativa pro \u010ceskou republiku 2017. Strana chce bojovat proti islamizaci a multikulturalismu. Evropskou unii hodl\u00e1 transformovat zp\u011bt do Evropsk\u00e9ho spole\u010denstv\u00ed. Nevylu\u010duje ani podporu \u201eczexitu\u201c.<\/p>\n<p><!--more--><\/p>\n<p><a href=\"https:\/\/www.ladislavjakl.cz\/wp-content\/uploads\/2016\/06\/hampl.png\"><img loading=\"lazy\" decoding=\"async\" class=\"alignnone  wp-image-7067\" src=\"https:\/\/www.ladislavjakl.cz\/wp-content\/uploads\/2016\/06\/hampl.png\" alt=\"hampl\" width=\"359\" height=\"405\" srcset=\"https:\/\/www.ladislavjakl.cz\/wp-content\/uploads\/2016\/06\/hampl.png 519w, https:\/\/www.ladislavjakl.cz\/wp-content\/uploads\/2016\/06\/hampl-264x297.png 264w\" sizes=\"auto, (max-width: 359px) 100vw, 359px\" \/><\/a><\/p>\n<p>Prvn\u00edm m\u00edstop\u0159edsedou se stal publicista Petr \u0160t\u011bp\u00e1nek. Strana, kter\u00e1 se zrodila v okruhu n\u011bkter\u00fdch \u010dlen\u016f b\u00fdval\u00e9ho Bloku proti isl\u00e1mu, o tom informovala v tiskov\u00e9 zpr\u00e1v\u011b.<\/p>\n<p>Sn\u011bm pov\u011b\u0159il Hampla vypracov\u00e1n\u00edm podrobn\u00e9ho politick\u00e9ho a volebn\u00edho programu. Alternativa chce mimo jin\u00e9 zastavit multikulturalismus a islamizaci Evropy nebo transformovat EU zp\u011bt do podoby Evropsk\u00fdch spole\u010denstv\u00ed.<\/p>\n<p>\u201eNebude-li to mo\u017en\u00e9, pak czexit,\u201c uvedli z\u00e1stupci strany. V z\u00e1kladn\u00edch programov\u00fdch tez\u00edch d\u00e1le zd\u016fraznili, \u017ee cht\u011bj\u00ed zjednodu\u0161it da\u0148ov\u00fd\u00a0syst\u00e9m, zredukovat zbyte\u010dn\u00e9 regulace \u010di z\u00e1kony, \u201eodst\u0159ihnout\u201c politick\u00e9 neziskov\u00e9 organizace od ve\u0159ejn\u00fdch rozpo\u010dt\u016f, zru\u0161it koncesion\u00e1\u0159sk\u00e9 poplatky a \u201enapravit\u201c ve\u0159ejnopr\u00e1vn\u00ed m\u00e9dia.<\/p>\n<h3 id=\"--jakl-kritizoval-socialni-inzenyry-bruselske-\" class=\"tit not4bbtext\">Jakl kritizoval \u201esoci\u00e1ln\u00ed in\u017een\u00fdry bruselsk\u00e9\u201c<\/h3>\n<p>Podporu nov\u00e9 stran\u011b nazna\u010dil ve videozdravici zve\u0159ejn\u011bn\u00e9 na Facebooku b\u00fdval\u00fd \u0159editel politick\u00e9ho odboru Kancel\u00e1\u0159e prezidenta V\u00e1clava Klause Ladislav Jakl. D\u016fle\u017eit\u00fdm t\u00e9matem, kter\u00fdm by se nov\u00e1 strana m\u011bla zab\u00fdvat, je podle n\u011bj bruselsk\u00e1 byrokracie.<\/p>\n<p>\u201eAsi nejd\u016fle\u017eit\u011bj\u0161\u00edm t\u00e9matem je, jestli dovol\u00edme t\u011bm soci\u00e1ln\u00edm in\u017een\u00fdr\u016fm bruselsk\u00fdm a probruselsk\u00fdm, aby nad\u00e1le prov\u00e1d\u011bli a d\u00e1l je\u0161t\u011b rozt\u00e1\u010deli sv\u00e9 divok\u00e9 experimenty se svobodn\u00fdmi evropsk\u00fdmi n\u00e1rody a jejich ob\u010dany. Pokud vznikaj\u00edc\u00ed alternativa pro \u010cesko uchop\u00ed pr\u00e1v\u011b toto t\u00e9ma, tak bych ji v tom moc p\u0159\u00e1l a moc\u00a0fandil,\u201c uvedl Jakl, kter\u00fd v sou\u010dasnosti p\u016fsob\u00ed v Institutu V\u00e1clava Klause.<\/p>\n<p>Sn\u011bm podpo\u0159il exprezidenta v jeho iniciativ\u011b ustavit kontinent\u00e1ln\u00ed organizaci Alternativa pro Evropu, je\u017e by zast\u0159e\u0161ovala obdobn\u011b zam\u011b\u0159en\u00e9 evropsk\u00e9 politick\u00e9 strany (v\u00edce \u010dt\u011bte zde). Alternativa si p\u0159eje st\u00e1t se \u010dlenem takov\u00e9ho celoevropsk\u00e9ho hnut\u00ed.<\/p>\n<p>Blok proti isl\u00e1mu se rozpustil v kv\u011btnu na sv\u00e9m sn\u011bmu. Jeho l\u00eddr Martin Konvi\u010dka zalo\u017eil vlastn\u00ed iniciativu. Hamplova skupina, kter\u00e1 iniciovala vznik Alternativy pro\u00a0\u010ceskou\u00a0republiku, se kv\u016fli podobn\u00e9mu n\u00e1zvu dostala do sporu s ji\u017e zaregistrovan\u00fdm subjektem Alternativa pro \u010cesko (AP\u010c).<\/p>\n<p><a href=\"http:\/\/zpravy.idnes.cz\/hampl-se-stal-predsedou-alternativy-pro-ceskou-republiku-2017-pl6-\/domaci.aspx?c=A160626_215155_domaci_fka\" target=\"_blank\">Zdroj<\/a><\/p>\n<p>&nbsp;<\/p>\n","protected":false},"excerpt":{"rendered":"<p>Sociolog Petr Hampl byl na ned\u011bln\u00edm ustavuj\u00edc\u00edm sn\u011bmu v Praze zvolen p\u0159edsedou nov\u011b vznikl\u00e9 strany Alternativa pro \u010ceskou republiku 2017. Strana chce bojovat proti islamizaci a multikulturalismu. Evropskou unii hodl\u00e1 transformovat zp\u011bt do Evropsk\u00e9ho spole\u010denstv\u00ed. Nevylu\u010duje ani podporu \u201eczexitu\u201c.<\/p>\n","protected":false},"author":1,"featured_media":0,"comment_status":"open","ping_status":"open","sticky":false,"template":"","format":"standard","meta":{"ngg_post_thumbnail":0,"footnotes":""},"categories":[1],"tags":[],"class_list":["post-7066","post","type-post","status-publish","format-standard","hentry","category-publikovane-clanky"],"_links":{"self":[{"href":"https:\/\/www.ladislavjakl.cz\/index.php?rest_route=\/wp\/v2\/posts\/7066","targetHints":{"allow":["GET"]}}],"collection":[{"href":"https:\/\/www.ladislavjakl.cz\/index.php?rest_route=\/wp\/v2\/posts"}],"about":[{"href":"https:\/\/www.ladislavjakl.cz\/index.php?rest_route=\/wp\/v2\/types\/post"}],"author":[{"embeddable":true,"href":"https:\/\/www.ladislavjakl.cz\/index.php?rest_route=\/wp\/v2\/users\/1"}],"replies":[{"embeddable":true,"href":"https:\/\/www.ladislavjakl.cz\/index.php?rest_route=%2Fwp%2Fv2%2Fcomments&post=7066"}],"version-history":[{"count":1,"href":"https:\/\/www.ladislavjakl.cz\/index.php?rest_route=\/wp\/v2\/posts\/7066\/revisions"}],"predecessor-version":[{"id":7068,"href":"https:\/\/www.ladislavjakl.cz\/index.php?rest_route=\/wp\/v2\/posts\/7066\/revisions\/7068"}],"wp:attachment":[{"href":"https:\/\/www.ladislavjakl.cz\/index.php?rest_route=%2Fwp%2Fv2%2Fmedia&parent=7066"}],"wp:term":[{"taxonomy":"category","embeddable":true,"href":"https:\/\/www.ladislavjakl.cz\/index.php?rest_route=%2Fwp%2Fv2%2Fcategories&post=7066"},{"taxonomy":"post_tag","embeddable":true,"href":"https:\/\/www.ladislavjakl.cz\/index.php?rest_route=%2Fwp%2Fv2%2Ftags&post=7066"}],"curies":[{"name":"wp","href":"https:\/\/api.w.org\/{rel}","templated":true}]}}