{"id":7070,"date":"2016-07-01T15:07:36","date_gmt":"2016-07-01T13:07:36","guid":{"rendered":"http:\/\/www.ladislavjakl.cz\/?p=7070"},"modified":"2016-07-01T15:07:36","modified_gmt":"2016-07-01T13:07:36","slug":"stanovisko-ivk-ke-dni-30-6-2016-je-nutno-vynucovat-si-dnes-nejaky-plan-brexitu","status":"publish","type":"post","link":"https:\/\/www.ladislavjakl.cz\/?p=7070","title":{"rendered":"Stanovisko IVK ke dni 30. 6. 2016: Je nutno vynucovat si dnes n\u011bjak\u00fd pl\u00e1n brexitu?"},"content":{"rendered":"<p>Podle p\u0159edsedy Evropsk\u00e9 komise Jeana-Clauda Junckera nemaj\u00ed v\u00edt\u011bzov\u00e9 britsk\u00e9ho referenda \u017e\u00e1dn\u00fd pl\u00e1n, jak nyn\u00ed d\u00e1le postupovat p\u0159i odchodu z\u00a0EU a jak upravit p\u0159\u00ed\u0161t\u00ed vztahy s\u00a0uni\u00ed.<\/p>\n<p><!--more--><\/p>\n<p>Tato v\u00fdtka je op\u011bt jen dal\u0161\u00edm z\u00a0projev\u016f pocitu mor\u00e1ln\u00ed nad\u0159azenosti bruselsk\u00fdch elit nad v\u0161emi, kdo maj\u00ed v\u00fdhrady k\u00a0dosavadn\u00edmu integra\u010dn\u00edmu kursu, v\u011bcn\u011b opr\u00e1vn\u011bna ale nen\u00ed.<\/p>\n<p>V\u017edy\u0165 jak\u00fd pl\u00e1n maj\u00ed auto\u0159i t\u011bchto v\u00fdtek, co se t\u00fd\u010de \u0159e\u0161en\u00ed aktu\u00e1ln\u00edch kriz\u00ed EU s\u00a0\u0158eckem, masovou migrac\u00ed, bezpe\u010dnost\u00ed \u010di hospod\u00e1\u0159skou stagnac\u00ed? \u017d\u00e1dn\u00fd, jen st\u00e1le tu\u017e\u0161\u00ed a centralizovan\u011bj\u0161\u00ed unifikaci.<\/p>\n<p>Pl\u00e1n odp\u016frc\u016f dosavadn\u00edho sm\u011b\u0159ov\u00e1n\u00ed EU \u2013 v\u010detn\u011b t\u011bch, kte\u0159\u00ed po\u017eaduj\u00ed vystoupen\u00ed sv\u00e9 zem\u011b z\u00a0tohoto nev\u00fdhodn\u00e9ho svazku \u2013 je v\u00a0j\u00e1dru p\u0159ece velmi jednoduch\u00fd: konec regulac\u00ed, konec ukrajov\u00e1n\u00ed suverenit \u010dlensk\u00fdch parlamentn\u00edch demokraci\u00ed, p\u0159\u00e1telsk\u00e1 vz\u00e1jemn\u00e1 spolupr\u00e1ce v\u00a0oblastech spole\u010dn\u00fdch z\u00e1jm\u016f a pokud mo\u017eno co nejvoln\u011bj\u0161\u00ed mezin\u00e1rodn\u00ed obchod.<\/p>\n<p>Projekt\u016f na konkr\u00e9tn\u00ed postup p\u0159i in\u017een\u00fdrov\u00e1n\u00ed dekonstrukce s\u00edt\u011b zni\u010duj\u00edc\u00edch direktiv a jejich nahrazen\u00ed soustavou oboustrann\u011b v\u00fdhodn\u00fdch smluv je mnoho a existuj\u00ed po cel\u00e1 l\u00e9ta v\u00a0ka\u017ed\u00e9 zemi. I u n\u00e1s na toto t\u00e9ma vy\u0161ly \u010detn\u00e9 zaj\u00edmav\u00e9 texty.<\/p>\n<p>Nov\u00e9 veden\u00ed Brit\u00e1nie (kter\u00e9 nav\u00edc je\u0161t\u011b ani nebylo ustaveno) ale zat\u00edm nem\u00e1 mand\u00e1t k\u00a0tomu, aby ur\u010dit\u00fd z\u00a0existuj\u00edc\u00edch sc\u00e9n\u00e1\u0159\u016f adoptovalo a pot\u00e9 p\u0159i vyjedn\u00e1v\u00e1n\u00edch s\u00a0p\u0159edstaviteli EU prosazovalo. Jen\u017ee mand\u00e1t je slovo, kter\u00e9mu v\u00a0Bruselu asi d\u00e1vno p\u0159estali rozum\u011bt.<\/p>\n<p>Od referenda uplynul sotva t\u00fdden a nen\u00ed d\u016fvod k\u00a0nervozit\u011b. Juncker nemus\u00ed m\u00edt obavy, \u017ee snad Brit\u00e1nie v\u00a0prav\u00fd \u010das nep\u0159ijde s\u00a0konceptem budouc\u00edho vz\u00e1jemn\u00e9ho uspo\u0159\u00e1d\u00e1n\u00ed vztah\u016f.<\/p>\n<p>My ostatn\u00ed &#8211; krom\u011b nerv\u00f3zn\u00edho p\u0159edsedy EK &#8211; dob\u0159e v\u00edme, \u017ee kdy\u017e se \u010dlov\u011bk ztrat\u00ed v\u00a0lese, je jeho starost\u00ed hlavn\u011b nejd\u0159\u00edv vymyslet, jak se dostat ven a naj\u00edt cestu ke sv\u00e9mu hotelu. K\u00a0tomu nepot\u0159ebuje m\u00edt p\u0159edem jasnou p\u0159edstavu o tom, co si pak na hotelu d\u00e1 k\u00a0ve\u010de\u0159i.<\/p>\n<p><em>Ladislav Jakl<\/em><\/p>\n<p><a href=\"http:\/\/www.institutvk.cz\/stanovisko-ivk-ke-dni-30-6-2016-je-nutno-vynucovat-si-dnes-nejaky-plan-brexitu\" target=\"_blank\">Zdroj<\/a><\/p>\n","protected":false},"excerpt":{"rendered":"<p>Podle p\u0159edsedy Evropsk\u00e9 komise Jeana-Clauda Junckera nemaj\u00ed v\u00edt\u011bzov\u00e9 britsk\u00e9ho referenda \u017e\u00e1dn\u00fd pl\u00e1n, jak nyn\u00ed d\u00e1le postupovat p\u0159i odchodu z\u00a0EU a jak upravit p\u0159\u00ed\u0161t\u00ed vztahy s\u00a0uni\u00ed.<\/p>\n","protected":false},"author":1,"featured_media":0,"comment_status":"open","ping_status":"open","sticky":false,"template":"","format":"standard","meta":{"ngg_post_thumbnail":0,"footnotes":""},"categories":[1],"tags":[],"class_list":["post-7070","post","type-post","status-publish","format-standard","hentry","category-publikovane-clanky"],"_links":{"self":[{"href":"https:\/\/www.ladislavjakl.cz\/index.php?rest_route=\/wp\/v2\/posts\/7070","targetHints":{"allow":["GET"]}}],"collection":[{"href":"https:\/\/www.ladislavjakl.cz\/index.php?rest_route=\/wp\/v2\/posts"}],"about":[{"href":"https:\/\/www.ladislavjakl.cz\/index.php?rest_route=\/wp\/v2\/types\/post"}],"author":[{"embeddable":true,"href":"https:\/\/www.ladislavjakl.cz\/index.php?rest_route=\/wp\/v2\/users\/1"}],"replies":[{"embeddable":true,"href":"https:\/\/www.ladislavjakl.cz\/index.php?rest_route=%2Fwp%2Fv2%2Fcomments&post=7070"}],"version-history":[{"count":1,"href":"https:\/\/www.ladislavjakl.cz\/index.php?rest_route=\/wp\/v2\/posts\/7070\/revisions"}],"predecessor-version":[{"id":7071,"href":"https:\/\/www.ladislavjakl.cz\/index.php?rest_route=\/wp\/v2\/posts\/7070\/revisions\/7071"}],"wp:attachment":[{"href":"https:\/\/www.ladislavjakl.cz\/index.php?rest_route=%2Fwp%2Fv2%2Fmedia&parent=7070"}],"wp:term":[{"taxonomy":"category","embeddable":true,"href":"https:\/\/www.ladislavjakl.cz\/index.php?rest_route=%2Fwp%2Fv2%2Fcategories&post=7070"},{"taxonomy":"post_tag","embeddable":true,"href":"https:\/\/www.ladislavjakl.cz\/index.php?rest_route=%2Fwp%2Fv2%2Ftags&post=7070"}],"curies":[{"name":"wp","href":"https:\/\/api.w.org\/{rel}","templated":true}]}}