{"id":7072,"date":"2016-07-01T15:08:52","date_gmt":"2016-07-01T13:08:52","guid":{"rendered":"http:\/\/www.ladislavjakl.cz\/?p=7072"},"modified":"2016-07-01T15:08:52","modified_gmt":"2016-07-01T13:08:52","slug":"klausuv-jakl-halik-je-upir-a-je-naprosto-nekvalifikovany-k-rozhodovani-o-demokracii-ci-eu-eu-je-diktatura-a-musi-byt-znicena-bruselsti-vzteklouni-se-budou-chtit-mstit","status":"publish","type":"post","link":"https:\/\/www.ladislavjakl.cz\/?p=7072","title":{"rendered":"Klaus\u016fv Jakl: Hal\u00edk je up\u00edr a je naprosto nekvalifikovan\u00fd k rozhodov\u00e1n\u00ed o demokracii \u010di EU. EU je diktatura a mus\u00ed b\u00fdt zni\u010dena. Brusel\u0161t\u00ed vzteklouni se budou cht\u00edt mst\u00edt"},"content":{"rendered":"<p>ROZHOVOR B\u00fdval\u00fd tajemn\u00edk prezidenta V\u00e1clava Klause a spolupracovn\u00edk IVK Ladislav Jakl \u0159\u00edk\u00e1, \u017ee proces evropsk\u00e9 integrace \u00fast\u00ed v diktaturu a EU mus\u00ed b\u00fdt zni\u010dena. Tom\u00e1\u0161 Hal\u00edk je podle n\u011bj naprosto nekvalifikovan\u00fd k rozhodov\u00e1n\u00ed o v\u011bcech demokracie \u010di EU, p\u0159esto by mu hlasovac\u00ed pr\u00e1vo nebral, a\u010dkoli Hal\u00edk chce lidem vz\u00edt pr\u00e1vo hlasovat v referendu.<\/p>\n<p><!--more--><\/p>\n<p><strong>Co \u0159\u00edk\u00e1te tomu, \u017ee se objevuj\u00ed n\u00e1vrhy na opakov\u00e1n\u00ed referenda ve Velk\u00e9 Brit\u00e1nii? Jako reakce vznikla humorn\u00e1 petice po\u017eaduj\u00edc\u00ed opakov\u00e1n\u00ed fotbalov\u00e9ho z\u00e1pasu mezi Angli\u00ed a Islandem&#8230;<\/strong><\/p>\n<p>Tyhle n\u00e1vrhy na opakov\u00e1n\u00ed referenda by byly jen legra\u010dn\u00edm folkl\u00f3rem, opakovan\u00fdm d\u016fkazem neschopnosti euroextremist\u016f p\u0159ijmout realitu. Ale za\u017eili jsme v\u00a0jejich pod\u00e1n\u00ed u\u017e leccos, \u017e\u00e1dn\u00e1 \u0161\u00edlenost jim nen\u00ed nemo\u017enou. A\u017e se jim p\u0159\u00ed\u0161t\u011b nepovede \u00fater\u00fd, bude se mo\u017en\u00e1 naz\u00edt\u0159\u00ed m\u00edsto st\u0159edy opakovat je\u0161t\u011b jedno \u00fater\u00fd.<\/p>\n<p><strong>V\u00edme, \u017ee Nizozemci a Francouzi odm\u00edtli Evropskou \u00fastavu. Potom p\u0159i\u0161la Lisabonsk\u00e1 smlouva, kter\u00e1 obsahovala to sam\u00e9 co Evropsk\u00e1 \u00fastava, jenom v jin\u00e9 form\u011b. Umo\u017en\u011bno hlasovat v referendu bylo jenom Ir\u016fm (Francouz\u016fm a Nizozemc\u016fm ji\u017e rad\u011bji ne). Irov\u00e9 Lisabonskou smlouvu odm\u00edtli. Museli pak hlasovat znovu. O \u010dem to vypov\u00edd\u00e1? Demokracie jenom, kdy\u017e ob\u010dan\u00e9 hlasuj\u00ed tak, jak si politici p\u0159ej\u00ed?<\/strong><\/p>\n<p>To si vlastn\u011b odpov\u00edd\u00e1te s\u00e1m. P\u0159esn\u011b tak to cht\u011bj\u00ed, p\u0159esn\u011b tak to d\u011blaj\u00ed. Ale nech\u00e1pou, \u017ee pod tou pokli\u010dkou, na kter\u00e9 sed\u00ed, se tlak zvy\u0161uje, tu pokli\u010dku nelze dr\u017eet donekone\u010dna.<\/p>\n<p><strong>Tom\u00e1\u0161 Hal\u00edk \u0159ekl, \u017ee pova\u017euje p\u0159\u00edmou demokracii za zr\u016fdnou v\u011bc, nebo\u0165 zast\u00e1v\u00e1 n\u00e1zor, \u017ee k\u00a0z\u00e1padn\u00ed kultu\u0159e pat\u0159\u00ed parlamentn\u00ed demokracie. Na pozn\u00e1mku moder\u00e1torky po\u0159adu Daniely Drtinov\u00e9, zda to nen\u00ed pohrd\u00e1n\u00ed elit b\u011b\u017en\u00fdmi lidmi, Hal\u00edk odv\u011btil, \u017ee nikoliv. \u017de je to hlas rozumu proti velk\u00e9mu nebezpe\u010d\u00ed. Nebezpe\u010d\u00ed podle jeho n\u00e1zoru spo\u010d\u00edv\u00e1 v\u00a0tom, \u017ee lid\u00e9 naprosto nekvalifikovan\u00ed rozhoduj\u00ed o v\u011bcech, kter\u00fdm v\u016fbec nerozum\u011bj\u00ed. Oproti tomu v\u00a0parlamentn\u00ed zastupitelsk\u00e9 demokracii jsou pov\u011b\u0159eni lid\u00e9, kte\u0159\u00ed maj\u00ed mo\u017enost ty v\u011bci studovat, debatovat a pak ud\u011blat kvalifikovan\u00e9 rozhodnut\u00ed. Co si o tom mysl\u00edte?<\/strong><\/p>\n<p>J\u00e1 patera Hal\u00edka pova\u017euji tak\u00e9 za naprosto nekvalifikovan\u00e9ho k\u00a0rozhodov\u00e1n\u00ed o v\u011bcech demokracie \u010di evropsk\u00e9 integrace. Ale pr\u00e1vo pod\u00edlet se na takov\u00fdch rozhodnut\u00edch t\u0159eba hlasov\u00e1n\u00edm v\u00a0referendu bych mu nikdy neup\u00edral. Up\u00edraj\u00ed jen up\u00ed\u0159i, jako je on.<\/p>\n<p><strong>Nen\u00ed nyn\u00ed kritika p\u0159\u00edm\u00e9 demokracie \u00fa\u010delov\u00e1? Ti, kte\u0159\u00ed podporovali p\u0159\u00edmou volbu prezidenta, kdy\u017e nevyhr\u00e1l jejich kandid\u00e1t, nyn\u00ed p\u0159\u00edmou volbu zpochyb\u0148uj\u00ed. Kdy\u017e referendum o vstupu \u010cR do EU dopadlo podle p\u0159\u00e1n\u00ed zast\u00e1nc\u016f EU, nikdo proti referendu neprotestoval. Kdy\u017e se nyn\u00ed lid\u00e9 v referendech vyslovuj\u00ed proti EU, tak r\u016fzn\u00ed politici, kte\u0159\u00ed referenda h\u00e1jili, \u0159\u00edkaj\u00ed, \u017ee referenda nep\u0159ipust\u00ed&#8230;<\/strong><\/p>\n<p>To mi moc uleh\u010dujete, kdy\u017e to \u0159\u00edk\u00e1te za m\u011b. Ale dod\u00e1m jednu v\u011bc. Svoboda nep\u0159ich\u00e1z\u00ed shora, rozmarem vl\u00e1dc\u016f. Svobodu rozhodovat si lid\u00e9 berou, n\u011bkdy o ni i bojuj\u00ed. Ani nyn\u00ed nebudou \u010dekat, a\u017e eurovl\u00e1dci sami od sebe jednou proz\u0159ou \u00a0a seznaj\u00ed, \u017ee n\u00e1rod ji\u017e dorostl k\u00a0demokracii.<\/p>\n<p><strong>Podporujete Czexit. Neob\u00e1v\u00e1te se, \u017ee by se n\u00e1m EU po na\u0161em vystoupen\u00ed cht\u011bla mst\u00edt?<\/strong><\/p>\n<p>EU se mst\u00edt nebude, ale n\u011bkte\u0159\u00ed jej\u00ed pohlav\u00e1\u0159i by moc r\u00e1di. Msta je ale v\u00a0mezin\u00e1rodn\u00edch vztaz\u00edch v\u011bc neproduktivn\u00ed, nikomu u\u017eitek nep\u0159in\u00e1\u0161\u00ed. Rozhodnou nakonec z\u00e1jmy, i navzdory bruselsk\u00fdm vztekloun\u016fm. Rozhodne z\u00e1jem lid\u00ed, firem a n\u00e1rod\u016f m\u00edt p\u0159\u00e1telsk\u00e9 vztahy a obchodovat navz\u00e1jem co nejsvobodn\u011bji.<\/p>\n<p><strong>Co \u0159\u00edk\u00e1te hlas\u016fm, \u017ee kritici Evropsk\u00e9 unie jsou agenty Putina a Ruska a \u017ee bychom po vystoupen\u00ed byli pohlceni Ruskem?<\/strong><\/p>\n<p>Copak Ruskem. Mo\u017en\u00e1 n\u00e1s chce pohltit Indon\u00e9sie nebo Braz\u00edlie. V\u0161iml si v\u016fbec n\u011bkdo, \u017ee Rusko s\u00a0n\u00e1mi u\u017e dost let ani nesoused\u00ed? \u017de jeho v\u00fddaje na obranu jsou men\u0161\u00ed ne\u017e t\u0159eba samotn\u00e9 Brit\u00e1nie? Pro\u010d se nikdo ned\u011bs\u00ed, \u017ee proti Brexitu se otev\u0159en\u011b anga\u017eovala \u010c\u00edna? Jsou eurohuje\u0159i \u010d\u00ednsk\u00fdmi agenty?<\/p>\n<p><strong>Podporujete vystoupen\u00ed\u00a0\u010cesk\u00e9 republiky z EU. Co by m\u011blo podle v\u00e1s b\u00fdt potom? Vstoupit do EFTA a m\u00edt podobn\u00fd status jako Norsko, Lichten\u0161tejnsko \u010di \u0160v\u00fdcarsko \u2013 tedy suverenitu a sou\u010dasn\u011b obchod se st\u00e1ty EU? A do budoucna t\u0159eba spolupracovat \u00fa\u017eeji na b\u00e1zi Visegr\u00e1du? Nebo zalo\u017eit novou alternativn\u00ed integraci na b\u00e1zi EFTA, kam by postupn\u011b vstupovaly dal\u0161\u00ed st\u00e1ty, kter\u00e9 by vystupovaly z EU? EFTA p\u016fvodn\u011b m\u011bla za \u010dlensk\u00e9 st\u00e1ty ty, kter\u00e9 oponovaly centraliza\u010dn\u00edmu tlaku Francie a N\u011bmecka&#8230;<\/strong><\/p>\n<p>V\u0161echny tyto varianty jsou mo\u017en\u00e9, stejn\u011b jako jak\u00e1koli jejich kombinace. Ale mus\u00edm se p\u0159iznat, \u017ee u\u017e nem\u00e1m d\u016fv\u011bru v\u00a0\u017e\u00e1dnou multilater\u00e1ln\u00ed institucionalizovanou spolupr\u00e1ci. Kolektivn\u00ed smlouvy funguj\u00ed v\u017edy jen do\u010dasn\u011b, k\u00a0jednomu \u00fa\u010delu a maj\u00ed velik\u00e1 rizika, nap\u0159\u00edklad v\u00a0podob\u011b zata\u017een\u00ed do ciz\u00edch konflikt\u016f. Hlavn\u011b ale mysl\u00edm, \u017ee jak\u00e1koli v\u00edcen\u00e1rodn\u00ed instituce nakonec zdegeneruje t\u00edm, \u017ee si za\u010dne p\u0159ibalovat nov\u00e9 a dal\u0161\u00ed ambice, a\u017e nakonec bude cht\u00edt \u0159\u00eddit \u00fapln\u011b v\u0161echno. Mysl\u00edm, \u017ee budoucnost je v\u00a0bilater\u00e1ln\u00edch, vz\u00e1jemn\u011b v\u00fdhodn\u00fdch vztaz\u00edch, ve dvojstrann\u00fdch dohod\u00e1ch. \u010c\u00edm v\u00edc o tom za posledn\u00ed l\u00e9ta p\u0159em\u00fd\u0161l\u00edm, t\u00edm se mi to zd\u00e1 jasn\u011bj\u0161\u00ed.<\/p>\n<p><strong>A nen\u00ed pro n\u00e1s opu\u0161t\u011bn\u00ed EU nutnost\u00ed u\u017e tak\u00e9 s ohledem na kv\u00f3ty na uprchl\u00edky, voln\u00fd pohyb migrant\u016f bez kontroly na hranic\u00edch \u010dlensk\u00fdch st\u00e1t\u016f EU a spole\u010dnou imigra\u010dn\u00ed politiku EU? Nav\u00edc z\u00e1padn\u00ed st\u00e1ty EU se budou islamizovat a demokratickou cestou tam m\u016f\u017ee b\u00fdt nastolena isl\u00e1msk\u00e1 diktatura. A prost\u0159ednictv\u00edm vlivu velk\u00fdch, do budoucna muslimsk\u00fdch st\u00e1t\u016f EU pak i u n\u00e1s&#8230;<\/strong><\/p>\n<p>Isl\u00e1msk\u00e1 nebo ultralevicov\u00e1, prost\u011b diktatura je jedin\u00fdm mo\u017en\u00fdm vy\u00fast\u011bn\u00edm sou\u010dasn\u00e9ho evropsk\u00e9ho integra\u010dn\u00edho procesu. Proto mus\u00ed b\u00fdt v\u010das zastaven a zni\u010den. Nebo alespo\u0148 opu\u0161t\u011bn t\u011bmi, kdo je\u0161t\u011b maj\u00ed zbytky pudu sebez\u00e1chovy.<\/p>\n<p><strong>O\u010dek\u00e1v\u00e1te, \u017ee z EU vystoup\u00ed dal\u0161\u00ed st\u00e1ty? Marine Le Penov\u00e1 m\u016f\u017ee vyhr\u00e1t ve Francii, Nizozemci jsou euroskepti\u010dt\u00ed, D\u00e1nov\u00e9, Raku\u0161an\u00e9&#8230; V It\u00e1lii roste odpor k euru&#8230;<\/strong><\/p>\n<p>To nemohu vylou\u010dit, ale takov\u00fd proces bude trvat dlouh\u00e1 l\u00e9ta. V\u011bt\u0161\u00ed nad\u011bje bych vkl\u00e1dal do n\u00e1hl\u00e9ho zhroucen\u00ed cel\u00e9 t\u00e9 Babyl\u00f3nsk\u00e9 eurov\u011b\u017ee. Ze Sov\u011btsk\u00e9ho svazu tak\u00e9 neodpad\u00e1vala cihli\u010dka po cihli\u010dce v\u00a0pr\u016fb\u011bhu desetilet\u00ed. Musel se zhroutit najednou. Evropsk\u00e1 unie je budov\u00e1na n\u011bkdy a\u017e do detail\u016f podle vzoru sov\u011btsk\u00e9 \u0159\u00ed\u0161e. Tak a\u0165 napodobov\u00e1n\u00ed dot\u00e1hne a\u017e do konce. Posledn\u00ed zhasne.<\/p>\n<p><a href=\"http:\/\/www.parlamentnilisty.cz\/arena\/rozhovory\/Klausuv-Jakl-Halik-je-upir-a-je-naprosto-nekvalifikovany-k-rozhodovani-o-demokracii-ci-EU-EU-je-diktatura-a-musi-byt-znicena-Bruselsti-vzteklouni-se-budou-chtit-mstit-442768\" target=\"_blank\">Zdroj<\/a><\/p>\n","protected":false},"excerpt":{"rendered":"<p>ROZHOVOR B\u00fdval\u00fd tajemn\u00edk prezidenta V\u00e1clava Klause a spolupracovn\u00edk IVK Ladislav Jakl \u0159\u00edk\u00e1, \u017ee proces evropsk\u00e9 integrace \u00fast\u00ed v diktaturu a EU mus\u00ed b\u00fdt zni\u010dena. Tom\u00e1\u0161 Hal\u00edk je podle n\u011bj naprosto nekvalifikovan\u00fd k rozhodov\u00e1n\u00ed o v\u011bcech demokracie \u010di EU, p\u0159esto by mu hlasovac\u00ed pr\u00e1vo nebral, a\u010dkoli Hal\u00edk chce lidem vz\u00edt pr\u00e1vo hlasovat v referendu.<\/p>\n","protected":false},"author":1,"featured_media":0,"comment_status":"open","ping_status":"open","sticky":false,"template":"","format":"standard","meta":{"ngg_post_thumbnail":0,"footnotes":""},"categories":[13],"tags":[],"class_list":["post-7072","post","type-post","status-publish","format-standard","hentry","category-rozhovory"],"_links":{"self":[{"href":"https:\/\/www.ladislavjakl.cz\/index.php?rest_route=\/wp\/v2\/posts\/7072","targetHints":{"allow":["GET"]}}],"collection":[{"href":"https:\/\/www.ladislavjakl.cz\/index.php?rest_route=\/wp\/v2\/posts"}],"about":[{"href":"https:\/\/www.ladislavjakl.cz\/index.php?rest_route=\/wp\/v2\/types\/post"}],"author":[{"embeddable":true,"href":"https:\/\/www.ladislavjakl.cz\/index.php?rest_route=\/wp\/v2\/users\/1"}],"replies":[{"embeddable":true,"href":"https:\/\/www.ladislavjakl.cz\/index.php?rest_route=%2Fwp%2Fv2%2Fcomments&post=7072"}],"version-history":[{"count":1,"href":"https:\/\/www.ladislavjakl.cz\/index.php?rest_route=\/wp\/v2\/posts\/7072\/revisions"}],"predecessor-version":[{"id":7073,"href":"https:\/\/www.ladislavjakl.cz\/index.php?rest_route=\/wp\/v2\/posts\/7072\/revisions\/7073"}],"wp:attachment":[{"href":"https:\/\/www.ladislavjakl.cz\/index.php?rest_route=%2Fwp%2Fv2%2Fmedia&parent=7072"}],"wp:term":[{"taxonomy":"category","embeddable":true,"href":"https:\/\/www.ladislavjakl.cz\/index.php?rest_route=%2Fwp%2Fv2%2Fcategories&post=7072"},{"taxonomy":"post_tag","embeddable":true,"href":"https:\/\/www.ladislavjakl.cz\/index.php?rest_route=%2Fwp%2Fv2%2Ftags&post=7072"}],"curies":[{"name":"wp","href":"https:\/\/api.w.org\/{rel}","templated":true}]}}