{"id":7078,"date":"2016-07-01T15:12:21","date_gmt":"2016-07-01T13:12:21","guid":{"rendered":"http:\/\/www.ladislavjakl.cz\/?p=7078"},"modified":"2016-07-20T14:41:03","modified_gmt":"2016-07-20T12:41:03","slug":"ladislav-jakl-se-smeje-evropskym-lidrum-jste-horsi-nez-milous-jakes-bestie-se-odkopala-lide-to-vsechno-slyseli","status":"publish","type":"post","link":"https:\/\/www.ladislavjakl.cz\/?p=7078","title":{"rendered":"Ladislav Jakl se sm\u011bje evropsk\u00fdm l\u00eddr\u016fm: Jste hor\u0161\u00ed ne\u017e Milou\u0161 Jake\u0161. Bestie se odkopala, lid\u00e9 to v\u0161echno sly\u0161eli"},"content":{"rendered":"<p><strong>Brusel\u0161t\u00ed \u201ecentraliz\u00e1to\u0159i\u201c a \u201eunifik\u00e1to\u0159i\u201c nemaj\u00ed ani tolik sebereflexe, kolik j\u00ed m\u011bl Milou\u0161 Jake\u0161 na sklonku p\u0159edlistopadov\u00e9ho re\u017eimu, p\u00ed\u0161e b\u00fdval\u00fd spolupracovn\u00edk prezidenta V\u00e1clava Klause Ladislav Jakl v \u010dl\u00e1nku, kter\u00fd byl zve\u0159ejn\u011bn na serveru Neviditeln\u00fd pes.<\/strong><\/p>\n<p><!--more--><\/p>\n<p>Milou\u0161 Jake\u0161 se p\u016fl roku p\u0159ed kontrarevoluc\u00ed sv\u011b\u0159il sv\u00fdm soudruh\u016fm na \u010cerven\u00e9m hr\u00e1dku, \u017ee \u201ejsme to s tou socializac\u00ed trochu p\u0159e\u0161vihli\u201c. Podle Jakla tak m\u011bl v\u00edce sebereflexe ne\u017e dne\u0161n\u00ed \u201eeurosoudruzi\u201c. \u201e\u017de bychom dnes sly\u0161eli od bruselsk\u00fdch centraliz\u00e1tor\u016f a unifik\u00e1tor\u016f, \u017ee to s tou eurointegrac\u00ed \u201atrochu p\u0159e\u0161vihli\u2018? To by museli dor\u016fst aspo\u0148 Jake\u0161ova form\u00e1tu. A tak melou o tom, \u017ee referendum je vlastn\u011b skoro nerelevantn\u00ed. Co by \u0159\u00edkali, kdyby oni vyhr\u00e1li o tis\u00edcinu procenta?\u201c pt\u00e1 se Jakl.<\/p>\n<p><iframe loading=\"lazy\" src=\"https:\/\/www.youtube.com\/embed\/kkVvPLXN2xo\" width=\"420\" height=\"315\" frameborder=\"0\" allowfullscreen=\"allowfullscreen\"><\/iframe><\/p>\n<p><iframe loading=\"lazy\" src=\"https:\/\/www.youtube.com\/embed\/FvdztEHOQDo\" width=\"420\" height=\"236\" frameborder=\"0\" allowfullscreen=\"allowfullscreen\"><\/iframe><\/p>\n<h4>Z Kremlu doporu\u010den\u00ed nezn\u011bla. Zato z \u010c\u00edny&#8230;<\/h4>\n<p>Poukazuje na to, \u017ee st\u00e1le dokola sly\u0161\u00edme, jak se v Kremlu slav\u00ed. Rusov\u00e9 p\u0159itom z ofici\u00e1ln\u00edch kruh\u016f ne\u0159ekli nic, krom\u011b neutr\u00e1ln\u00edho postoje. A u\u017e v\u016fbec nikdo neum\u00ed dolo\u017eit, \u017ee by snad p\u0159ed referendem z Kremlu zn\u011bla n\u011bjak\u00e1 doporu\u010den\u00ed.<\/p>\n<p>Ale zn\u011bla odjinud. Z Pekingu, od \u010d\u00ednsk\u00e9ho prezidenta Si \u0164in-pchinga. \u201eVl\u00e1dce u n\u00e1s tak prokl\u00ednan\u00e9 \u010d\u00ednsk\u00e9 \u0159\u00ed\u0161e se p\u0159ed referendem opakovan\u011b nahlas a ve\u0159ejn\u011b vyslovil proti brexitu. \u017de to u n\u00e1s nem\u011blo skoro \u017e\u00e1dnou publicitu? \u017de tis\u00edckr\u00e1t v\u011bt\u0161\u00ed publicitu m\u011bla nedolo\u017een\u00e1 \u00fadajn\u00e1 rusk\u00e1 podpora brexitu? To je p\u0159ece norm\u00e1ln\u00ed, na\u0161e m\u00e9dia pracuj\u00ed podle doporu\u010den\u00ed \u201anehod\u00edc\u00ed se \u0161krtn\u011bte\u2018,\u201c p\u00ed\u0161e Jakl.<\/p>\n<p><strong>Jsou to \u010d\u00edn\u0161t\u00ed agenti<\/strong><\/p>\n<p>Ironicky k tomu dod\u00e1v\u00e1, \u017ee Kalousek je rafinovan\u00fd \u010d\u00ednsk\u00fd agent. \u201eA \u010de\u0161t\u00ed novodob\u00ed pragov\u00e1ci, kte\u0159\u00ed petic\u00ed prosili Brity, aby ti neodch\u00e1zeli od Junckera ke sv\u00e9 kr\u00e1lovn\u011b, to jsou \u010d\u00edn\u0161t\u00ed agenti jakbysmet,\u201c podot\u00fdk\u00e1 Jakl.<\/p>\n<p>Z\u00e1v\u011brem uv\u00e1d\u00ed, \u017ee v brexit nev\u011b\u0159il a ani te\u010f si j\u00edm nen\u00ed zcela jist. \u201eBestie bude kopat. Ale ten stript\u00fdz eurohujer\u016f v politice i v m\u00e9di\u00edch st\u00e1l v posledn\u00edch dnech za to. N\u00e1rod je vid\u011bl, sly\u0161el, pochopil. Jejich strach je \u00fapln\u011b opr\u00e1vn\u011bn\u00fd,\u201c dodal Jakl.<\/p>\n<p><a href=\"http:\/\/www.parlamentnilisty.cz\/arena\/monitor\/Ladislav-Jakl-se-smeje-evropskym-lidrum-Jste-horsi-nez-Milous-Jakes-Bestie-se-odkopala-lide-to-vsechno-slyseli-442642\" target=\"_blank\">Zdroj<\/a><\/p>\n","protected":false},"excerpt":{"rendered":"<p>Brusel\u0161t\u00ed \u201ecentraliz\u00e1to\u0159i\u201c a \u201eunifik\u00e1to\u0159i\u201c nemaj\u00ed ani tolik sebereflexe, kolik j\u00ed m\u011bl Milou\u0161 Jake\u0161 na sklonku p\u0159edlistopadov\u00e9ho re\u017eimu, p\u00ed\u0161e b\u00fdval\u00fd spolupracovn\u00edk prezidenta V\u00e1clava Klause Ladislav Jakl v \u010dl\u00e1nku, kter\u00fd byl zve\u0159ejn\u011bn na serveru Neviditeln\u00fd pes.<\/p>\n","protected":false},"author":1,"featured_media":0,"comment_status":"open","ping_status":"open","sticky":false,"template":"","format":"standard","meta":{"ngg_post_thumbnail":0,"footnotes":""},"categories":[11],"tags":[],"class_list":["post-7078","post","type-post","status-publish","format-standard","hentry","category-ozvena"],"_links":{"self":[{"href":"https:\/\/www.ladislavjakl.cz\/index.php?rest_route=\/wp\/v2\/posts\/7078","targetHints":{"allow":["GET"]}}],"collection":[{"href":"https:\/\/www.ladislavjakl.cz\/index.php?rest_route=\/wp\/v2\/posts"}],"about":[{"href":"https:\/\/www.ladislavjakl.cz\/index.php?rest_route=\/wp\/v2\/types\/post"}],"author":[{"embeddable":true,"href":"https:\/\/www.ladislavjakl.cz\/index.php?rest_route=\/wp\/v2\/users\/1"}],"replies":[{"embeddable":true,"href":"https:\/\/www.ladislavjakl.cz\/index.php?rest_route=%2Fwp%2Fv2%2Fcomments&post=7078"}],"version-history":[{"count":2,"href":"https:\/\/www.ladislavjakl.cz\/index.php?rest_route=\/wp\/v2\/posts\/7078\/revisions"}],"predecessor-version":[{"id":7098,"href":"https:\/\/www.ladislavjakl.cz\/index.php?rest_route=\/wp\/v2\/posts\/7078\/revisions\/7098"}],"wp:attachment":[{"href":"https:\/\/www.ladislavjakl.cz\/index.php?rest_route=%2Fwp%2Fv2%2Fmedia&parent=7078"}],"wp:term":[{"taxonomy":"category","embeddable":true,"href":"https:\/\/www.ladislavjakl.cz\/index.php?rest_route=%2Fwp%2Fv2%2Fcategories&post=7078"},{"taxonomy":"post_tag","embeddable":true,"href":"https:\/\/www.ladislavjakl.cz\/index.php?rest_route=%2Fwp%2Fv2%2Ftags&post=7078"}],"curies":[{"name":"wp","href":"https:\/\/api.w.org\/{rel}","templated":true}]}}