{"id":709,"date":"2010-12-09T11:18:19","date_gmt":"2010-12-09T10:18:19","guid":{"rendered":"http:\/\/www.ladislavjakl.cz\/?p=709"},"modified":"2010-12-09T11:18:19","modified_gmt":"2010-12-09T10:18:19","slug":"odpovedi-pro-casopis-instinkt-k-30-vyroci-smrti-johna-lennona","status":"publish","type":"post","link":"https:\/\/www.ladislavjakl.cz\/?p=709","title":{"rendered":"Odpov\u011bdi pro \u010dasopis Instinkt k 30. v\u00fdro\u010d\u00ed smrti Johna Lennona"},"content":{"rendered":"<p>\u010casopis \u00a0INSTINKT\u00a0\u00a0p\u0159ipravuje \u010dl\u00e1nek o v\u00fdro\u010d\u00ed \u00famrt\u00ed Johna Lennona a d\u011bl\u00e1m p\u0159i t\u00e9 p\u0159\u00edle\u017eitosti anketu mezi zn\u00e1m\u00fdmi osobnostmi, jak se jich osobn\u011b dotkla jeho smrt a co v\u00a0inkriminovanou dobu d\u011blali. Velmi r\u00e1d bych s\u00a0se s\u00a0t\u00edmto dotazem obr\u00e1til i na v\u00e1s, v\u011b\u0159\u00edm, \u017ee by na\u0161e \u010dten\u00e1\u0159e zaj\u00edmala va\u0161e odpov\u011b\u010f.<\/p>\n<p><!--more-->Ot\u00e1zka tedy zn\u00ed:<\/p>\n<p>1)\u00a0\u00a0\u00a0\u00a0\u00a0 Vzpomenete si, co jste d\u011blal 8. 12. 1980, kdy\u017e byl zast\u0159elen John Lennon?<\/p>\n<p>Vzpomenu. Snadno, to se zapomenout ned\u00e1. Sed\u011bl jsem v hospod\u011b U malvaze v Karlov\u011b ulici na Star\u00e9m M\u011bst\u011b, kdy\u017e s tou zpr\u00e1vou p\u0159i\u0161el jeden kamar\u00e1d.<\/p>\n<p>2)\u00a0\u00a0\u00a0\u00a0\u00a0 Jak se v\u00e1s osobn\u011b dotkla jeho smrt?<\/p>\n<p>Pro mne Beatles nikdy nebyli kapelou sn\u016f, sp\u00ed\u0161 jsem je respektoval jako z\u00e1sadn\u00ed partu pro v\u00fdvoj sv\u011btov\u00e9\u00a0hudby. A John byl zase n\u00e1zorov\u011b \u00fapln\u011b jinde ne\u017e j\u00e1. P\u0159esto m\u011b to v onu chv\u00edli zas\u00e1hlo jako p\u011bst mezi o\u010di. Jako pro bigb\u00edtovou m\u00e1ni\u010dku byl prost\u011b pro mne symbolem. Kdyby si komunisti poslechli n\u011bjak\u00e9 jeho texty, museli by uznat, \u017ee byl ale hodn\u011b nalevo a\u00a0klidn\u011b jim v lec\u010dem mohl mluvit z du\u0161e. Oni ale n\u011bjak rozpoznali, \u017ee pro n\u00e1s je ikonou svobody, vlastn\u00edho zp\u016fsobu \u017eivota, nez\u00e1vislosti na establishmentu. Z \u00famrt\u00ed sv\u011btov\u00fdch muzikant\u016f m\u011b zas\u00e1hl vic snad u\u017e jen odchod Johna Bonhama od Led Zeppelin. Osm\u00e9ho prosince jsem nikdy nechyb\u011bl s kytkou nebo sv\u00ed\u010dkou u Johnova improvizovan\u00e9ho pomn\u00ed\u010dku na Kamp\u011b.\u00a0&#8222;Co vy tady, jdete truchlit, truchlit?,&#8220;ptali se m\u011b tam n\u011bkdy v roce 82 hl\u00eddkuj\u00edc\u00ed est\u00e9b\u00e1ci, kter\u00e9 jsem znal z n\u011bjak\u00e9ho v\u00fdslechu. V roce 84 jsem tam u\u017e za\u017eil p\u011bkn\u00fd z\u00e1tah, to n\u00e1s sebrali snad dvacet t\u0159icet, co jsme se tam zrovna na tom Malt\u00e9zsk\u00e9m n\u00e1m\u011bst\u00ed se\u0161li. V\u0161echny n\u00e1s p\u0159edvedli na slu\u017eebnu do Vla\u0161sk\u00e9. Co\u017e si pamatuje dob\u0159e, proto\u017ee jsem cel\u00fd vyklepan\u00fd strachy p\u0159ed tou slu\u017eebnou nacpal dopis od kamar\u00e1da z Mnichova za okap, aby ho u mne nena\u0161li. Dnes se na Lennona d\u00edv\u00e1m jako na lidsky a n\u00e1zorov\u011b hodn\u011b popleten\u00e9ho \u010dlovk\u011bka, ono se to ale soud\u00ed s t\u0159iceti lety zku\u0161enost\u00ed navrch. Jeho muzika ale m\u011bla v sob\u011b mnohem v\u00edc, ne\u017e on s\u00e1m tu\u0161il. N\u011bco jako dotek kr\u00e1sy. M\u00e1m ho r\u00e1d a v den kulat\u00e9ho v\u00fdro\u010d\u00ed jeho pitom\u00e9 smrti se mi asi budou trochu lesknout o\u010di.<\/p>\n","protected":false},"excerpt":{"rendered":"<p>\u010casopis \u00a0INSTINKT\u00a0\u00a0p\u0159ipravuje \u010dl\u00e1nek o v\u00fdro\u010d\u00ed \u00famrt\u00ed Johna Lennona a d\u011bl\u00e1m p\u0159i t\u00e9 p\u0159\u00edle\u017eitosti anketu mezi zn\u00e1m\u00fdmi osobnostmi, jak se jich osobn\u011b dotkla jeho smrt a co v\u00a0inkriminovanou dobu d\u011blali. Velmi r\u00e1d bych s\u00a0se s\u00a0t\u00edmto dotazem obr\u00e1til i na v\u00e1s, v\u011b\u0159\u00edm, \u017ee by na\u0161e \u010dten\u00e1\u0159e zaj\u00edmala va\u0161e odpov\u011b\u010f.<\/p>\n","protected":false},"author":1,"featured_media":0,"comment_status":"open","ping_status":"open","sticky":false,"template":"","format":"standard","meta":{"ngg_post_thumbnail":0,"footnotes":""},"categories":[13],"tags":[],"class_list":["post-709","post","type-post","status-publish","format-standard","hentry","category-rozhovory"],"_links":{"self":[{"href":"https:\/\/www.ladislavjakl.cz\/index.php?rest_route=\/wp\/v2\/posts\/709","targetHints":{"allow":["GET"]}}],"collection":[{"href":"https:\/\/www.ladislavjakl.cz\/index.php?rest_route=\/wp\/v2\/posts"}],"about":[{"href":"https:\/\/www.ladislavjakl.cz\/index.php?rest_route=\/wp\/v2\/types\/post"}],"author":[{"embeddable":true,"href":"https:\/\/www.ladislavjakl.cz\/index.php?rest_route=\/wp\/v2\/users\/1"}],"replies":[{"embeddable":true,"href":"https:\/\/www.ladislavjakl.cz\/index.php?rest_route=%2Fwp%2Fv2%2Fcomments&post=709"}],"version-history":[{"count":2,"href":"https:\/\/www.ladislavjakl.cz\/index.php?rest_route=\/wp\/v2\/posts\/709\/revisions"}],"predecessor-version":[{"id":711,"href":"https:\/\/www.ladislavjakl.cz\/index.php?rest_route=\/wp\/v2\/posts\/709\/revisions\/711"}],"wp:attachment":[{"href":"https:\/\/www.ladislavjakl.cz\/index.php?rest_route=%2Fwp%2Fv2%2Fmedia&parent=709"}],"wp:term":[{"taxonomy":"category","embeddable":true,"href":"https:\/\/www.ladislavjakl.cz\/index.php?rest_route=%2Fwp%2Fv2%2Fcategories&post=709"},{"taxonomy":"post_tag","embeddable":true,"href":"https:\/\/www.ladislavjakl.cz\/index.php?rest_route=%2Fwp%2Fv2%2Ftags&post=709"}],"curies":[{"name":"wp","href":"https:\/\/api.w.org\/{rel}","templated":true}]}}