{"id":7090,"date":"2016-07-14T11:26:55","date_gmt":"2016-07-14T09:26:55","guid":{"rendered":"http:\/\/www.ladislavjakl.cz\/?p=7090"},"modified":"2016-07-14T11:26:55","modified_gmt":"2016-07-14T09:26:55","slug":"stanovisko-ivk-ke-dni-7-7-2016-blairova-a-bushova-cesta-do-pekla","status":"publish","type":"post","link":"https:\/\/www.ladislavjakl.cz\/?p=7090","title":{"rendered":"Stanovisko IVK ke dni 7. 7. 2016: Blairova (a Bushova) cesta do pekla"},"content":{"rendered":"<p>Britsk\u00e1 vy\u0161et\u0159ovac\u00ed komise sira Johna Chilcota p\u0159i\u0161la po sedmi letech forenzn\u00edho zkoum\u00e1n\u00ed dokument\u016f, korespondenc\u00ed a z\u00e1znam\u016f o vl\u00e1dn\u00edch rozhodnut\u00edch a rozkazech ke zji\u0161t\u011bn\u00ed, \u017ee vl\u00e1da premi\u00e9ra Blaira hrub\u011b pochybila, kdy\u017e podpo\u0159ila v\u00e1le\u010dn\u00fd \u00fatok USA proti Ir\u00e1ku v\u00a0roce 2003.<\/p>\n<p><!--more--><\/p>\n<p>Podle komise vl\u00e1da tehdy zdaleka nevy\u010derpala m\u00edrov\u00e9 n\u00e1stroje, jak h\u00e1jit britsk\u00e9 z\u00e1jmy v\u00a0oblasti Persk\u00e9ho z\u00e1livu, vych\u00e1zela z\u00a0chybn\u00fdch \u010di podvr\u017een\u00fdch informac\u00ed a tak\u00e9 opakovan\u011b klamala ve\u0159ejnost. N\u00e1sledky byly (a jsou tragick\u00e9).<\/p>\n<p>B\u011bhem vojensk\u00e9 akce, kter\u00e1 m\u011bla sesadit n\u011bkdej\u0161\u00edho americk\u00e9ho chr\u00e1n\u011bnce, ir\u00e1ck\u00e9ho prezidenta Sadd\u00e1ma Husajna, zahynulo 4500 Ameri\u010dan\u016f, 179 Brit\u016f a p\u0159es 100 tis\u00edc ir\u00e1ck\u00fdch Arab\u016f. Daleko hor\u0161\u00ed byly ale n\u00e1sledky dlouhodob\u00e9. A\u017e po p\u00e1du Sadd\u00e1mova re\u017eimu se do Ir\u00e1ku trvale nast\u011bhovala Al Kajd\u00e1 a dal\u0161\u00ed extr\u00e9mn\u00ed muslimsk\u00e9 boj\u016fvky, zem\u00ed u\u017e 13 let zm\u00edt\u00e1 ob\u010dansk\u00e1 a n\u00e1bo\u017eensk\u00e1 v\u00e1lka, nestabilita se p\u0159enesla do sousedn\u00edch zem\u00ed a postihla des\u00edtky milion\u016f lid\u00ed.<\/p>\n<p>Blair se h\u00e1j\u00ed, \u017ee jednal v\u00a0nejlep\u0161\u00edm \u00famyslu, \u017ee dikt\u00e1tora bylo t\u0159eba sesadit a \u017ee pokud se v\u00a0n\u011b\u010dem m\u00fdlil, tak z\u00a0nedostatku informac\u00ed, kter\u00e9 tehdy nemohl m\u00edt. Jak\u00e9 informace mu tolik chyb\u011bly? A na co vlastn\u011b pot\u0159ebovala Chilcotova komise 7 let?<\/p>\n<p>V\u017edy\u0165 t\u011bm, co nebyli ran\u011bni slepotou p\u0159i \u0161\u00ed\u0159en\u00ed z\u00e1padn\u00ed demokracie za ka\u017edou cenu (a p\u0159i t\u00e9 p\u0159\u00edle\u017eitosti jen tak mimochodem i z\u00edsk\u00e1n\u00ed kontroly nad nejv\u00fdnosn\u011bj\u0161\u00edmi ropn\u00fdmi nalezi\u0161ti sv\u011bta), bylo jasn\u00e9 u\u017e tehdy, \u017ee ter\u00e9n Bl\u00edzk\u00e9ho v\u00fdchodu je v\u00a0politick\u00e9m a mocensk\u00e9m smyslu minov\u00fdm polem, \u017ee z\u00e1minky o zbran\u00edch hromadn\u00e9ho ni\u010den\u00ed jsou smy\u0161lenkami a \u017ee n\u011bkter\u00e9 re\u017eimy maj\u00ed svou hlub\u0161\u00ed spole\u010denskou logiku a ukotven\u00ed, ne\u017e jen v\u00a0osob\u011b jedn\u00e9 rodiny.<\/p>\n<p>Pokud si n\u011bkdo dovolil tehdej\u0161\u00ed (i dne\u0161n\u00ed) z\u00e1padn\u00ed intervence hrubou silou po cel\u00e9m sv\u011bt\u011b kritizovat, byl ozna\u010dov\u00e1n za p\u0159\u00edtele tamn\u00edch tyran\u016f. Ale bylo snad v\u00a0Ir\u00e1ku, S\u00fdrii \u010di Libyi m\u00e9n\u011b n\u00e1bo\u017eensk\u00e9 a politick\u00e9 svobody ne\u017e t\u0159eba v\u00a0Sa\u00fadsk\u00e9 Ar\u00e1bii? Nen\u00ed lep\u0161\u00ed respektovat jist\u00e9 uspo\u0159\u00e1d\u00e1n\u00ed, kter\u00e9 sice je v\u00a0rozporu s\u00a0na\u0161imi p\u0159edstavami, ale jeho\u017e alternativou je jen rozpad, chaos, utrpen\u00ed, rozvrat a krev? Nen\u00ed lep\u0161\u00ed m\u011bnit pom\u011bry v\u00a0on\u011bch zem\u00edch diplomaci\u00ed a obchodem?<\/p>\n<p>Ne, nesta\u010d\u00ed m\u00edt jen \u201edobr\u00e9 \u00famysly\u201c, v\u00edme, kam \u010dasto vedou. Je t\u0159eba m\u00edt pokoru p\u0159ed r\u016fznost\u00ed sv\u011bta a nehr\u00e1t si na sv\u011btov\u00e9ho policistu i soudce. Nejde o tu \u010di onu chyb\u011bj\u00edc\u00ed detailn\u00ed informaci. Jde o celkov\u00fd p\u0159\u00edstup ke sv\u011btu. A \u017ee ten, kter\u00fd vedl i k\u00a0rozvratu arabsk\u00e9ho sv\u011bta, je zhoubn\u00fd, k\u00a0tomu nen\u00ed t\u0159eba \u017e\u00e1dn\u00fdch komis\u00ed ani Blairov\u00fdch pozdn\u00edch slz.<\/p>\n<p><em>Ladislav Jakl<\/em><\/p>\n<p><a href=\"http:\/\/www.institutvk.cz\/stanovisko-ivk-ke-dni-7-7-2016-blairova-bushova-cesta-do-pekla\" target=\"_blank\">Zdroj<\/a><\/p>\n","protected":false},"excerpt":{"rendered":"<p>Britsk\u00e1 vy\u0161et\u0159ovac\u00ed komise sira Johna Chilcota p\u0159i\u0161la po sedmi letech forenzn\u00edho zkoum\u00e1n\u00ed dokument\u016f, korespondenc\u00ed a z\u00e1znam\u016f o vl\u00e1dn\u00edch rozhodnut\u00edch a rozkazech ke zji\u0161t\u011bn\u00ed, \u017ee vl\u00e1da premi\u00e9ra Blaira hrub\u011b pochybila, kdy\u017e podpo\u0159ila v\u00e1le\u010dn\u00fd \u00fatok USA proti Ir\u00e1ku v\u00a0roce 2003.<\/p>\n","protected":false},"author":1,"featured_media":0,"comment_status":"open","ping_status":"open","sticky":false,"template":"","format":"standard","meta":{"ngg_post_thumbnail":0,"footnotes":""},"categories":[1],"tags":[],"class_list":["post-7090","post","type-post","status-publish","format-standard","hentry","category-publikovane-clanky"],"_links":{"self":[{"href":"https:\/\/www.ladislavjakl.cz\/index.php?rest_route=\/wp\/v2\/posts\/7090","targetHints":{"allow":["GET"]}}],"collection":[{"href":"https:\/\/www.ladislavjakl.cz\/index.php?rest_route=\/wp\/v2\/posts"}],"about":[{"href":"https:\/\/www.ladislavjakl.cz\/index.php?rest_route=\/wp\/v2\/types\/post"}],"author":[{"embeddable":true,"href":"https:\/\/www.ladislavjakl.cz\/index.php?rest_route=\/wp\/v2\/users\/1"}],"replies":[{"embeddable":true,"href":"https:\/\/www.ladislavjakl.cz\/index.php?rest_route=%2Fwp%2Fv2%2Fcomments&post=7090"}],"version-history":[{"count":1,"href":"https:\/\/www.ladislavjakl.cz\/index.php?rest_route=\/wp\/v2\/posts\/7090\/revisions"}],"predecessor-version":[{"id":7091,"href":"https:\/\/www.ladislavjakl.cz\/index.php?rest_route=\/wp\/v2\/posts\/7090\/revisions\/7091"}],"wp:attachment":[{"href":"https:\/\/www.ladislavjakl.cz\/index.php?rest_route=%2Fwp%2Fv2%2Fmedia&parent=7090"}],"wp:term":[{"taxonomy":"category","embeddable":true,"href":"https:\/\/www.ladislavjakl.cz\/index.php?rest_route=%2Fwp%2Fv2%2Fcategories&post=7090"},{"taxonomy":"post_tag","embeddable":true,"href":"https:\/\/www.ladislavjakl.cz\/index.php?rest_route=%2Fwp%2Fv2%2Ftags&post=7090"}],"curies":[{"name":"wp","href":"https:\/\/api.w.org\/{rel}","templated":true}]}}