{"id":7099,"date":"2016-07-20T14:51:33","date_gmt":"2016-07-20T12:51:33","guid":{"rendered":"http:\/\/www.ladislavjakl.cz\/?p=7099"},"modified":"2016-07-20T14:51:33","modified_gmt":"2016-07-20T12:51:33","slug":"propaganda-washingtonu-prodejni-novinari-prednaseli-o-nich-petr-zantovsky-ladislav-jakl-a-dalsi","status":"publish","type":"post","link":"https:\/\/www.ladislavjakl.cz\/?p=7099","title":{"rendered":"Propaganda Washingtonu, prodejn\u00ed novin\u00e1\u0159i. P\u0159edn\u00e1\u0161eli o nich Petr \u017dantovsk\u00fd, Ladislav Jakl a dal\u0161\u00ed"},"content":{"rendered":"<p>Publicista Radek Pokorn\u00fd se na serveru Protiproud.cz rozepsal o \u00fadajn\u00e9 bruselsk\u00e9 a washingtonsk\u00e9 propagand\u011b, kter\u00e9 jsme nuceni i v \u010cesk\u00e9 republice \u010delit. Dovol\u00e1v\u00e1 se p\u0159itom zhodnocen\u00ed, kter\u00e9 vze\u0161lo z debat po\u0159\u00e1dan\u00fdch konzervativn\u00ed Akc\u00ed D.O.S.T., kde se vyj\u00e1d\u0159ili medi\u00e1ln\u00ed analytik Petr \u017dantovsk\u00fd nebo politick\u00fd analytik Institutu V\u00e1clava Klause Ladislav Jakl a vydavatel \u010dasopisu Te Deum Michal Sem\u00edn. Na t\u011bchto debat\u00e1ch do\u0161lo i na zru\u0161en\u00ed \u010cT.<\/p>\n<p><!--more--><\/p>\n<p>\u201ePropaganda Washingtonu a Bruselu \u2013 v\u00edce \u010di m\u00e9n\u011b \u00fasp\u011b\u0161n\u011b se sna\u017e\u00edc\u00ed ovlivnit uva\u017eov\u00e1n\u00ed lid\u00ed v Evrop\u011b \u2013 je v dne\u0161n\u00ed dob\u011b pln\u011b srovnateln\u00e1 s medi\u00e1ln\u00ed mas\u00e1\u017e\u00ed za re\u00e1ln\u00e9ho socialismu. Shodli se na tom v \u010dervnu \u0159e\u010dn\u00edci ji\u017e 19. diskusn\u00edho ve\u010dera po\u0159\u00e1dan\u00e9ho konzervativn\u00ed Akc\u00ed D.O.S.T.,\u201c p\u00ed\u0161e Pokorn\u00fd.<\/p>\n<p>Podle Petra \u017dantovsk\u00e9ho dnes prob\u00edh\u00e1 medi\u00e1ln\u00ed v\u00e1lka, jen\u017ee \u00fato\u010dn\u00edkem podle jeho n\u00e1zoru nen\u00ed Rusko. To se pr\u00fd jen br\u00e1n\u00ed. Z\u00e1pad podle jeho n\u00e1zoru nem\u016f\u017ee v t\u00e9to v\u00e1lce vyhr\u00e1t. \u201eP\u0159ehr\u00e1t Rusko v informa\u010dn\u00ed v\u00e1lce nelze, nebo\u0165 informa\u010dn\u00ed v\u00e1lka po\u010d\u00edt\u00e1 se zradou a nev\u011brou a s n\u00e1kupem du\u0161\u00ed v t\u00e1bo\u0159e protivn\u00edka \u2013 a to se v Rusku nikdy moc neda\u0159ilo, nebo\u0165 n\u00e1kupy du\u0161\u00ed se d\u011bj\u00ed za pen\u00edze. A ty m\u011bly v Rusku v\u017edy jen hodnotu relativn\u00ed a doprovodnou. Podstatn\u00e1 hodnota je jin\u00e1. Spole\u010dn\u00e1 vlajka,\u201c podot\u00fdk\u00e1 \u017dantovsk\u00fd.<\/p>\n<p>Naproti tomu z\u00e1padn\u00ed novin\u00e1\u0159i jsou prodejn\u00ed, existuj\u00ed pr\u00fd d\u016fkazy o propojen\u00ed n\u011bkter\u00fdch z nich s americk\u00fdmi ambas\u00e1dami a oby\u010dejn\u00ed lid\u00e9 si to u\u017e za\u010d\u00ednaj\u00ed uv\u011bdomovat. Proto se st\u00e1le \u010dast\u011bji obracej\u00ed k alternativn\u00edm zdroj\u016fm nebo rovnou sami informuj\u00ed o tom, co se d\u011bje. I u n\u00e1s pr\u00fd s\u00edl\u00ed fenom\u00e9n tzv. ob\u010dansk\u00e9 \u017eurnalistiky, jak to analytik naz\u00fdv\u00e1.<\/p>\n<p><a href=\"http:\/\/protiproud.parlamentnilisty.cz\/politika\/2540-hovory-na-pravici-media-ve-viru-informacni-valky-umirajici-kobyla-nejvic-kope-bruselska-propaganda-je-plne-srovnatelna-s-komunistickou-jak-se-nestat-obeti-jakl-ceska-statni-televize-musi-byt-znicena.htm\" target=\"_blank\">Cel\u00fd \u010dl\u00e1nek naleznete zde<\/a>.<\/p>\n<p>K t\u00e9matu se vyj\u00e1d\u0159il i spoluzakladatel slovensk\u00e9ho internetov\u00e9ho r\u00e1dia Slobodn\u00fd vysiela\u010d Boris Kor\u00f3ni, podle n\u011bho\u017e byl nejmarkantn\u011bj\u0161\u00edm d\u016fkazem tlaku z\u00e1padn\u00ed propagandy zp\u016fsob, jak\u00fdm na\u0161e m\u00e9dia informovala o krizi na Ukrajin\u011b. Pokud n\u011bkdo chce dal\u0161\u00ed d\u016fkaz, nech\u0165 se pod\u00edv\u00e1 na snahu Bruselu omezovat svobodu slova na internetu ve jm\u00e9nu ochrany demokracie. Jen\u017ee kdo ur\u010d\u00ed, co je je\u0161t\u011b p\u0159\u00edpustn\u00e9 a co u\u017e se zak\u00e1\u017ee? A co je rusk\u00e1 propaganda a co americk\u00e1, pt\u00e1 se Kor\u00f3ni.<\/p>\n<h4>Vypnout televizi nesta\u010d\u00ed<\/h4>\n<p>Ladislav Jakl se ve spojitosti s propagandou obul do \u010cesk\u00e9 televize. \u201eLevicov\u00fdm liber\u00e1l\u016fm se v\u0161ude na Z\u00e1pad\u011b poda\u0159ilo ovl\u00e1dnout st\u00e1tn\u00ed m\u00e9dia, jako je nap\u0159\u00edklad \u010cesk\u00e1 televize,\u201c je p\u0159esv\u011bd\u010den Ladislav Jakl. Proto by pr\u00fd \u010cesk\u00e1 televize m\u011bla b\u00fdt zru\u0161ena. Omez\u00ed se tak prostor k \u201en\u00e1lepkov\u00e1n\u00ed\u201c. Kdy\u017e se n\u011bjak\u00fd politik Z\u00e1padu nel\u00edb\u00ed, ud\u011blaj\u00ed z n\u011bj extremistu \u010di radik\u00e1la, p\u0159edaj\u00ed pat\u0159i\u010dnou informaci lidem skrze m\u00e9dia a je dokon\u00e1no.<\/p>\n<p>\u201eNejklasi\u010dt\u011bj\u0161\u00ed rada pro toho, kdo se chyt\u00e1 za hlavu z n\u011bjak\u00e9ho televizn\u00edho programu, zn\u00ed \u201atak to vypni\u2018. M\u00e1 to knofl\u00edk. Nemus\u00ed\u0161 se na to d\u00edvat. Ne\u010dti ty noviny. Jenom\u017ee ta v\u0161udyp\u0159\u00edtomn\u00e1 tup\u00e1 bruselsk\u00e1 propaganda nem\u00e1 jenom tu vlastnost, \u017ee n\u00e1s \u0161tve a vyt\u00e1\u010d\u00ed tak, \u017ee bychom nejrad\u011bji prohodili televizi oknem. Ale ona m\u00e1 je\u0161t\u011b jeden d\u016fle\u017eit\u00fd aspekt. Ona z\u00e1sadn\u00edm zp\u016fsobem ovliv\u0148uje rozhodnut\u00ed, kter\u00e1 maj\u00ed dopady na n\u00e1s. T\u00edm, \u017ee zav\u0159eme o\u010di, tak to neznamen\u00e1, \u017ee to p\u0159estane p\u016fsobit proti n\u00e1m. Bude to p\u016fsobit d\u00e1l, akor\u00e1t o tom nebudeme v\u011bd\u011bt,\u201c varoval Jakl.<\/p>\n<p>K dokreslen\u00ed debat je t\u0159eba dodat i stanovisko Michala Sem\u00edna, jen\u017e m\u00e9dia obvinil, \u017ee spustila medi\u00e1ln\u00ed lyn\u010d proti n\u011bkdej\u0161\u00edmu p\u0159edsedovi Akce D.O.S.T. Ladislavu B\u00e1torovi. <em>\u201eM\u00e9dia popravila \u010dlov\u011bka, kter\u00e9ho obvi\u0148ovala z extremismu, zat\u00edmco do t\u00e9 doby ministerstvo \u0161kolstv\u00ed ovl\u00e1dali skute\u010dn\u00ed zelen\u00ed extremist\u00e9. Norm\u00e1ln\u00edmu \u010dlov\u011bku se z\u00a0toho musel zvednout \u017ealudek.\u201c<\/em><\/p>\n<p>I na jeho kauze se uk\u00e1zalo, jak nebezpe\u010dn\u00e9 je v\u011b\u0159it tomu, \u017ee existuje n\u011bjak\u00e9 skute\u010dn\u011b objektivn\u00ed m\u00e9dium. Ka\u017ed\u00fd novin\u00e1\u0159 pracuje s materi\u00e1lem na z\u00e1klad\u011b sv\u00fdch sv\u011bton\u00e1zorov\u00fdch v\u00fdchodisek.<\/p>\n<p><a href=\"http:\/\/www.parlamentnilisty.cz\/arena\/monitor\/Propaganda-Washingtonu-prodejni-novinari-Prednaseli-o-nich-Petr-Zantovsky-Ladislav-Jakl-a-dalsi-444085\" target=\"_blank\">Zdroj<\/a><\/p>\n","protected":false},"excerpt":{"rendered":"<p>Publicista Radek Pokorn\u00fd se na serveru Protiproud.cz rozepsal o \u00fadajn\u00e9 bruselsk\u00e9 a washingtonsk\u00e9 propagand\u011b, kter\u00e9 jsme nuceni i v \u010cesk\u00e9 republice \u010delit. Dovol\u00e1v\u00e1 se p\u0159itom zhodnocen\u00ed, kter\u00e9 vze\u0161lo z debat po\u0159\u00e1dan\u00fdch konzervativn\u00ed Akc\u00ed D.O.S.T., kde se vyj\u00e1d\u0159ili medi\u00e1ln\u00ed analytik Petr \u017dantovsk\u00fd nebo politick\u00fd analytik Institutu V\u00e1clava Klause Ladislav Jakl a vydavatel \u010dasopisu Te Deum Michal [&hellip;]<\/p>\n","protected":false},"author":1,"featured_media":0,"comment_status":"open","ping_status":"open","sticky":false,"template":"","format":"standard","meta":{"ngg_post_thumbnail":0,"footnotes":""},"categories":[11],"tags":[],"class_list":["post-7099","post","type-post","status-publish","format-standard","hentry","category-ozvena"],"_links":{"self":[{"href":"https:\/\/www.ladislavjakl.cz\/index.php?rest_route=\/wp\/v2\/posts\/7099","targetHints":{"allow":["GET"]}}],"collection":[{"href":"https:\/\/www.ladislavjakl.cz\/index.php?rest_route=\/wp\/v2\/posts"}],"about":[{"href":"https:\/\/www.ladislavjakl.cz\/index.php?rest_route=\/wp\/v2\/types\/post"}],"author":[{"embeddable":true,"href":"https:\/\/www.ladislavjakl.cz\/index.php?rest_route=\/wp\/v2\/users\/1"}],"replies":[{"embeddable":true,"href":"https:\/\/www.ladislavjakl.cz\/index.php?rest_route=%2Fwp%2Fv2%2Fcomments&post=7099"}],"version-history":[{"count":1,"href":"https:\/\/www.ladislavjakl.cz\/index.php?rest_route=\/wp\/v2\/posts\/7099\/revisions"}],"predecessor-version":[{"id":7100,"href":"https:\/\/www.ladislavjakl.cz\/index.php?rest_route=\/wp\/v2\/posts\/7099\/revisions\/7100"}],"wp:attachment":[{"href":"https:\/\/www.ladislavjakl.cz\/index.php?rest_route=%2Fwp%2Fv2%2Fmedia&parent=7099"}],"wp:term":[{"taxonomy":"category","embeddable":true,"href":"https:\/\/www.ladislavjakl.cz\/index.php?rest_route=%2Fwp%2Fv2%2Fcategories&post=7099"},{"taxonomy":"post_tag","embeddable":true,"href":"https:\/\/www.ladislavjakl.cz\/index.php?rest_route=%2Fwp%2Fv2%2Ftags&post=7099"}],"curies":[{"name":"wp","href":"https:\/\/api.w.org\/{rel}","templated":true}]}}