{"id":7109,"date":"2016-07-22T14:29:01","date_gmt":"2016-07-22T12:29:01","guid":{"rendered":"http:\/\/www.ladislavjakl.cz\/?p=7109"},"modified":"2016-07-22T14:29:01","modified_gmt":"2016-07-22T12:29:01","slug":"stanovisko-ivk-ke-dni-21-7-2016-strasidlo-nasili-obchazi-evropou-ale-co-my","status":"publish","type":"post","link":"https:\/\/www.ladislavjakl.cz\/?p=7109","title":{"rendered":"Stanovisko IVK ke dni 21. 7. 2016: Stra\u0161idlo n\u00e1sil\u00ed obch\u00e1z\u00ed Evropou. Ale co my?"},"content":{"rendered":"<p>Vlna atent\u00e1t\u016f na civilisty v\u00a0Anglii, \u0160pan\u011blsku, Rusku, Turecku, Francii, Belgii. Zprvu dokonale p\u0159ipraven\u00e9, zorganizovan\u00e9, financovan\u00e9, \u0159\u00edzen\u00e9. V\u00a0posledn\u00ed dob\u011b ale sp\u00ed\u0161e spont\u00e1nn\u00ed, izolovan\u00e9, jakoby n\u00e1hodn\u00e9, p\u00e1chan\u00e9 \u201eoby\u010dejn\u00fdmi\u201c lidmi muslimsk\u00e9ho vyzn\u00e1n\u00ed, \u010dasto narozen\u00fdmi u\u017e v\u00a0Evrop\u011b.<\/p>\n<p><!--more--><\/p>\n<p>V\u00fdbuch na leti\u0161ti v\u00a0ciz\u00ed metropoli (i kdy\u017e pisatel t\u011bchto \u0159\u00e1dek to leti\u0161t\u011b shodou okolnost\u00ed o n\u011bkolik dn\u016f pozd\u011bji nav\u0161t\u00edvil), v\u00a0metru v\u00a0jin\u00e9 metropoli (i kdy\u017e pisatel t\u011bchto \u0159\u00e1dek stejn\u00e9 metro shodou okolnost\u00ed tak\u00e9 o n\u011bkolik dn\u016f pozd\u011bji nav\u0161t\u00edvil), to v\u0161e se v\u00a0o\u010d\u00edch norm\u00e1ln\u00edho \u010desk\u00e9ho \u010dlov\u011bka odehr\u00e1v\u00e1 \u201etam jinde\u201c, v\u00a0televizn\u00edm sv\u011bt\u011b, tak vzd\u00e1len\u00e9m od norm\u00e1ln\u00ed reality.<\/p>\n<p>Kdy\u017e ale muslimsk\u00fd kluk posek\u00e1 sekyrou cestuj\u00edc\u00ed v\u00a0b\u011b\u017en\u00e9 p\u0159\u00edm\u011bstsk\u00e9 bavorsk\u00e9 lok\u00e1lce, najednou si n\u011bco takov\u00e9ho um\u00edme p\u0159edstavit i ve sv\u00e9m okol\u00ed. A to zdaleka ne proto, \u017ee pisatel t\u011bchto \u0159\u00e1dek pojede za dva dny lok\u00e1lkou v\u00a0m\u00edstech onoho \u00fatoku. To u\u017e si um\u00ed p\u0159edstavit i ten, kdo sed\u00ed doma a \u017eije b\u011b\u017en\u00fdm \u017eivotem t\u0159eba \u010desk\u00e9ho venkovana.<\/p>\n<p>M\u016f\u017eeme kvalifikovan\u011b i jen zcela ob\u010dansky debatovat, co m\u00e1 d\u011blat st\u00e1t, jeho policie, arm\u00e1da, tajn\u00e9 slu\u017eby, cizineck\u00e1 policie a jin\u00e9 silov\u00e9 nebo organiza\u010dn\u00ed instituce vl\u00e1dy. M\u00e1 a m\u016f\u017ee toho d\u011blat mnohem v\u00edc. A my to po st\u00e1tu m\u00e1me st\u00e1le hlasit\u011bji cht\u00edt.<\/p>\n<p>S\u00a0bl\u00ed\u017e\u00edc\u00edm se dechem n\u00e1sil\u00ed ale st\u00e1le n\u00e1padn\u011bji kl\u00ed\u010d\u00ed ot\u00e1zka jin\u00e1: ne co m\u00e1 d\u011blat st\u00e1t, ale co m\u00e1me d\u011blat my sami? My, lid\u00e9, \u017eij\u00edc\u00ed zde sv\u00e9 ka\u017edodenn\u00ed \u017eivoty? Emigrovat na n\u011bjak\u00fd bezpe\u010dn\u00fd konec sv\u011bta? Ozbrojit se? Za\u010d\u00edt budovat n\u011bjak\u00e9 preppersk\u00e9 doup\u011b pod sklepem? Organizovat domobranu? Zav\u0159\u00edt se doma? Mo\u017en\u00e1 to v\u0161e dohromady, mo\u017en\u00e1 nic z\u00a0toho.<\/p>\n<p>Hlavn\u011b m\u00e1me p\u0159\u00edle\u017eitost znovu objevit ohromn\u00e9 hodnoty, kter\u00e9 n\u00e1s obklopuj\u00ed, n\u00e1\u0161 zp\u016fsob \u017eivota, na\u0161i kulturu, na\u0161e tradice, na\u0161e mezilidsk\u00e9 vazby, na\u0161e domoviny. Kdy\u017e k\u00a0tomu se upneme, budeme v\u00a0bezpe\u010d\u00ed v\u00edc ne\u017e kdesi v\u00a0bunkru. My, jako spole\u010dnost, my jako n\u00e1rod.<\/p>\n<p><em>Ladislav Jakl<\/em><\/p>\n<p><a href=\"http:\/\/www.institutvk.cz\/stanovisko-ivk-ke-dni-21-7-2016-strasidlo-nasili-obchazi-evropou-ale-co-my\" target=\"_blank\">Zdroj<\/a><\/p>\n","protected":false},"excerpt":{"rendered":"<p>Vlna atent\u00e1t\u016f na civilisty v\u00a0Anglii, \u0160pan\u011blsku, Rusku, Turecku, Francii, Belgii. Zprvu dokonale p\u0159ipraven\u00e9, zorganizovan\u00e9, financovan\u00e9, \u0159\u00edzen\u00e9. V\u00a0posledn\u00ed dob\u011b ale sp\u00ed\u0161e spont\u00e1nn\u00ed, izolovan\u00e9, jakoby n\u00e1hodn\u00e9, p\u00e1chan\u00e9 \u201eoby\u010dejn\u00fdmi\u201c lidmi muslimsk\u00e9ho vyzn\u00e1n\u00ed, \u010dasto narozen\u00fdmi u\u017e v\u00a0Evrop\u011b.<\/p>\n","protected":false},"author":1,"featured_media":0,"comment_status":"open","ping_status":"open","sticky":false,"template":"","format":"standard","meta":{"ngg_post_thumbnail":0,"footnotes":""},"categories":[1],"tags":[],"class_list":["post-7109","post","type-post","status-publish","format-standard","hentry","category-publikovane-clanky"],"_links":{"self":[{"href":"https:\/\/www.ladislavjakl.cz\/index.php?rest_route=\/wp\/v2\/posts\/7109","targetHints":{"allow":["GET"]}}],"collection":[{"href":"https:\/\/www.ladislavjakl.cz\/index.php?rest_route=\/wp\/v2\/posts"}],"about":[{"href":"https:\/\/www.ladislavjakl.cz\/index.php?rest_route=\/wp\/v2\/types\/post"}],"author":[{"embeddable":true,"href":"https:\/\/www.ladislavjakl.cz\/index.php?rest_route=\/wp\/v2\/users\/1"}],"replies":[{"embeddable":true,"href":"https:\/\/www.ladislavjakl.cz\/index.php?rest_route=%2Fwp%2Fv2%2Fcomments&post=7109"}],"version-history":[{"count":1,"href":"https:\/\/www.ladislavjakl.cz\/index.php?rest_route=\/wp\/v2\/posts\/7109\/revisions"}],"predecessor-version":[{"id":7110,"href":"https:\/\/www.ladislavjakl.cz\/index.php?rest_route=\/wp\/v2\/posts\/7109\/revisions\/7110"}],"wp:attachment":[{"href":"https:\/\/www.ladislavjakl.cz\/index.php?rest_route=%2Fwp%2Fv2%2Fmedia&parent=7109"}],"wp:term":[{"taxonomy":"category","embeddable":true,"href":"https:\/\/www.ladislavjakl.cz\/index.php?rest_route=%2Fwp%2Fv2%2Fcategories&post=7109"},{"taxonomy":"post_tag","embeddable":true,"href":"https:\/\/www.ladislavjakl.cz\/index.php?rest_route=%2Fwp%2Fv2%2Ftags&post=7109"}],"curies":[{"name":"wp","href":"https:\/\/api.w.org\/{rel}","templated":true}]}}