{"id":7117,"date":"2016-08-02T08:41:50","date_gmt":"2016-08-02T06:41:50","guid":{"rendered":"http:\/\/www.ladislavjakl.cz\/?p=7117"},"modified":"2016-08-02T08:41:50","modified_gmt":"2016-08-02T06:41:50","slug":"soda-z-prazske-kavarny-dnesnimu-bruselorezimu-fizluji-lidi-a-pak-jim-ucpou-hubu-divadlem-az-se-tenhle-sutr-odvali-vyleze-hrozne-moc-cervu","status":"publish","type":"post","link":"https:\/\/www.ladislavjakl.cz\/?p=7117","title":{"rendered":"Soda z Pra\u017esk\u00e9 kav\u00e1rny dne\u0161n\u00edmu &#8222;bruselore\u017eimu&#8220;: F\u00edzluj\u00ed lidi, a pak jim ucpou hubu divadlem. A\u017e se tenhle \u0161utr odval\u00ed, vyleze hrozn\u011b moc \u010derv\u016f"},"content":{"rendered":"<p>PRA\u017dSK\u00c1 KAV\u00c1RNA Hostem Pra\u017esk\u00e9 kav\u00e1rny, nov\u00e9ho po\u0159adu internetov\u00e9 TV Parlamentn\u00edListy.cz, byl muzikant, novin\u00e1\u0159 a hlavn\u011b dlouholet\u00fd spolupracovn\u00edk V\u00e1clava Klause Ladislav Jakl. Zpov\u00eddal jej novin\u00e1\u0159 a medi\u00e1ln\u00ed analytik Petr \u017dantovsk\u00fd.<\/p>\n<p><!--more--><\/p>\n<p>\u201eNev\u00edm o tom nic,\u201c \u0159ekl na \u00favodn\u00ed ot\u00e1zku, zda v\u00ed o mo\u017en\u00e9 kandidatu\u0159e V\u00e1clava Klause ml. na p\u0159edsedu ODS. \u201eV\u00e1clav Klaus mlad\u0161\u00ed m\u00e1 v tom na\u0161em institutu n\u011bjak\u00fd nepatrn\u00fd \u00favazek. Jednou, dvakr\u00e1t t\u00fddn\u011b p\u0159ijede a je tam n\u011bkde zalezl\u00fd ve sv\u00e9 kancel\u00e1\u0159i v podkrov\u00ed a pracuje. Tak t\u0159eba mo\u017en\u00e1 na tomto, nev\u00edm. V\u00edm jen to, \u017ee m\u011bl se stranou r\u016fzn\u00e9 peripetie. Dlouh\u00e1 l\u00e9ta fungoval v n\u011bjak\u00e9 pra\u017esk\u00e9 organizaci ODS, n\u00e1sledn\u011b m\u00e1m pocit, \u017ee vystoupil ze strany, koketoval se Svobodn\u00fdmi a nyn\u00ed koketuje s postem st\u00ednov\u00e9ho ministra \u0161kolstv\u00ed za ODS,\u201c sd\u011blil Jakl v\u0161e, co v\u00ed o Klausovi mlad\u0161\u00edm.<\/p>\n<p>S\u00e1m Jakl nikdy v \u017e\u00e1dn\u00e9 politick\u00e9 stran\u011b nebyl. \u201eAnga\u017eov\u00e1n\u00ed v \u017e\u00e1dn\u00e9 politick\u00e9 stran\u011b jsem neabsolvoval. Ne\u0161t\u00edt\u00edm se toho, nebo se neodtahuji, ale nikdy jsem do \u017e\u00e1dn\u00e9 strany nevlezl,\u201c podotkl Jakl. Z\u00e1rove\u0148 dodal, \u017ee se domn\u00edv\u00e1, \u017ee \u010dlov\u011bk by si ve stran\u011b m\u011bl n\u011bco \u201eodkroutit\u201c ne\u017e by m\u011bl po\u0161ilh\u00e1vat po n\u011bjak\u00fdch funkc\u00edch. \u201eProto jsem byl docela rozpa\u010dit\u00fd, \u017ee si ODS, a nebyl to prvn\u00ed p\u0159\u00edpad v d\u011bjin\u00e1ch \u010desk\u00e9 politiky, zvolila za p\u0159edsedu n\u011bkoho, kdo v t\u00e9 stran\u011b ani nebyl,\u201c \u0159ekl Jakl s t\u00edm, \u017ee \u010dlov\u011bk by si m\u011bl n\u011b\u010d\u00edm proj\u00edt, aby m\u011bl ur\u010dit\u00fd mand\u00e1t.<\/p>\n<p>\u201eZda se ODS stane jedn\u00edm z m\u00edst, kde se za\u010dne op\u011btovn\u011b pracicov\u011b myslet, p\u0159estanou se zaj\u00edmat o n\u011bjak\u00e9 lok\u00e1ln\u00ed z\u00e1jmy, v\u00fdhody, nev\u00fdhody, k\u0161efty, zak\u00e1zky, a z\u00edsk\u00e1 zase tah na br\u00e1nu, tak j\u00e1 k tomu m\u00e1m velk\u00e9 pochybnosti. Ale pokud na to m\u00e1 n\u011bkdo chu\u0165, tak pro\u010d ne. Ka\u017ed\u00e1 platforma je dobr\u00e1,\u201c doplnil je\u0161t\u011b k ODS.<\/p>\n<p>N\u00e1sledn\u011b se hovo\u0159ilo tak\u00e9 o d\u011blen\u00ed na levici a pravici. \u201eM\u00e1 to p\u0159edev\u0161\u00edm v\u00fdznam v my\u0161len\u00ed. V\u016fbec nen\u00ed jedno, jestli je rozhodnut\u00ed pravicov\u00e9 nebo levicov\u00e9. Nic nen\u00ed nadideologick\u00e9,\u201c mysl\u00ed si Jakl. \u201eZa posledn\u00edch 25 let jsme byli sv\u011bdky \u00fatok\u016f na samu politiku. Zhnusen\u00ed, zo\u0161kliven\u00ed. T\u00edmto kop\u00e1n\u00edm do politick\u00fdch struktur se dosp\u011blo k tomu, \u017ee lidem je to v podstat\u011b jedno a p\u0159edstavuj\u00ed si od politiky n\u011bco jako od autoservisu. Mysl\u00ed si, \u017ee v\u00fdb\u011br mezi t\u011bmi politiky je takov\u00fd, kdo to bude um\u011bt l\u00edp, a\u0165 je z jak\u00e9koliv strany. Ale tak to opravdu nen\u00ed. Takto dosp\u011bjeme jen do stavu, \u017ee si nikdo nebude kl\u00e1st velk\u00e9 ot\u00e1zky,\u201c dodal.<\/p>\n<p>\u201ePolitika nen\u00ed slu\u017eba obci. Politika je h\u00e1jen\u00ed ur\u010dit\u00fdch my\u0161lenek, z\u00e1jm\u016f. Ur\u010dit\u00fdch ide\u00ed, ur\u010dit\u00e9ho p\u0159\u00edstupu ke sv\u011btu. A ty p\u0159\u00edstupy si konkuruj\u00ed a to je politick\u00e1 sout\u011b\u017e. To nen\u00ed nic objektivn\u00edho, abstraktn\u00edho, co nez\u00e1vis\u00ed na tom, z jak\u00fdch my\u0161lenkov\u00fdch pozic k tomu p\u0159istupujeme,\u201c sd\u011blil tak\u00e9 Jakl.<\/p>\n<p>To z\u00e1sadn\u00ed se podle n\u011bj odehr\u00e1v\u00e1 mezi lidmi. \u201eTo, co lid\u00e9 cht\u011bj\u00ed, co jim chyb\u00ed, co jim nechyb\u00ed. Zd\u00e1 se, \u017ee lidem dnes svoboda nechyb\u00ed. Hlavn\u011b, kdy\u017e toho druh\u00e9ho n\u011bjak zav\u0159ou nebo jinak omez\u00ed. Hlavn\u011b kdy\u017e se tamhle n\u011bco vy\u0159e\u0161\u00ed, nebo postav\u00ed, nebo ud\u011bl\u00e1. V\u016fbec se neptaj\u00ed na to, co je to stoj\u00ed, co jim kdo nen\u00e1padn\u011b z druh\u00e9 kapsy bere. A\u017e vznikne popt\u00e1vka mezi lidmi, \u017ee cht\u011bj\u00ed zm\u011bnu, ur\u010dit\u011b vznikne i nab\u00eddka politick\u00fdch stran a osobnost\u00ed. V\u011bt\u0161inou si lid\u00e9 mysl\u00ed, \u017ee kdy\u017e svrhnou toho \u010di onoho, tak \u017ee bude v\u0161e v po\u0159\u00e1dku. To, \u017ee tam ti lid\u00e9 n\u011bkde jsou, to je v\u00fdsledek t\u00e9 spole\u010dnosti. Nejde v\u017edy o tu hlavu, o tu \u0161pi\u010dku. Osobnosti nejsou, proto\u017ee po nich ve skute\u010dnosti nen\u00ed popt\u00e1vka. Popt\u00e1vka je jen po t\u011bch drobn\u00fdch \u0159e\u0161en\u00edch,\u201c podot\u00fdk\u00e1 Jakl.<\/p>\n<p>N\u00e1sledovala diskuse o sou\u010dasn\u00e9m stavu spole\u010dnosti. \u201eSnad ve\u0159ejnost vid\u00ed, \u017ee se potla\u010duj\u00ed n\u00e1zory, f\u00edzluje se&#8230; Zdr\u00e1h\u00e1m se ale \u0159\u00edct, \u017ee tento re\u017eim mele z posledn\u00edho. Tento re\u017eim z posledn\u00edho nemele. Tyje z toho um\u011bn\u00ed zkorumpovat ve\u0159ejnost, zkorumpovat ve\u0159ejn\u00e9 m\u00edn\u011bn\u00ed. Ucpat j\u00ed hubu divadlem, \u017ee se \u0161l\u00e1pne na krk n\u011bkomu jin\u00e9mu. Bruselore\u017eim, prorostl\u00fd s t\u00edm dom\u00e1c\u00edm, toto um\u00ed,\u201c sd\u011blil d\u00e1l. Ne\u010dek\u00e1 v\u0161ak, \u017ee v p\u0159\u00edpad\u011b, \u017ee tento re\u017eim skon\u010d\u00ed, p\u0159ijde n\u011bco lep\u0161\u00edho. \u201eKdy\u017e se odval\u00ed ten \u0161utr, sp\u00ed\u0161 se vyval\u00ed \u010dervi, slim\u00e1ci a housenky. Nejd\u0159\u00edve se d\u00e1 pr\u016fchod nepojmenovan\u00e9 frustraci. M\u00e1me v\u0161eho dost a mysl\u00edm, \u017ee lid\u00e9 v prvn\u00ed f\u00e1zi nebudou v\u016fbec rozli\u0161ovat, kdo chce naj\u00edt p\u0159\u00ed\u010dinu, pravou p\u0159\u00ed\u010dinu toho pr\u016f\u0161vihu, a mezi t\u00edm, kdo za ten pr\u016f\u0161vih m\u016f\u017ee. A \u017ee v t\u00e9 prvn\u00ed f\u00e1zi budeme sv\u011bdky sp\u00ed\u0161 bolestn\u00e9ho hled\u00e1n\u00ed toho, co m\u00e1 p\u0159ij\u00edt po tom. A to bolestn\u00e9 hled\u00e1n\u00ed m\u016f\u017ee trvat dost dlouho a m\u016f\u017ee bolet hodn\u011b\u00a0\u2013 to \u010dasto i ty, kte\u0159\u00ed s t\u00edm za\u010dnou. Kte\u0159\u00ed si budou myslet, \u017ee se to v\u017edy bude t\u00fdkat t\u011bch druh\u00fdch a \u017ee je t\u0159eba ty druh\u00e9 nakopat a vyh\u00e1zet z oken,\u201c podotkl.<\/p>\n<p>Jak n\u00e1sledn\u011b uvedl, je v sou\u010dasn\u00e9 dob\u011b velmi m\u00f3dn\u00ed pou\u017e\u00edvat siln\u00e1 slova. \u201eZa chv\u00edli budeme tak p\u0159esycen\u00ed t\u011bmito v\u011btami, \u017ee k tomu, aby to n\u011bkdo p\u0159ebil, bude muset ud\u011blat n\u011bco tak p\u0159est\u0159elen\u00e9ho, co v\u016fbec nepovede k n\u011bjak\u00e9mu zlep\u0161en\u00ed, ale k fat\u00e1ln\u00ed krizi, kterou si budeme muset proj\u00edt, ne\u017e p\u0159ijde n\u011bco lep\u0161\u00edho,\u201c sd\u011blil Jakl.<\/p>\n<p>Podle n\u011bj je nejd\u016fle\u017eit\u011bj\u0161\u00ed mluvit a komunikovat. \u201eKdo um\u00ed ps\u00e1t, a\u0165 p\u00ed\u0161e, kdo um\u00ed n\u011bco zorganizovat, tak a\u0165 to d\u011bl\u00e1, kdo um\u00ed napsat sv\u00fdm p\u0159\u00e1tel\u016fm a zn\u00e1m\u00fdm, a\u0165 to d\u011bl\u00e1. Kdo um\u00ed dumat v \u00fazk\u00e9m okruhu o n\u011bjak\u00fdch detailech, a\u0165 to d\u011bl\u00e1. N\u011bjakou dobu se sice bude zd\u00e1t, \u017ee tyto aktivity k ni\u010demu nevedou, ale to tak nen\u00ed, proto\u017ee ka\u017ed\u00e1 v\u011bta n\u011bkde \u0159e\u010den\u00e1 se ve spole\u010dnosti ujme a n\u011bco z toho vykl\u00ed\u010d\u00ed,\u201c uzav\u0159el Jakl.<\/p>\n<p><a href=\"http:\/\/www.parlamentnilisty.cz\/arena\/monitor\/VIDEO-Soda-z-Prazske-kavarny-dnesnimu-bruselorezimu-Fizluji-lidi-a-pak-jim-ucpou-hubu-divadlem-Az-se-tenhle-sutr-odvali-vyleze-hrozne-moc-cervu-445167\" target=\"_blank\">Zdroj<\/a><\/p>\n","protected":false},"excerpt":{"rendered":"<p>PRA\u017dSK\u00c1 KAV\u00c1RNA Hostem Pra\u017esk\u00e9 kav\u00e1rny, nov\u00e9ho po\u0159adu internetov\u00e9 TV Parlamentn\u00edListy.cz, byl muzikant, novin\u00e1\u0159 a hlavn\u011b dlouholet\u00fd spolupracovn\u00edk V\u00e1clava Klause Ladislav Jakl. Zpov\u00eddal jej novin\u00e1\u0159 a medi\u00e1ln\u00ed analytik Petr \u017dantovsk\u00fd.<\/p>\n","protected":false},"author":1,"featured_media":0,"comment_status":"open","ping_status":"open","sticky":false,"template":"","format":"standard","meta":{"ngg_post_thumbnail":0,"footnotes":""},"categories":[11],"tags":[],"class_list":["post-7117","post","type-post","status-publish","format-standard","hentry","category-ozvena"],"_links":{"self":[{"href":"https:\/\/www.ladislavjakl.cz\/index.php?rest_route=\/wp\/v2\/posts\/7117","targetHints":{"allow":["GET"]}}],"collection":[{"href":"https:\/\/www.ladislavjakl.cz\/index.php?rest_route=\/wp\/v2\/posts"}],"about":[{"href":"https:\/\/www.ladislavjakl.cz\/index.php?rest_route=\/wp\/v2\/types\/post"}],"author":[{"embeddable":true,"href":"https:\/\/www.ladislavjakl.cz\/index.php?rest_route=\/wp\/v2\/users\/1"}],"replies":[{"embeddable":true,"href":"https:\/\/www.ladislavjakl.cz\/index.php?rest_route=%2Fwp%2Fv2%2Fcomments&post=7117"}],"version-history":[{"count":1,"href":"https:\/\/www.ladislavjakl.cz\/index.php?rest_route=\/wp\/v2\/posts\/7117\/revisions"}],"predecessor-version":[{"id":7118,"href":"https:\/\/www.ladislavjakl.cz\/index.php?rest_route=\/wp\/v2\/posts\/7117\/revisions\/7118"}],"wp:attachment":[{"href":"https:\/\/www.ladislavjakl.cz\/index.php?rest_route=%2Fwp%2Fv2%2Fmedia&parent=7117"}],"wp:term":[{"taxonomy":"category","embeddable":true,"href":"https:\/\/www.ladislavjakl.cz\/index.php?rest_route=%2Fwp%2Fv2%2Fcategories&post=7117"},{"taxonomy":"post_tag","embeddable":true,"href":"https:\/\/www.ladislavjakl.cz\/index.php?rest_route=%2Fwp%2Fv2%2Ftags&post=7117"}],"curies":[{"name":"wp","href":"https:\/\/api.w.org\/{rel}","templated":true}]}}