{"id":7119,"date":"2016-08-02T08:43:23","date_gmt":"2016-08-02T06:43:23","guid":{"rendered":"http:\/\/www.ladislavjakl.cz\/?p=7119"},"modified":"2016-08-02T08:43:23","modified_gmt":"2016-08-02T06:43:23","slug":"blog-ivk-c-10-ladislav-jakl-asymetricka-cesko-nemecka-hranice","status":"publish","type":"post","link":"https:\/\/www.ladislavjakl.cz\/?p=7119","title":{"rendered":"Blog IVK \u010d. 10: Ladislav Jakl &#8211; Asymetrick\u00e1 \u010desko-n\u011bmeck\u00e1 hranice"},"content":{"rendered":"<p>Na internetu se v\u00a0minul\u00fdch dnech objevila <a href=\"http:\/\/www.petice24.com\/adame_okamite_uzaveni_hranic_s_nmeckem\" target=\"_blank\">petice<\/a> vyz\u00fdvaj\u00edc\u00ed vl\u00e1du, aby ta nechala okam\u017eit\u011b uzav\u0159\u00edt hranice s\u00a0N\u011bmeckem. Auto\u0159i petice svou v\u00fdzvu zd\u016fvod\u0148uj\u00ed mno\u017e\u00edc\u00edmi se teroristick\u00fdmi \u00fatoky muslimsk\u00fdch extremist\u016f bl\u00edzko na\u0161ich hranic.<\/p>\n<p><!--more--><\/p>\n<p>T\u011b\u017eko \u0159\u00edci, jak si ono \u201euzav\u0159en\u00ed hranic\u201c p\u0159edstavuj\u00ed. Vypov\u011bzen\u00edm schengensk\u00e9ho re\u017eimu? Nebo snad n\u00e1vratem k\u00a0zadr\u00e1tovan\u00e9 hranici? Je dost mo\u017en\u00e9, \u017ee schengensk\u00e1 praxe opu\u0161t\u011bna bude, ostatn\u011b na mnoha hranic\u00edch mezi \u010dlensk\u00fdmi zem\u011bmi byla kv\u016fli pot\u0159eb\u011b \u010delit vln\u011b ileg\u00e1ln\u00edho p\u0159ist\u011bhovalectv\u00ed u\u017e stejn\u011b suspendov\u00e1na. Byly v\u0161ak v\u00a0p\u0159\u00edpad\u011b \u010cR vyu\u017eity mo\u017enosti, jinde pou\u017e\u00edvan\u00e9 i v\u00a0r\u00e1mci Schengenu? To v\u00a0\u017e\u00e1dn\u00e9m p\u0159\u00edpad\u011b.<\/p>\n<p>Mnoho n\u00e1v\u0161t\u011bvn\u00edk\u016f N\u011bmecka potvrd\u00ed, \u017ee auto s\u00a0\u010deskou zna\u010dnou b\u00fdv\u00e1 kontrolov\u00e1no kdekoli za hranicemi, b\u00fdv\u00e1 zkoum\u00e1n jeho technick\u00fd stav, n\u011bkdy b\u00fdvaj\u00ed prohl\u00ed\u017eeny \u00falo\u017en\u00e9 prostory (asi zda v\u00a0nich nen\u00ed pracovn\u00ed n\u00e1\u010din\u00ed \u00fadajn\u00fdch \u010dern\u00fdch \u010desk\u00fdch gastarbeiter\u016f). D\u011bje se n\u011bmeck\u00fdm \u0159idi\u010d\u016fm cosi recipro\u010dn\u00edho u n\u00e1s? Ani n\u00e1hodou. Dokonce po nich zpravidla nikdo nechce ani to, aby si u n\u00e1s podle na\u0161ich p\u0159edpis\u016f rozsv\u00edtili.<\/p>\n<p>Autor t\u011bchto \u0159\u00e1dek jel p\u0159ed n\u011bkolika dny autobusem Deutsche Bahn z\u00a0Prahy do Norimberka. Okam\u017eit\u011b za hranicemi byl autobus n\u011bmeck\u00fdm policejn\u00edm autem odklon\u011bn na nejbli\u017e\u0161\u00ed odpo\u010divadlo a v\u0161ichni jeho cestuj\u00edc\u00ed byli podrobeni kontrole doklad\u016f. V\u00a0situaci, kdy desetitis\u00edce p\u0159ist\u011bhovalc\u016f do N\u011bmecka \u017e\u00e1dn\u00e9 dokumenty nepot\u0159ebuj\u00ed. A co se stalo p\u0159i cest\u011b stejn\u00fdm autobusem zp\u011bt do \u010ceska? V\u016fbec nic. V\u00a0autobuse mohl sed\u011bt kdokoli, nikdo ho u n\u00e1s nekontroloval.<\/p>\n<p>Hroz\u00ed snad N\u011bmecku z\u00a0na\u0161\u00ed strany n\u011bjak\u00e9 re\u00e1ln\u00e9 nebezpe\u010d\u00ed? Je evidentn\u011b v\u011bt\u0161\u00ed ne\u017e to opa\u010dn\u00fdm sm\u011brem? Tak pro\u010d N\u011bmci vyu\u017e\u00edvaj\u00ed v\u016f\u010di n\u00e1m i v\u00a0r\u00e1mci Schengenu b\u011b\u017en\u00e9 kontroln\u00ed metody a my nikoli?<\/p>\n<p>Petici jsem zat\u00edm nepodepsal. Po\u010dk\u00e1m si, jestli bude zaveden alespo\u0148 symetrick\u00fd hrani\u010dn\u00ed re\u017eim i z\u00a0na\u0161\u00ed strany.<\/p>\n<p><em>Ladislav Jakl, 28. \u010dervence 2016.<\/em><\/p>\n<p><a href=\"http:\/\/www.institutvk.cz\/blog\/blog-ivk-c-10-ladislav-jakl-asymetricka-cesko-nemecka-hranice\" target=\"_blank\">Zdroj<\/a><\/p>\n","protected":false},"excerpt":{"rendered":"<p>Na internetu se v\u00a0minul\u00fdch dnech objevila petice vyz\u00fdvaj\u00edc\u00ed vl\u00e1du, aby ta nechala okam\u017eit\u011b uzav\u0159\u00edt hranice s\u00a0N\u011bmeckem. Auto\u0159i petice svou v\u00fdzvu zd\u016fvod\u0148uj\u00ed mno\u017e\u00edc\u00edmi se teroristick\u00fdmi \u00fatoky muslimsk\u00fdch extremist\u016f bl\u00edzko na\u0161ich hranic.<\/p>\n","protected":false},"author":1,"featured_media":0,"comment_status":"open","ping_status":"open","sticky":false,"template":"","format":"standard","meta":{"ngg_post_thumbnail":0,"footnotes":""},"categories":[1],"tags":[],"class_list":["post-7119","post","type-post","status-publish","format-standard","hentry","category-publikovane-clanky"],"_links":{"self":[{"href":"https:\/\/www.ladislavjakl.cz\/index.php?rest_route=\/wp\/v2\/posts\/7119","targetHints":{"allow":["GET"]}}],"collection":[{"href":"https:\/\/www.ladislavjakl.cz\/index.php?rest_route=\/wp\/v2\/posts"}],"about":[{"href":"https:\/\/www.ladislavjakl.cz\/index.php?rest_route=\/wp\/v2\/types\/post"}],"author":[{"embeddable":true,"href":"https:\/\/www.ladislavjakl.cz\/index.php?rest_route=\/wp\/v2\/users\/1"}],"replies":[{"embeddable":true,"href":"https:\/\/www.ladislavjakl.cz\/index.php?rest_route=%2Fwp%2Fv2%2Fcomments&post=7119"}],"version-history":[{"count":1,"href":"https:\/\/www.ladislavjakl.cz\/index.php?rest_route=\/wp\/v2\/posts\/7119\/revisions"}],"predecessor-version":[{"id":7120,"href":"https:\/\/www.ladislavjakl.cz\/index.php?rest_route=\/wp\/v2\/posts\/7119\/revisions\/7120"}],"wp:attachment":[{"href":"https:\/\/www.ladislavjakl.cz\/index.php?rest_route=%2Fwp%2Fv2%2Fmedia&parent=7119"}],"wp:term":[{"taxonomy":"category","embeddable":true,"href":"https:\/\/www.ladislavjakl.cz\/index.php?rest_route=%2Fwp%2Fv2%2Fcategories&post=7119"},{"taxonomy":"post_tag","embeddable":true,"href":"https:\/\/www.ladislavjakl.cz\/index.php?rest_route=%2Fwp%2Fv2%2Ftags&post=7119"}],"curies":[{"name":"wp","href":"https:\/\/api.w.org\/{rel}","templated":true}]}}