{"id":712,"date":"2010-12-10T09:37:48","date_gmt":"2010-12-10T08:37:48","guid":{"rendered":"http:\/\/www.ladislavjakl.cz\/?p=712"},"modified":"2010-12-10T09:40:19","modified_gmt":"2010-12-10T08:40:19","slug":"jakl-odborarsti-bossove-museli-vykazat-nejakou-cinnost","status":"publish","type":"post","link":"https:\/\/www.ladislavjakl.cz\/?p=712","title":{"rendered":"Jakl: Odbor\u00e1\u0159\u0161t\u00ed bossov\u00e9 museli vyk\u00e1zat n\u011bjakou \u010dinnost"},"content":{"rendered":"<p>Dne\u0161n\u00ed st\u00e1vky si mnoz\u00ed lid\u00e9 ani nev\u0161imli,  pokud ne\u0161li marn\u011b na \u00fa\u0159ad, nemuseli hl\u00eddat d\u00edt\u011b nebo se nechystali do  knihovny, p\u0159\u00edpadn\u011b do divadla. Podle propo\u010dt\u016f veden\u00ed \u010ceskomoravsk\u00e9  konfederace odborov\u00fdch svaz\u016f,  se ale do protestu zapojilo 148 tis\u00edc  lid\u00ed a dal\u0161\u00ed desetitis\u00edce st\u00e1vku \u00fadajn\u011b podpo\u0159ily.<\/p>\n<p><!--more--><\/p>\n<p>Prvn\u00ed  m\u00edstop\u0159edseda Odborov\u00e9ho svazu st\u00e1tn\u00edch org\u00e1n\u016f a organizac\u00ed Jan  Rovensk\u00fd je s dne\u0161n\u00ed akc\u00ed spokojen. Podle n\u011bj st\u00e1vka splnila o\u010dek\u00e1v\u00e1n\u00ed.<\/p>\n<p>\u201eJ\u00e1 m\u016f\u017eu \u0159\u00edct za sebe, \u017ee jsem spokojen\u00fd, proto\u017ee je to nejv\u011bt\u0161\u00ed akce za posledn\u00edch 20 let.\u201c<\/p>\n<div>\n<div>\n<h3>Audio<\/h3>\n<\/div>\n<div>\n<div id=\"audioFile1\"><em><span>Hosty  Ozv\u011bn dne byli prvn\u00ed m\u00edstop\u0159edseda Odborov\u00e9ho svazu st\u00e1tn\u00edch org\u00e1n\u016f a  organizac\u00ed Jan Rovensk\u00fd a prezident\u016fv tajemn\u00edk Ladislav Jakl.<\/span><br \/>\n<\/em> <a href=\"http:\/\/www.rozhlas.cz\/_audio\/nevsimnuta-stavkamp3--02206505.mp3\"><em> <\/em>DOWNLOAD (ST\u00c1HNOUT Z \u010cRo)<\/a><\/div>\n<\/div>\n<\/div>\n<p>Podle  Rovensk\u00e9ho se tato st\u00e1vka naz\u00fdvala protestn\u00ed, aby se vyj\u00e1d\u0159il n\u00e1zor  zam\u011bstnanc\u016f \u2013 jejich protest a nesouhlas. \u201eDo jak\u00e9 m\u00edry to bude m\u00edt  dopad na dal\u0161\u00ed rozhodnut\u00ed nebo p\u0159ehodnocen\u00ed st\u00e1vaj\u00edc\u00edch rozhodnut\u00ed  vl\u00e1dy, to lze t\u011b\u017eko specifikovat.\u201c<\/p>\n<p>Podle  prezidentsk\u00e9ho tajemn\u00edka Ladislava Jakla m\u011bla st\u00e1vka dva c\u00edle. Jeden c\u00edl  m\u011bl d\u00e1t najevo, \u017ee se st\u00e1tn\u00edm zam\u011bstnanc\u016fm nel\u00edb\u00ed \u0161krty v platech a  druh\u00fd c\u00edl, aby odbor\u00e1\u0159\u0161t\u00ed bossov\u00e9 vyk\u00e1zali n\u011bjakou \u010dinnost:<\/p>\n<p>\u201eKdy\u017e  ka\u017ed\u00fd spr\u00e1vn\u00fd odbor\u00e1\u0159sk\u00fd v\u016fdce \u010das od \u010dasu neud\u011bl\u00e1 n\u011bjak\u00fd protest, tak  ono by to vypadalo, \u017ee si ani ten sv\u016fj plat nezaslou\u017e\u00ed.\u201c<\/p>\n<p>S  ohledem na t\u00e9m\u011b\u0159 celosv\u011btovou ekonomickou situaci, nebyl podle Jakla v  posledn\u00edch letech takov\u00fd z\u00e1jem po \u010desk\u00fdch produktech, proto \u010desk\u00e9 firmy  nejsou v tak dobr\u00e9 kondici, aby pos\u00edlaly st\u00e1tu vysok\u00e9 dan\u011b:<\/p>\n<p>\u201eSt\u00e1t mus\u00ed zlevnit sv\u016fj provoz. Platy st\u00e1tn\u00edch zam\u011bstnanc\u016f tvo\u0159\u00ed podstatnou \u010d\u00e1st n\u00e1klad\u016f na provoz st\u00e1tu.\u201c<\/p>\n<p><a href=\"http:\/\/www.rozhlas.cz\/zpravy\/spolecnost\/_zprava\/821521\" target=\"_blank\">ZDROJ<\/a><\/p>\n","protected":false},"excerpt":{"rendered":"<p>Dne\u0161n\u00ed st\u00e1vky si mnoz\u00ed lid\u00e9 ani nev\u0161imli, pokud ne\u0161li marn\u011b na \u00fa\u0159ad, nemuseli hl\u00eddat d\u00edt\u011b nebo se nechystali do knihovny, p\u0159\u00edpadn\u011b do divadla. Podle propo\u010dt\u016f veden\u00ed \u010ceskomoravsk\u00e9 konfederace odborov\u00fdch svaz\u016f, se ale do protestu zapojilo 148 tis\u00edc lid\u00ed a dal\u0161\u00ed desetitis\u00edce st\u00e1vku \u00fadajn\u011b podpo\u0159ily.<\/p>\n","protected":false},"author":1,"featured_media":0,"comment_status":"open","ping_status":"open","sticky":false,"template":"","format":"standard","meta":{"ngg_post_thumbnail":0,"footnotes":""},"categories":[13],"tags":[],"class_list":["post-712","post","type-post","status-publish","format-standard","hentry","category-rozhovory"],"_links":{"self":[{"href":"https:\/\/www.ladislavjakl.cz\/index.php?rest_route=\/wp\/v2\/posts\/712","targetHints":{"allow":["GET"]}}],"collection":[{"href":"https:\/\/www.ladislavjakl.cz\/index.php?rest_route=\/wp\/v2\/posts"}],"about":[{"href":"https:\/\/www.ladislavjakl.cz\/index.php?rest_route=\/wp\/v2\/types\/post"}],"author":[{"embeddable":true,"href":"https:\/\/www.ladislavjakl.cz\/index.php?rest_route=\/wp\/v2\/users\/1"}],"replies":[{"embeddable":true,"href":"https:\/\/www.ladislavjakl.cz\/index.php?rest_route=%2Fwp%2Fv2%2Fcomments&post=712"}],"version-history":[{"count":4,"href":"https:\/\/www.ladislavjakl.cz\/index.php?rest_route=\/wp\/v2\/posts\/712\/revisions"}],"predecessor-version":[{"id":716,"href":"https:\/\/www.ladislavjakl.cz\/index.php?rest_route=\/wp\/v2\/posts\/712\/revisions\/716"}],"wp:attachment":[{"href":"https:\/\/www.ladislavjakl.cz\/index.php?rest_route=%2Fwp%2Fv2%2Fmedia&parent=712"}],"wp:term":[{"taxonomy":"category","embeddable":true,"href":"https:\/\/www.ladislavjakl.cz\/index.php?rest_route=%2Fwp%2Fv2%2Fcategories&post=712"},{"taxonomy":"post_tag","embeddable":true,"href":"https:\/\/www.ladislavjakl.cz\/index.php?rest_route=%2Fwp%2Fv2%2Ftags&post=712"}],"curies":[{"name":"wp","href":"https:\/\/api.w.org\/{rel}","templated":true}]}}