{"id":7124,"date":"2016-08-05T14:14:49","date_gmt":"2016-08-05T12:14:49","guid":{"rendered":"http:\/\/www.ladislavjakl.cz\/?p=7124"},"modified":"2016-08-05T14:14:49","modified_gmt":"2016-08-05T12:14:49","slug":"otevreny-dopis-panu-khizru-khanovi","status":"publish","type":"post","link":"https:\/\/www.ladislavjakl.cz\/?p=7124","title":{"rendered":"Otev\u0159en\u00fd dopis panu Khizru Khanovi"},"content":{"rendered":"<p>FILE &#8211; 28. \u010dervence 2016: Khizr Khan, otec padl\u00e9ho kapit\u00e1na americk\u00e9 arm\u00e1dy Humayuna S. M. Khana, a jeho man\u017eelka Ghazala promlouvaj\u00ed b\u011bhem posledn\u00edho dne sjezdu demokratick\u00e9 strany ve Filadelfii. Zde je reakce:<\/p>\n<p><em>(Text poch\u00e1z\u00ed z webu <\/em><a href=\"http:\/\/usdefensewatch.com\/2016\/07\/an-open-letter-to-mr-khizr-khan\/\"><em>US Defense Watch<\/em><\/a><em>)<\/em><em>\u00a0<\/em><\/p>\n<p><!--more--><\/p>\n<p>V\u00e1\u017een\u00fd pane Khane,<\/p>\n<p>Jako miliony dal\u0161\u00edch Ameri\u010dan\u016f jsem ve \u010dtvrtek ve\u010der vid\u011bl V\u00e1\u0161 projev na demokratick\u00e9m sjezdu.<\/p>\n<p>R\u00e1d bych vyj\u00e1d\u0159il svou up\u0159\u00edmnou soustrast nad smrt\u00ed Va\u0161eho syna, kapit\u00e1na Humayuna Khana, kter\u00fd padl v boji v Ir\u00e1ku.<\/p>\n<p>Jako b\u00fdval\u00fd d\u016fstojn\u00edk americk\u00e9 arm\u00e1dy a veter\u00e1n v\u00e1lky v Z\u00e1livu rozhodn\u011b ch\u00e1pu bolest a utrpen\u00ed, kter\u00e9 Vy a Va\u0161e man\u017eelka ka\u017ed\u00fd den poci\u0165ujete.<\/p>\n<p>V\u00e1\u0161 syn zem\u0159el p\u0159i z\u00e1chran\u011b sv\u00fdch spolubojovn\u00edk\u016f. A jak \u0159ekl Je\u017e\u00ed\u0161 sv\u00fdm u\u010dedn\u00edk\u016fm v <a href=\"https:\/\/www.biblegateway.com\/passage\/?search=John+15&amp;version=NIV\">evangeliu podle Jana<\/a>, <em>nikdo nem\u00e1 v\u011bt\u0161\u00ed l\u00e1sku ne\u017e ten, kdo polo\u017e\u00ed \u017eivot za sv\u00e9 p\u0159\u00e1tele. <\/em><\/p>\n<p>Kapit\u00e1n Khan je hrdina. Jsem si jist\u00fd, \u017ee voj\u00e1ci, se kter\u00fdmi slou\u017eil, ho za hrdinu pova\u017euj\u00ed. V\u00edm, \u017ee Vy a Va\u0161e man\u017eelka ho tak vn\u00edm\u00e1te. Bu\u010fte si jist\u00ed, \u017ee za hrdinu ho pova\u017euj\u00ed tak\u00e9 miliony v\u00e1le\u010dn\u00fdch veter\u00e1n\u016f.<\/p>\n<p>Kdy\u017e budu parafr\u00e1zovat z\u00a0Knihy S\u00edrachovcovy: jm\u00e9no Va\u0161eho syna \u017eije v\u00a0dal\u0161\u00edch pokolen\u00edch.<\/p>\n<p>V\u00e1\u0161 syn p\u0159inesl nejvy\u0161\u0161\u00ed ob\u011b\u0165 pro svou zemi, zemi, kter\u00e1 byla pro V\u00e1s a Va\u0161i rodinu nov\u00e1 a kterou jste p\u0159ijali s otev\u0159enou n\u00e1ru\u010d\u00ed a jist\u011b si ji zamilovali.<\/p>\n<p>Kdy\u017e jste Vy a Va\u0161e rodina p\u0159ijeli z P\u00e1kist\u00e1nu do Ameriky, asimilovali jste se v na\u0161\u00ed zemi. P\u0159ijali jste americk\u00fd zp\u016fsob \u017eivota, nau\u010dili se na\u0161i historii a zd\u00e1 se, \u017ee jste si i po\u0159\u00eddil kapesn\u00ed vyd\u00e1n\u00ed \u00dastavy. To V\u00e1s \u0161lecht\u00ed, pane Khane.<\/p>\n<p>Jenom\u017ee v Americe \u017eije tak\u00e9 mnoho muslim\u016f, kte\u0159\u00ed nejen \u017ee se v\u016fbec necht\u011bj\u00ed asimilovat, ale cht\u011bj\u00ed \u017e\u00edt podle pr\u00e1va \u0161ar\u00eda.<\/p>\n<p>To je pro Ameri\u010dany nep\u0159ijateln\u00e9. V t\u00e9to zemi existuje pouze jedin\u00e9 pr\u00e1vo, a t\u00edm je \u00dastava Spojen\u00fdch st\u00e1t\u016f americk\u00fdch.<\/p>\n<p>Jak jist\u011b v\u00edte, pane Khane, \u017eijeme v n\u00e1siln\u00fdch a nebezpe\u010dn\u00fdch \u010dasech. Muslim\u0161t\u00ed \u0161\u00edlenci z ISIS a dal\u0161\u00edch radik\u00e1ln\u00edch d\u017eih\u00e1distick\u00fdch skupin\u00e1ch p\u00e1chaj\u00ed vra\u017edy a teroristick\u00e9 \u00fatoky po cel\u00e9m sv\u011bt\u011b.<\/p>\n<p>Va\u0161e n\u00e1bo\u017eenstv\u00ed m\u00edru, Isl\u00e1m, m\u00e1 v roce 2016 do m\u00edru daleko. Tato skute\u010dnost se potvrzuje poka\u017ed\u00e9, kdy\u017e muslim zast\u0159el\u00ed, poprav\u00ed, mu\u010d\u00ed nebo shod\u00ed bombu na nevinn\u00e9 mu\u017ee, \u017eeny a d\u011bti. To neznamen\u00e1, \u017ee je ka\u017ed\u00fd muslim terorista, ov\u0161em v\u011bt\u0161inu terorist\u016f, v\u00e1\u017een\u00fd pane, tvo\u0159\u00ed muslimov\u00e9.<\/p>\n<p>Muslimsk\u00e9 teroristick\u00e9 \u00fatoky se staly znamen\u00edm na\u0161\u00ed doby.<\/p>\n<p>Bez ohledu na to, co tvrd\u00ed neschopn\u00fd, naivn\u00ed, levi\u010d\u00e1ck\u00fd ideolog Barack Obama a jeho p\u0159ihloupl\u00ed koleg\u00e1\u010dci John Kerry, Francois Hollande a Angela Merkelov\u00e1, Spojen\u00e9 st\u00e1ty i Z\u00e1pad jsou ve v\u00e1lce s radik\u00e1ln\u00edm isl\u00e1mem. \u00dakolem prezidenta Spojen\u00fdch st\u00e1t\u016f je chr\u00e1nit sv\u016fj n\u00e1rod p\u0159ed v\u0161emi nep\u0159\u00e1teli, a\u0165 u\u017e zahrani\u010dn\u00edmi nebo dom\u00e1c\u00edmi. Pan Obama si v\u0161ak bohu\u017eel isl\u00e1m romantizuje a odm\u00edt\u00e1 p\u0159ijmout realitu, co\u017e vedlo ke smrti tis\u00edc\u016f nevinn\u00fdch lid\u00ed po cel\u00e9m sv\u011bt\u011b.<\/p>\n<p>Skupiny jako ISIS a Al-K\u00e1ida maj\u00ed jedin\u00fd c\u00edl, kter\u00fdm je \u00fapln\u00e9 zni\u010den\u00ed \u017eidovsko-k\u0159es\u0165ansk\u00e9 kultury, na\u0161ich n\u00e1bo\u017eenstv\u00ed a na\u0161eho zp\u016fsobu \u017eivota.<\/p>\n<p>Mnoho Ameri\u010dan\u016f poch\u00e1z\u00ed z rodin, kter\u00e9 zde \u017eily po desetilet\u00ed, ba i stalet\u00ed. Mnoho rodin, jako je ta moje, m\u00e1 p\u0159\u00edbuzn\u00e9, kte\u0159\u00ed bojovali v ob\u010dansk\u00e9 v\u00e1lce, obou sv\u011btov\u00fdch v\u00e1lk\u00e1ch, v Koreji, Vietnamu a v Z\u00e1livu. Mnoho rodin m\u00e1 p\u0159\u00edbuzn\u00e9, kte\u0159\u00ed bojovali za americk\u00e9 revoluce.<\/p>\n<p>Nem\u00e1me v pl\u00e1nu vydat svou zemi muslimsk\u00fdm maniak\u016fm. Jsme Ameri\u010dan\u00e9, v\u00e1\u017een\u00fd pane, nikoliv neozbrojen\u00e9 socialistick\u00e9 evropsk\u00e9 zombie. Ud\u011bl\u00e1me, co je pot\u0159eba, abychom Spojen\u00e9 st\u00e1ty ochr\u00e1nili. Zat\u00edmco hodn\u011b demokrat\u016f a liber\u00e1l\u016f se na sv\u011bt d\u00edv\u00e1 r\u016f\u017eov\u00fdmi br\u00fdlemi, konzervativci ch\u00e1pou, \u017ee na sv\u011bt\u011b existuje dobro a zlo. A zlo mus\u00ed b\u00fdt zni\u010deno, ne\u017e zni\u010d\u00ed ono n\u00e1s.<\/p>\n<p>Mus\u00ed b\u00fdt p\u0159ijata \u00fa\u010dinn\u00e1 opat\u0159en\u00ed \u2013 v\u00e1le\u010dn\u00e1 opat\u0159en\u00ed \u2013 pro ochranu na\u0161\u00ed zem\u011b p\u0159ed t\u011bmi, kdo si p\u0159ej\u00ed zni\u010dit n\u00e1s i n\u00e1\u0161 zp\u016fsob \u017eivota.<\/p>\n<p>Pl\u00e1n pana Trumpa do\u010dasn\u011b pozastavit p\u0159ist\u011bhovalectv\u00ed z muslimsk\u00fdch zem\u00ed, o kter\u00fdch se v\u00ed, \u017ee bu\u010f podporuj\u00ed terorismus, nebo poskytuj\u00ed \u00fato\u010di\u0161t\u011b teroristick\u00fdm skupin\u00e1m, je nejen pragmatick\u00fd, ale vskutku \u00fastavn\u00ed. \u00dastavn\u00ed povinnost\u00ed prezidenta Spojen\u00fdch st\u00e1t\u016f je chr\u00e1nit sv\u016fj n\u00e1rod.<\/p>\n<p>Zp\u016fsob, jak prov\u011b\u0159it stovky tis\u00edc muslimsk\u00fdch uprchl\u00edk\u016f z v\u00e1le\u010dn\u00fdch z\u00f3n, jako je S\u00fdrie, Ir\u00e1k a Afganist\u00e1n, jednodu\u0161e neexistuje.<\/p>\n<p>Evropa je ni\u010dena, proto\u017ee nezodpov\u011bdn\u00ed v\u016fdci jako Angela Merkelov\u00e1 otev\u0159eli dve\u0159e kontinentu z\u00e1plav\u011b v\u00edce ne\u017e milionu neleg\u00e1ln\u00edch muslimsk\u00fdch uprchl\u00edk\u016f, kte\u0159\u00ed si s sebou nevezou nic ne\u017e neurvalost a bra\u0161ny pln\u00e9 d\u017eih\u00e1du.<\/p>\n<p>Mysl\u00edte si, \u017ee jsou Ameri\u010dan\u00e9 hloup\u00ed? Zat\u00edmco levice \u017eije ve sv\u011bt\u011b sn\u016f, pravice \u017eije v realit\u011b. Pan Trump ch\u00e1pe, co hroz\u00ed jeho n\u00e1rodu \u2013 a tato hrozba nepoch\u00e1z\u00ed od \u0161v\u00e9dsk\u00fdch luter\u00e1n\u016f jm\u00e9nem Anna a Lars. Tato hrozba, v\u00e1\u017een\u00fd pane, poch\u00e1z\u00ed od radik\u00e1ln\u00edho isl\u00e1mu.<\/p>\n<p>Jak ve jm\u00e9nu bo\u017e\u00edm mohou americk\u00e9 imigra\u010dn\u00ed \u00fa\u0159ady odhalit skute\u010dn\u00e9 z\u00e1m\u011bry dvaadvacetilet\u00e9ho syrsk\u00e9ho mu\u017ee? To nen\u00ed mo\u017en\u00e9. S\u00e1m v\u00edte, \u017ee to nen\u00ed mo\u017en\u00e9.<\/p>\n<p>Jak ve jm\u00e9nu bo\u017e\u00edm mohou americk\u00e9 imigra\u010dn\u00ed \u00fa\u0159ady odhalit skute\u010dn\u00e9 z\u00e1m\u011bry stovky tis\u00edc syrsk\u00fdch uprchl\u00edk\u016f a tis\u00edc\u016f dal\u0161\u00edch muslim\u016f nejr\u016fzn\u011bj\u0161\u00edch n\u00e1rodnost\u00ed, kte\u0159\u00ed cht\u011bj\u00ed vstoupit na na\u0161e \u00fazem\u00ed?<\/p>\n<p>To nen\u00ed mo\u017en\u00e9. S\u00e1m v\u00edte, \u017ee to nen\u00ed mo\u017en\u00e9.<\/p>\n<p>To, zda V\u00e1s, Va\u0161i man\u017eelku, muslimsk\u00fd sv\u011bt a miliony demokrat\u016f ur\u00e1\u017e\u00ed Trump\u016fv realistick\u00fd pohled na sv\u011bt, je nepodstatn\u00e9.<\/p>\n<p>To, zda by V\u00e1m, Va\u0161\u00ed man\u017eelce a synovi bylo v r\u00e1mci v\u00e1le\u010dn\u00e9ho pl\u00e1nu pana Trumpa zak\u00e1z\u00e1no emigrovat z P\u00e1kist\u00e1nu do Ameriky, je nepodstatn\u00e9. Bezpe\u010dnost t\u00e9to velik\u00e9 zem\u011b m\u00e1 p\u0159ednost p\u0159ed t\u00edm, co si p\u0159ejete Vy nebo jin\u00ed, kte\u0159\u00ed sem nyn\u00ed cht\u011bj\u00ed p\u0159ij\u00edt. Spojen\u00e9 st\u00e1ty americk\u00e9 nemaj\u00ed \u017e\u00e1dnou povinnost otev\u0159\u00edt sv\u00e9 br\u00e1ny, aby vyhov\u011bli cizinc\u016fm a liber\u00e1l\u016fm v na\u0161\u00ed vl\u00e1d\u011b.<\/p>\n<p>Vydat se jinou ne\u017e Trumpovou cestou by znamenalo je\u0161t\u011b v\u00edce ohrozit ka\u017edodenn\u00ed \u017eivoty Ameri\u010dan\u016f. A to je nep\u0159ijateln\u00e9.<\/p>\n<p>Za\u00fato\u010dil jste na pana Trumpa p\u0159ed zraky cel\u00e9ho sv\u011bta, ale p\u0159esto nedok\u00e1\u017eete pochopit, \u017ee to on se br\u00e1n\u00ed p\u0159ed \u00fatoky V\u00e1s, Hillary Clintonov\u00e9 a levice. Co mu taky jin\u00e9ho zb\u00fdv\u00e1?<\/p>\n<p>Mus\u00edme \u017e\u00edt ve skute\u010dn\u00e9m sv\u011bt\u011b, ne ve sv\u011bt\u011b pop\u00edr\u00e1n\u00ed, klamu a fantazie, kter\u00fd demokrat\u00e9 ob\u00fdvaj\u00ed ka\u017ed\u00fd den sv\u00fdch \u017eivot\u016f.<\/p>\n<p>Radik\u00e1ln\u00ed isl\u00e1m je nep\u0159\u00edtelem ka\u017ed\u00e9ho na t\u00e9to planet\u011b, kter\u00fd v\u011b\u0159\u00ed ve svobodu a spravedlnost. Dokud nebude zni\u010den, tento n\u00e1rod se mus\u00ed br\u00e1nit p\u0159ed nep\u0159\u00e1teli ze zahrani\u010d\u00ed i z domova.<\/p>\n<p>S \u00factou,<\/p>\n<p><em>Ray Starmann<\/em><\/p>\n<p><a href=\"http:\/\/usdefensewatch.com\/about\/\"><em>Ray Starmann je zakladatelem US Defense Watch<\/em><\/a><em> (americk\u00e9 obrann\u00e9 hl\u00eddky). Je b\u00fdval\u00fdm d\u016fstojn\u00edkem americk\u00e9 rozv\u011bdky a veter\u00e1nem z v\u00e1lky v Z\u00e1livu, kde slou\u017eil u 4. praporu 7. kaval\u00e9rie 3. obrn\u011bn\u00e9 divize \u201cSpearhead!\u201d Pan Starmann po dobu n\u011bkolika let p\u0159isp\u00edval na web SFTT.org, zalo\u017een\u00fd zesnul\u00fdm plukovn\u00edkem Davidem Hackworthem.<\/em><\/p>\n","protected":false},"excerpt":{"rendered":"<p>FILE &#8211; 28. \u010dervence 2016: Khizr Khan, otec padl\u00e9ho kapit\u00e1na americk\u00e9 arm\u00e1dy Humayuna S. M. Khana, a jeho man\u017eelka Ghazala promlouvaj\u00ed b\u011bhem posledn\u00edho dne sjezdu demokratick\u00e9 strany ve Filadelfii. Zde je reakce: (Text poch\u00e1z\u00ed z webu US Defense Watch)\u00a0<\/p>\n","protected":false},"author":1,"featured_media":0,"comment_status":"open","ping_status":"open","sticky":false,"template":"","format":"standard","meta":{"ngg_post_thumbnail":0,"footnotes":""},"categories":[19],"tags":[],"class_list":["post-7124","post","type-post","status-publish","format-standard","hentry","category-jakl-leaks"],"_links":{"self":[{"href":"https:\/\/www.ladislavjakl.cz\/index.php?rest_route=\/wp\/v2\/posts\/7124","targetHints":{"allow":["GET"]}}],"collection":[{"href":"https:\/\/www.ladislavjakl.cz\/index.php?rest_route=\/wp\/v2\/posts"}],"about":[{"href":"https:\/\/www.ladislavjakl.cz\/index.php?rest_route=\/wp\/v2\/types\/post"}],"author":[{"embeddable":true,"href":"https:\/\/www.ladislavjakl.cz\/index.php?rest_route=\/wp\/v2\/users\/1"}],"replies":[{"embeddable":true,"href":"https:\/\/www.ladislavjakl.cz\/index.php?rest_route=%2Fwp%2Fv2%2Fcomments&post=7124"}],"version-history":[{"count":1,"href":"https:\/\/www.ladislavjakl.cz\/index.php?rest_route=\/wp\/v2\/posts\/7124\/revisions"}],"predecessor-version":[{"id":7125,"href":"https:\/\/www.ladislavjakl.cz\/index.php?rest_route=\/wp\/v2\/posts\/7124\/revisions\/7125"}],"wp:attachment":[{"href":"https:\/\/www.ladislavjakl.cz\/index.php?rest_route=%2Fwp%2Fv2%2Fmedia&parent=7124"}],"wp:term":[{"taxonomy":"category","embeddable":true,"href":"https:\/\/www.ladislavjakl.cz\/index.php?rest_route=%2Fwp%2Fv2%2Fcategories&post=7124"},{"taxonomy":"post_tag","embeddable":true,"href":"https:\/\/www.ladislavjakl.cz\/index.php?rest_route=%2Fwp%2Fv2%2Ftags&post=7124"}],"curies":[{"name":"wp","href":"https:\/\/api.w.org\/{rel}","templated":true}]}}