{"id":7126,"date":"2016-08-05T14:17:51","date_gmt":"2016-08-05T12:17:51","guid":{"rendered":"http:\/\/www.ladislavjakl.cz\/?p=7126"},"modified":"2016-08-05T14:17:51","modified_gmt":"2016-08-05T12:17:51","slug":"stanovisko-ivk-ke-dni-5-8-2016-nasi-v-riu-fandeme-jim","status":"publish","type":"post","link":"https:\/\/www.ladislavjakl.cz\/?p=7126","title":{"rendered":"Stanovisko IVK ke dni 5. 8. 2016: Na\u0161i v Riu, fand\u011bme jim."},"content":{"rendered":"<p>Dnes za\u010d\u00ednaj\u00ed v\u00a0brazilsk\u00e9m Riu de Janeiro 31. olympijsk\u00e9 hry v\u00a0novodob\u00e9 historii.<\/p>\n<p><!--more--><\/p>\n<p>U\u017e od okam\u017eiku p\u0159id\u011blen\u00ed her t\u00e9to p\u00e1t\u00e9 nejlidnat\u011bj\u0161\u00ed zemi sv\u011bta se za\u010daly objevovat snahy po\u0159adatele jak\u00fdmkoli zp\u016fsobem zdiskreditovat. Ano, Braz\u00edlie je st\u00e1le v\u00a0jist\u00e9m smyslu rozvojovou zem\u00ed, ale mezi takov\u00e9 lze zahrnout v\u011bt\u0161inu sv\u011bta a velk\u00e9 akce p\u0159ece nelze omezit jen na n\u011bkolik nejbohat\u0161\u00edch st\u00e1t\u016f. Ostatn\u011b olympi\u00e1da byla t\u0159eba u\u017e v\u00a0Mexiku nebo v\u00a0ne zrovna prosperuj\u00edc\u00edm \u0158ecku. I kdy\u017e je pravdou, \u017ee rozm\u011bry olympi\u00e1d asi p\u0159es\u00e1hly rozumn\u00e9 hranice.<\/p>\n<p>Ka\u017edodenn\u00ed, u\u017e rok trvaj\u00edc\u00ed a st\u00e1le s\u00edl\u00edc\u00ed medi\u00e1ln\u00ed napad\u00e1n\u00ed Braz\u00edlie je nejen projevem kulturn\u00ed nafoukanosti a nad\u0159azenosti z\u00e1padn\u00edho sv\u011bta, ale m\u00e1 i sv\u00e9 mocensk\u00e9 konotace, jejich\u017e ko\u0159en je v\u00a0samostatn\u00e9 zahrani\u010dn\u00ed a ekonomick\u00e9 politice t\u00e9to ohromn\u00e9 zem\u011b. K\u0159e\u010dovitost, s\u00a0jakou se m\u00e9dia sna\u017e\u00ed naj\u00edt pouze negativn\u00ed souvislosti kolem olympi\u00e1dy, je u\u017e ale natolik p\u0159ehnan\u00e1, \u017ee to \u010dten\u00e1\u0159\u016fm a div\u00e1k\u016fm za\u010d\u00edn\u00e1 b\u00fdt n\u00e1padn\u00e9, zvl\u00e1\u0161t\u011b t\u011bm citliv\u011bj\u0161\u00edm na manipulaci a propagandu.<\/p>\n<p>Jedn\u00edm z\u00a0posledn\u00edch \u00fader\u016f Riu m\u011bl b\u00fdt syndrom zika, kolektivn\u00ed vylou\u010den\u00ed rusk\u00e9 v\u00fdpravy a bojkot n\u011bkter\u00fdch bohat\u00fdch sportovn\u00edch hv\u011bzd. Za t\u011bchto okolnost\u00ed m\u016f\u017ee m\u00edt \u010dlov\u011bk pochybnosti, jestli m\u00e1 zpr\u00e1v\u00e1m z\u00a0Ria v\u016fbec v\u011bnovat pozornost.<\/p>\n<p>M\u00e1. Jsou tam na\u0161i reprezentanti, bojuj\u00edc\u00ed pod \u010deskou vlajkou. Fand\u011bme jim, proto\u017ee i d\u00edky nim si m\u016f\u017eeme p\u0159ipomenout, co n\u00e1s spojuje. T\u0159eba si pak vzpomeneme, jak vypad\u00e1 \u010desk\u00e1 vlajka a co reprezentuje, i jindy, ne\u017e p\u0159i mistrovstv\u00ed v\u00a0hokeji nebo olympi\u00e1d\u011b.<\/p>\n<p><em>Ladislav Jakl<\/em><\/p>\n<p><a href=\"http:\/\/www.institutvk.cz\/stanovisko-ivk-ke-dni-5-8-2016-nasi-v-riu-fandeme-jim\" target=\"_blank\">Zdroj<\/a><\/p>\n","protected":false},"excerpt":{"rendered":"<p>Dnes za\u010d\u00ednaj\u00ed v\u00a0brazilsk\u00e9m Riu de Janeiro 31. olympijsk\u00e9 hry v\u00a0novodob\u00e9 historii.<\/p>\n","protected":false},"author":1,"featured_media":0,"comment_status":"open","ping_status":"open","sticky":false,"template":"","format":"standard","meta":{"ngg_post_thumbnail":0,"footnotes":""},"categories":[1],"tags":[],"class_list":["post-7126","post","type-post","status-publish","format-standard","hentry","category-publikovane-clanky"],"_links":{"self":[{"href":"https:\/\/www.ladislavjakl.cz\/index.php?rest_route=\/wp\/v2\/posts\/7126","targetHints":{"allow":["GET"]}}],"collection":[{"href":"https:\/\/www.ladislavjakl.cz\/index.php?rest_route=\/wp\/v2\/posts"}],"about":[{"href":"https:\/\/www.ladislavjakl.cz\/index.php?rest_route=\/wp\/v2\/types\/post"}],"author":[{"embeddable":true,"href":"https:\/\/www.ladislavjakl.cz\/index.php?rest_route=\/wp\/v2\/users\/1"}],"replies":[{"embeddable":true,"href":"https:\/\/www.ladislavjakl.cz\/index.php?rest_route=%2Fwp%2Fv2%2Fcomments&post=7126"}],"version-history":[{"count":1,"href":"https:\/\/www.ladislavjakl.cz\/index.php?rest_route=\/wp\/v2\/posts\/7126\/revisions"}],"predecessor-version":[{"id":7127,"href":"https:\/\/www.ladislavjakl.cz\/index.php?rest_route=\/wp\/v2\/posts\/7126\/revisions\/7127"}],"wp:attachment":[{"href":"https:\/\/www.ladislavjakl.cz\/index.php?rest_route=%2Fwp%2Fv2%2Fmedia&parent=7126"}],"wp:term":[{"taxonomy":"category","embeddable":true,"href":"https:\/\/www.ladislavjakl.cz\/index.php?rest_route=%2Fwp%2Fv2%2Fcategories&post=7126"},{"taxonomy":"post_tag","embeddable":true,"href":"https:\/\/www.ladislavjakl.cz\/index.php?rest_route=%2Fwp%2Fv2%2Ftags&post=7126"}],"curies":[{"name":"wp","href":"https:\/\/api.w.org\/{rel}","templated":true}]}}