{"id":7132,"date":"2016-08-15T09:32:32","date_gmt":"2016-08-15T07:32:32","guid":{"rendered":"http:\/\/www.ladislavjakl.cz\/?p=7132"},"modified":"2016-08-15T09:32:32","modified_gmt":"2016-08-15T07:32:32","slug":"stanovisko-ivk-ke-dni-11-8-2016-ruce-pryc-od-polska","status":"publish","type":"post","link":"https:\/\/www.ladislavjakl.cz\/?p=7132","title":{"rendered":"Stanovisko IVK ke dni 11. 8. 2016: Ruce pry\u010d od Polska!"},"content":{"rendered":"<p>Lo\u0148sk\u00e9 prezidentsk\u00e9 a n\u00e1sledn\u011b parlamentn\u00ed volby v\u00a0Polsku p\u0159inesly do zem\u011b na\u0161ich severn\u00edch soused\u016f zcela jinou politickou realitu. Voli\u010di dali p\u0159esv\u011bd\u010div\u011b najevo, \u017ee dosavadn\u00ed lokajsk\u00fd kurs v\u016f\u010di Bruselu a Berl\u00ednu se jim pranic nel\u00edb\u00ed a soustavn\u00e1 demont\u00e1\u017e z\u00e1klad\u016f polsk\u00e9 spole\u010dnosti a jej\u00edch hodnot tak\u00e9 ne.<\/p>\n<p><!--more--><\/p>\n<p>Nov\u00e1 garnitura strany Pr\u00e1vo a Spravedlnost z\u00edskala p\u0159esv\u011bd\u010div\u00fd mand\u00e1t v\u00a0podob\u011b \u00fastavn\u00ed v\u011bt\u0161iny a za\u010dala plnit sv\u00e9 sliby. Klacky pod nohy j\u00ed u toho h\u00e1z\u00ed polsk\u00fd \u00fastavn\u00ed soud, kter\u00fd p\u0159edchoz\u00ed vl\u00e1da na posledn\u00ed chv\u00edli v\u00a0o\u010dek\u00e1v\u00e1n\u00ed sv\u00e9 drtiv\u00e9 prohry protipr\u00e1vn\u011b p\u0159eobsadila je\u0161t\u011b p\u0159ed koncem mand\u00e1tu dosavadn\u00edch soudc\u016f.<\/p>\n<p>Je jasn\u00e9, \u017ee nov\u00e1 moc se sna\u017e\u00ed v\u011bc napravit, a to formou \u00fastavn\u00edch z\u00e1kon\u016f, na kter\u00e9 m\u00e1 od voli\u010d\u016f s\u00edlu. Pohrobek pora\u017een\u00e9 vl\u00e1dy se ale nevzd\u00e1v\u00e1 a komicky ozna\u010duje \u00fastavn\u00ed z\u00e1kony (kter\u00e9 jsou sou\u010d\u00e1st\u00ed \u00fastavy) za proti\u00fastavn\u00ed. Zrovna dnes vydal \u00fa\u0159aduj\u00edc\u00ed p\u0159edseda polsk\u00e9ho \u00fastavn\u00edho soudu dal\u0161\u00ed prohl\u00e1\u0161en\u00ed v\u00a0tomto smyslu. A m\u00e1 siln\u00e9 spojence: do du\u0161e polsk\u00fdm politik\u016fm a i voli\u010d\u016fm ned\u00e1vno p\u0159ijel promluvit americk\u00fd prezident Obama a Evropsk\u00e1 komise dokonce u\u017e rozjela procedury sm\u011b\u0159uj\u00edc\u00ed k\u00a0sankc\u00edm v\u016f\u010di Polsku.<\/p>\n<p>To si mocn\u00e9 glob\u00e1ln\u00ed s\u00edly p\u0159edstavuj\u00ed, \u017ee zvolen\u00ed pol\u0161t\u00ed politici p\u0159edstoup\u00ed p\u0159ed sv\u00e9 voli\u010de a \u0159eknou jim: promi\u0148te, my nebudeme plnit sv\u016fj program, pro kter\u00fd jste n\u00e1s volili, my mus\u00edme poslouchat ne v\u00e1s, ale svou bruselskou vrchnost? To by si nechal polsk\u00fd voli\u010d l\u00edbit? On p\u0159ece pr\u00e1v\u011b takovou zm\u011bnu cht\u011bl!<\/p>\n<p>Evropsk\u00e1 komise a probrusel\u0161t\u00ed politici ale zesiluj\u00ed tlak a v\u00fdhr\u016f\u017eky. Patrn\u011b se nepod\u00edvali na mapu a mysl\u00ed si, \u017ee proti nim stoj\u00ed n\u011bjak\u00fd slab\u00fd okrajov\u00fd st\u00e1te\u010dek a ne nov\u00e1 evropsk\u00e1 mocnost a jej\u00ed vl\u00e1da op\u0159en\u00e1 o jasn\u00e9 a siln\u00e9 zad\u00e1n\u00ed velk\u00e9 v\u011bt\u0161iny Pol\u00e1k\u016f. Pol\u00e1ci se nedaj\u00ed. A t\u00edm d\u00e1vaj\u00ed nad\u011bji i n\u00e1m, abychom se i my u\u010dili vzkazovat do Bruselu sv\u00e9 NE. U\u017e proto jsme povinni se dnes ozvat a nahlas \u0159\u00edci: ruce pry\u010d od Polska!<\/p>\n<p><em>Ladislav Jakl<\/em><\/p>\n<p><a href=\"http:\/\/www.institutvk.cz\/stanovisko-ivk-ke-dni-11-8-2016-ruce-pryc-od-polska\" target=\"_blank\">Zdroj<\/a><\/p>\n","protected":false},"excerpt":{"rendered":"<p>Lo\u0148sk\u00e9 prezidentsk\u00e9 a n\u00e1sledn\u011b parlamentn\u00ed volby v\u00a0Polsku p\u0159inesly do zem\u011b na\u0161ich severn\u00edch soused\u016f zcela jinou politickou realitu. Voli\u010di dali p\u0159esv\u011bd\u010div\u011b najevo, \u017ee dosavadn\u00ed lokajsk\u00fd kurs v\u016f\u010di Bruselu a Berl\u00ednu se jim pranic nel\u00edb\u00ed a soustavn\u00e1 demont\u00e1\u017e z\u00e1klad\u016f polsk\u00e9 spole\u010dnosti a jej\u00edch hodnot tak\u00e9 ne.<\/p>\n","protected":false},"author":1,"featured_media":0,"comment_status":"open","ping_status":"open","sticky":false,"template":"","format":"standard","meta":{"ngg_post_thumbnail":0,"footnotes":""},"categories":[1],"tags":[],"class_list":["post-7132","post","type-post","status-publish","format-standard","hentry","category-publikovane-clanky"],"_links":{"self":[{"href":"https:\/\/www.ladislavjakl.cz\/index.php?rest_route=\/wp\/v2\/posts\/7132","targetHints":{"allow":["GET"]}}],"collection":[{"href":"https:\/\/www.ladislavjakl.cz\/index.php?rest_route=\/wp\/v2\/posts"}],"about":[{"href":"https:\/\/www.ladislavjakl.cz\/index.php?rest_route=\/wp\/v2\/types\/post"}],"author":[{"embeddable":true,"href":"https:\/\/www.ladislavjakl.cz\/index.php?rest_route=\/wp\/v2\/users\/1"}],"replies":[{"embeddable":true,"href":"https:\/\/www.ladislavjakl.cz\/index.php?rest_route=%2Fwp%2Fv2%2Fcomments&post=7132"}],"version-history":[{"count":1,"href":"https:\/\/www.ladislavjakl.cz\/index.php?rest_route=\/wp\/v2\/posts\/7132\/revisions"}],"predecessor-version":[{"id":7133,"href":"https:\/\/www.ladislavjakl.cz\/index.php?rest_route=\/wp\/v2\/posts\/7132\/revisions\/7133"}],"wp:attachment":[{"href":"https:\/\/www.ladislavjakl.cz\/index.php?rest_route=%2Fwp%2Fv2%2Fmedia&parent=7132"}],"wp:term":[{"taxonomy":"category","embeddable":true,"href":"https:\/\/www.ladislavjakl.cz\/index.php?rest_route=%2Fwp%2Fv2%2Fcategories&post=7132"},{"taxonomy":"post_tag","embeddable":true,"href":"https:\/\/www.ladislavjakl.cz\/index.php?rest_route=%2Fwp%2Fv2%2Ftags&post=7132"}],"curies":[{"name":"wp","href":"https:\/\/api.w.org\/{rel}","templated":true}]}}