{"id":7151,"date":"2016-08-25T15:07:21","date_gmt":"2016-08-25T13:07:21","guid":{"rendered":"http:\/\/www.ladislavjakl.cz\/?p=7151"},"modified":"2016-08-25T15:07:21","modified_gmt":"2016-08-25T13:07:21","slug":"stanovisko-ivk-ke-dni-25-8-2016-nedovolme-vznik-spolecne-armady-eu","status":"publish","type":"post","link":"https:\/\/www.ladislavjakl.cz\/?p=7151","title":{"rendered":"Stanovisko IVK ke dni 25. 8. 2016: Nedovolme vznik spole\u010dn\u00e9 arm\u00e1dy EU!"},"content":{"rendered":"<p>Vznik spole\u010dn\u00e9 arm\u00e1dy Evropsk\u00e9 unie navrhl (zdaleka nikoli jako prvn\u00ed) premi\u00e9r Bohuslav Sobotka na setk\u00e1n\u00ed s\u00a0\u010desk\u00fdmi ambasadory p\u0159ed t\u0159emi dny.<\/p>\n<p><!--more--><\/p>\n<p>Na\u010dasov\u00e1n\u00ed t\u011bsn\u011b p\u0159ed p\u0159\u00edjezdem n\u011bmeck\u00e9 kancl\u00e9\u0159ky nen\u00ed n\u00e1hodn\u00e9, takov\u00e9 n\u00e1pady jist\u011b zn\u011bj\u00ed dnes k\u00a0n\u00e1m na inspekci p\u0159ij\u00ed\u017ed\u011bj\u00edc\u00ed Angele Merkelov\u00e9 jako rajsk\u00e1 hudba, jako nejlep\u0161\u00ed d\u00e1re\u010dek na uv\u00edtanou. A kdov\u00ed, t\u0159eba jde vlastn\u011b o jej\u00ed n\u00e1vrh a Sobotka ho jen ochotn\u011b nahlas tlumo\u010dil, jak to ostatn\u011b podle jeho intern\u00ed korespondence u\u010dinil v\u00a0minulosti ji\u017e n\u011bkolikr\u00e1t.<\/p>\n<p>N\u011bkte\u0159\u00ed lid\u00e9 m\u00edvaj\u00ed \u010dasto sklon vid\u011bt v\u011bci obrany a arm\u00e1dy jako v\u011bc vojenskou, jako z\u00e1le\u017eitost gener\u00e1l\u016f a lidem rozum\u011bj\u00edc\u00edm zbran\u00edm a boji. Tak to ale v\u016fbec nen\u00ed a nesm\u00ed b\u00fdt. Rozhodnut\u00ed o pou\u017eit\u00ed arm\u00e1dy je a mus\u00ed b\u00fdt v\u011bc\u00ed ryze politickou. Arm\u00e1da mus\u00ed m\u00edt politick\u00e9 zad\u00e1n\u00ed, co m\u00e1 vlastn\u011b d\u011blat, jak\u00fd probl\u00e9m \u0159e\u0161it, jak\u00e9 z\u00e1jmy kde, jak, s\u00a0k\u00fdm a v\u016f\u010di komu h\u00e1jit.<\/p>\n<p>Nastolovat my\u0161lenku spole\u010dn\u00e9 unijn\u00ed arm\u00e1dy by m\u011blo smysl, kdyby nejd\u0159\u00edv existovala jasn\u00e1 politick\u00e1 shoda, jasn\u00e9 spole\u010dn\u00e9 politick\u00e9 zad\u00e1n\u00ed \u010dlensk\u00fdch zem\u00ed EU, co by takov\u00e1 arm\u00e1da m\u011bla d\u011blat (nap\u0159\u00edklad v\u016f\u010di ileg\u00e1ln\u00ed imigraci), jakou doktr\u00ednu napl\u0148ovat, v\u016f\u010di jak\u00fdm rizik\u016fm chystat vojensk\u00e9 akce a s\u00a0jak\u00fdm fin\u00e1ln\u00edm c\u00edlem.<\/p>\n<p>Existuje dnes ale takov\u00e1 shoda? Existuje takov\u00e9 zad\u00e1n\u00ed? V\u00edme, jak by se takov\u00e1 arm\u00e1da m\u011bla vymezovat v\u016f\u010di sil\u00e1m NATO, jak a od jak\u00fdch autorit by p\u0159ij\u00edmala pokyny? Nikoli, je to p\u0159esn\u011b naopak. Mezi \u010dlensk\u00fdmi zem\u011bmi i mezi politick\u00fdmi silami uvnit\u0159 nich existuj\u00ed dramatick\u00e9 rozd\u00edly v\u00a0n\u00e1zorech i na priority zahrani\u010dn\u00ed politiky, nato\u017e na to, jak, kde a s\u00a0jak\u00fdm c\u00edlem nasazovat \u017eivoty sv\u00fdch voj\u00e1k\u016f. Jen\u017ee tato faktick\u00e1 v\u00e1\u017en\u00e1 p\u0159ek\u00e1\u017eka vzniku spole\u010dn\u00e9 arm\u00e1dy EU je ve skute\u010dnosti paradoxn\u011b prav\u00fdm d\u016fvodem, pro\u010d tuto my\u0161lenku bruselsk\u00e9 elity \u2013 nyn\u00ed zrovna shodou okolnost\u00ed Sobotkov\u00fdmi \u00fasty \u2013 nastoluj\u00ed. Jejich viz\u00ed je ustavit spole\u010dnou arm\u00e1du i bez shody na tom, co by m\u011bla d\u011blat, a pak k\u00a0t\u00e9 shod\u011b \u010dlensk\u00e9 zem\u011b prost\u011b donutit.<\/p>\n<p>Ostatn\u011b, tento recept u\u017e zn\u00e1me, nap\u0159\u00edklad z\u00a0historie zav\u00e1d\u011bn\u00ed spole\u010dn\u00e9 m\u011bny euro. P\u0159ed vznikem eura tak\u00e9 neexistovala \u017e\u00e1dn\u00e1 politick\u00e1 shoda na podob\u011b spole\u010dn\u00e9 m\u011bnov\u00e9 a fisk\u00e1ln\u00ed politiky. Euro bylo prosazeno i bez t\u00e9to shody prost\u011b s\u00a0t\u00edm, \u017ee je to hezk\u00e1 my\u0161lenka. A teprve po zaveden\u00ed eura a p\u0159edev\u0161\u00edm po vypuknut\u00ed snadno o\u010dek\u00e1vateln\u00e9 krize za\u010daly b\u00fdt \u010dlensk\u00e9 zem\u011b m\u011bnov\u00e9 unie i ty \u201e\u010dekatelsk\u00e9\u201c nuceny k\u00a0politice povinn\u00fdch finan\u010dn\u00edch transfer\u016f, k\u00a0podpo\u0159e m\u011bnov\u00e9 politiky, \u0161it\u00e9 na m\u00edru exportn\u00edm z\u00e1jm\u016fm N\u011bmecka, a k\u00a0fisk\u00e1ln\u00edm omezen\u00edm (i kdy\u017e zde jsou si n\u011bkter\u00e9 st\u00e1ty rovn\u011bj\u0161\u00ed).<\/p>\n<p>Stejn\u011b to chystaj\u00ed se spole\u010dnou arm\u00e1dou. Cht\u011bj\u00ed ji ustavit i bez debaty o jej\u00edm politick\u00e9m zad\u00e1n\u00ed a o zp\u016fsobu, jak by toto zad\u00e1n\u00ed m\u011blo vznikat, po\u010dkat si na z\u00e1minku prvn\u00ed krize (to nebude probl\u00e9m) a n\u00e1sledn\u011b \u010dlensk\u00e9 zem\u011b k\u00a0podpo\u0159e takov\u00e9ho zad\u00e1n\u00ed, kter\u00e9 bude vyhovovat t\u011bm siln\u011bj\u0161\u00edm, prost\u011b dotla\u010dit. Spole\u010dn\u00e1 arm\u00e1da se tak m\u00e1 st\u00e1t dal\u0161\u00edm rafinovan\u00fdm n\u00e1strojem na utu\u017een\u00ed evropsk\u00e9 unifikace a centralizace, na omezen\u00ed demokracie a n\u00e1rodn\u00edch suverenit. Proto pl\u00e1ny na jej\u00ed vznik mus\u00edme rozhodn\u011b odm\u00edtnout.<\/p>\n<p><em>Ladislav Jakl<\/em><\/p>\n<p><a href=\"http:\/\/www.institutvk.cz\/stanovisko-ivk-ke-dni-25-8-2016-nedovolme-vznik-spolecne-armady-eu\" target=\"_blank\">Zdroj<\/a><\/p>\n","protected":false},"excerpt":{"rendered":"<p>Vznik spole\u010dn\u00e9 arm\u00e1dy Evropsk\u00e9 unie navrhl (zdaleka nikoli jako prvn\u00ed) premi\u00e9r Bohuslav Sobotka na setk\u00e1n\u00ed s\u00a0\u010desk\u00fdmi ambasadory p\u0159ed t\u0159emi dny.<\/p>\n","protected":false},"author":1,"featured_media":0,"comment_status":"open","ping_status":"open","sticky":false,"template":"","format":"standard","meta":{"ngg_post_thumbnail":0,"footnotes":""},"categories":[1],"tags":[],"class_list":["post-7151","post","type-post","status-publish","format-standard","hentry","category-publikovane-clanky"],"_links":{"self":[{"href":"https:\/\/www.ladislavjakl.cz\/index.php?rest_route=\/wp\/v2\/posts\/7151","targetHints":{"allow":["GET"]}}],"collection":[{"href":"https:\/\/www.ladislavjakl.cz\/index.php?rest_route=\/wp\/v2\/posts"}],"about":[{"href":"https:\/\/www.ladislavjakl.cz\/index.php?rest_route=\/wp\/v2\/types\/post"}],"author":[{"embeddable":true,"href":"https:\/\/www.ladislavjakl.cz\/index.php?rest_route=\/wp\/v2\/users\/1"}],"replies":[{"embeddable":true,"href":"https:\/\/www.ladislavjakl.cz\/index.php?rest_route=%2Fwp%2Fv2%2Fcomments&post=7151"}],"version-history":[{"count":1,"href":"https:\/\/www.ladislavjakl.cz\/index.php?rest_route=\/wp\/v2\/posts\/7151\/revisions"}],"predecessor-version":[{"id":7152,"href":"https:\/\/www.ladislavjakl.cz\/index.php?rest_route=\/wp\/v2\/posts\/7151\/revisions\/7152"}],"wp:attachment":[{"href":"https:\/\/www.ladislavjakl.cz\/index.php?rest_route=%2Fwp%2Fv2%2Fmedia&parent=7151"}],"wp:term":[{"taxonomy":"category","embeddable":true,"href":"https:\/\/www.ladislavjakl.cz\/index.php?rest_route=%2Fwp%2Fv2%2Fcategories&post=7151"},{"taxonomy":"post_tag","embeddable":true,"href":"https:\/\/www.ladislavjakl.cz\/index.php?rest_route=%2Fwp%2Fv2%2Ftags&post=7151"}],"curies":[{"name":"wp","href":"https:\/\/api.w.org\/{rel}","templated":true}]}}