{"id":7157,"date":"2016-08-30T12:55:52","date_gmt":"2016-08-30T10:55:52","guid":{"rendered":"http:\/\/www.ladislavjakl.cz\/?p=7157"},"modified":"2016-08-30T12:55:52","modified_gmt":"2016-08-30T10:55:52","slug":"zurive-projevy-proti-merkelove-muslimce-na-prazskem-namesti-konvicka-prozradil-ze-chysta-dalsi-akci","status":"publish","type":"post","link":"https:\/\/www.ladislavjakl.cz\/?p=7157","title":{"rendered":"Zu\u0159iv\u00e9 projevy proti Merkelov\u00e9 &#8222;muslimce&#8220; na pra\u017esk\u00e9m n\u00e1m\u011bst\u00ed. Konvi\u010dka prozradil, \u017ee chyst\u00e1 dal\u0161\u00ed akci"},"content":{"rendered":"<p>Po dal\u0161\u00edch protestech, kter\u00e9 se odehr\u00e1ly p\u0159ed \u00da\u0159adem vl\u00e1dy nebo na Loret\u00e1nsk\u00e9m n\u00e1m\u011bst\u00ed, se protestn\u00ed akce proti Angele Merkelov\u00e9 konala i na Malostransk\u00e9m n\u00e1m\u011bst\u00ed. Po\u0159\u00e1dalo ji hnut\u00ed Isl\u00e1m v \u010cR nechceme a dal\u0161\u00ed organizace.<\/p>\n<p><!--more--><\/p>\n<p>Na demonstraci se ji\u017e b\u011bhem odpoledne sch\u00e1zeli odp\u016frci Merkelov\u00e9 z dal\u0161\u00edch akc\u00ed, zejm\u00e9na z protestu od \u00da\u0159adu vl\u00e1dy, odkud to m\u011bli jen n\u011bkolik set metr\u016f. Mezi \u00fa\u010dastn\u00edky se objevily transparenty d\u00e1vaj\u00edc\u00ed najevo negativn\u00ed n\u00e1zor na Merkelovou. Jeden z nich nap\u0159\u00edklad informoval, co jsou dva n\u011bmeck\u00e9 d\u00e1rky Evrop\u011b: Nacismus a isl\u00e1m. Oba dary byly na transparentu vyobrazeny za pomoci h\u00e1kov\u00fdch k\u0159\u00ed\u017e\u016f. K vid\u011bn\u00ed byly i jin\u00e9 k\u0159\u00ed\u017ee, odkazuj\u00edc\u00ed ke k\u0159es\u0165ansk\u00e9 tradici kontinentu. Dal\u0161\u00ed vzkazy vyjad\u0159ovaly, p\u0159ev\u00e1\u017en\u011b v n\u011bm\u010din\u011b, n\u00e1zory na samotnou Angelu Merkelovou. Bylo mo\u017en\u00e9 si p\u0159e\u010d\u00edst poselstv\u00ed jako \u201eMerkel muss weg\u201c, nebo \u201eGegen Merkel\u201c. \u010cesk\u00e9 vzkazy hl\u00e1saly t\u0159eba \u201eNechci v \u010cesku teroristy\u201c.<\/p>\n<p>Nad hlavami demonstrant\u016f vl\u00e1lo tak\u00e9 mno\u017estv\u00ed vlajek\u00a0\u2013 \u010desk\u00fdch, n\u011bmeck\u00fdch a tak\u00e9 vlajek EU, kter\u00e9 ov\u0161em byly p\u0159e\u0161krtnut\u00e9 krvav\u011b \u010derven\u00fdm k\u0159\u00ed\u017eem. Origin\u00e1ln\u00ed inovaci ve vybaven\u00ed demonstrant\u016f p\u0159edstavovala ob\u011b\u0161en\u00e1 maketa makrely, kter\u00e1 je mezi odp\u016frci Merkelov\u00e9 obl\u00edbenou p\u0159ezd\u00edvkou n\u011bmeck\u00e9 kancl\u00e9\u0159ky.<\/p>\n<p>Mezi demonstranty se proch\u00e1zel hlavn\u00ed protagonista hnut\u00ed Isl\u00e1m v \u010cR nechceme, sen\u00e1tn\u00ed kandid\u00e1t Martin Konvi\u010dka, v z\u00e1\u0159iv\u011b b\u00edl\u00e9 ko\u0161ili s logem hnut\u00ed a knihou v podpa\u017ed\u00ed. Zaj\u00edmav\u00fd barevn\u00fd kontrast k n\u011bmu tvo\u0159ily \u010dern\u00e9 \u0161aty Kl\u00e1ry Samkov\u00e9. Advok\u00e1tka, kter\u00e1 se proslavila ostr\u00fdm projevem proti isl\u00e1mu, p\u0159i kter\u00e9m ode\u0161el tureck\u00fd velvyslanec, byla rovn\u011b\u017e mezi \u0159e\u010dn\u00edky.<\/p>\n<h4>Merkelov\u00e1\u00a0\u2013 muslimka<\/h4>\n<p>S\u00e9rie projev\u016f za\u010dala p\u0159ed n\u011bkolika stovkami lid\u00ed, kte\u0159\u00ed n\u00e1m\u011bst\u00ed velmi slu\u0161n\u011b zaplnili, kolem p\u016fl p\u00e1t\u00e9. Jako jedna z prvn\u00edch promluvila Tatiana Festerlingov\u00e1, z\u00e1stupkyn\u011b n\u011bmeck\u00e9ho hnut\u00ed Pegida, kter\u00e9 dlouhodob\u011b protestuje proti politice p\u0159ij\u00edm\u00e1n\u00ed migrant\u016f Angely Merkelov\u00e9. Podle z\u00e1stupkyn\u011b Pegidy se N\u011bmci od Merkelov\u00e9 distancuj\u00ed, nepodporuj\u00ed jej\u00ed politiku a dokonce ji nepova\u017euj\u00ed za svou kancl\u00e9\u0159ku. \u201e\u0158\u00edk\u00e1me j\u00ed doma Merkelov\u00e1\u00a0\u2013 muslimka. Merkelov\u00e1 pozvala isl\u00e1m a t\u00edm i teror do Evropy,\u201c informovala n\u00e1m\u011bst\u00ed za p\u00edskotu publika.<\/p>\n<p>Po Festerlingov\u00e9 vystoupil Petr \u0160t\u011bp\u00e1nek, sen\u00e1tn\u00ed kandid\u00e1t a m\u00edstop\u0159edseda Alternativy pro \u010ceskou republiku. \u201eMerkelov\u00e1 mus\u00ed pry\u010d\u00a0\u2013 a Sobotka taky,\u201c rozp\u00e1lil n\u00e1m\u011bst\u00ed. Pak pro inspiraci zm\u00ednil, \u017ee u\u017e jednou se zahnat muslimsk\u00e9 n\u00e1jezdn\u00edky poda\u0159ilo. \u201eStalo se to 12. z\u00e1\u0159\u00ed 1683, kdy spojen\u00e1 vojska pod velen\u00edm slavn\u00e9ho vojev\u016fdce a pozd\u011bj\u0161\u00edho polsk\u00e9ho kr\u00e1le Jana Sobiesk\u00e9ho u V\u00eddn\u011b na hlavu porazila tureck\u00e1 vojska a zahnala mohamed\u00e1ny zp\u00e1tky. St\u00e1lo to \u017eivot mnoha mu\u017e\u016f a mnoha \u017een. Pokud dovol\u00edme, aby v Evrop\u011b zv\u00edt\u011bzili politici jako je Angela Merkelov\u00e1 nebo n\u00e1\u0161 Sobotka, pak smrt t\u011bchto lid\u00ed byla zbyte\u010dn\u00e1, proto\u017ee isl\u00e1m dobude Evropu o 350 let pozd\u011bji,\u201c zazn\u011blo z p\u00f3dia za v\u00fdrazn\u00e9ho ohlasu.<\/p>\n<p>Nakonec se \u0160t\u011bp\u00e1nek, kter\u00fd se proslavil jako kritik \u010cesk\u00e9 televize, pustil i do neobjektivn\u00edho ve\u0159ejnopr\u00e1vn\u00edho vys\u00edlatele. Lid\u00e9 maj\u00ed podle n\u011bj pr\u00e1vo sd\u011blovat sv\u00e9 n\u00e1zory, ani\u017e by byli n\u00e1lepkov\u00e1ni jako extremist\u00e9 nebo n\u00e1ckov\u00e9.<\/p>\n<p>P\u0159ed sedmn\u00e1ctou hodinou akci \u201eo\u017eivily\u201c dv\u011b muslimky v hid\u017e\u00e1bech, proch\u00e1zej\u00edc\u00ed kolem demonstrant\u016f. Setkaly se s hlasit\u00fdmi projevy nelibosti.<\/p>\n<p>Jedn\u00edm z vrchol\u016f akce bylo vystoupen\u00ed Martina Konvi\u010dky. Ten vyj\u00e1d\u0159il v\u00edru, \u017ee N\u011bmci Angelu Merkelovou sesad\u00ed, ov\u0161em t\u00edm podle n\u011bj isl\u00e1msk\u00fd probl\u00e9m nezmiz\u00ed. \u201eV\u00e1lku proti islamizaci\u201c podle n\u011bj se sou\u010dasn\u00fdmi politiky nedok\u00e1\u017eeme vyhr\u00e1t. Jak toho dos\u00e1hnout, k tomu hnut\u00ed <em>Isl\u00e1m v \u010cR nechceme<\/em> pl\u00e1nuje velkou konferenci v\u0161ech protisl\u00e1msk\u00fdch hnut\u00ed. Sej\u00edt by se m\u011bla po krajsk\u00fdch volb\u00e1ch. Je\u0161t\u011b p\u0159edt\u00edm v\u0161ak pr\u00fd Konvi\u010dka chyst\u00e1 jinou velkou akci.<\/p>\n<p>Jeden\u00e1ct\u00e9ho z\u00e1\u0159\u00ed, na patn\u00e1ct\u00e9 v\u00fdro\u010d\u00ed \u00fatok\u016f na New York, chyst\u00e1 akci p\u0159ed pra\u017eskou ambas\u00e1dou Sa\u00fadsk\u00e9 Ar\u00e1bie. Tam se podle sv\u00fdch pl\u00e1n\u016f \u201et\u011bm potvor\u00e1m vysm\u011bje\u201c.<\/p>\n<p>Po n\u011bm zaujal temperamentn\u00edm rockersk\u00fdm v\u00fdstupem Ladislav Jakl. N\u011bkdej\u0161\u00ed poradce prezidenta V\u00e1clava Klause v \u010dern\u00e9 k\u0161iltovce za\u00fato\u010dil na kancl\u00e9\u0159ku Merkelovou, kter\u00e1 podle n\u011bj za celou kari\u00e9ru neud\u011blala nic, s \u010d\u00edm by Jakl souhlasil. Zm\u00ednil jej\u00ed \u201eutahov\u00e1n\u00ed \u0161roub\u016f\u201c Evropsk\u00e9 unie \u010di chov\u00e1n\u00ed kolem euroz\u00f3ny, nap\u0159\u00edklad k \u0158ecku.<\/p>\n<p>\u201eJe to v\u011bc n\u011bmeck\u00fdch voli\u010d\u016f. Ale a\u017e ji budou odstra\u0148ovat, j\u00e1 jim budu fandit,\u201c uzav\u0159el. U n\u00e1s bychom takov\u00fd probl\u00e9m nemuseli \u0159e\u0161it, kdyby nebylo \u201epatol\u00edzal\u016f a eurohujer\u016f\u201c. Nejv\u00fdznamn\u011bj\u0161\u00edm, a proto nejnebezpe\u010dn\u011bj\u0161\u00edm je podle \u0159e\u010dn\u00edka p\u0159edseda vl\u00e1dy. Na jm\u00e9no premi\u00e9ra Sobotky se ozval zu\u0159iv\u00fd p\u00edskot. \u201eSledujeme takov\u00e9 projevy servility, \u017ee to za\u010d\u00edn\u00e1 p\u0159ipom\u00ednat \u00f3dy na Stalina v pades\u00e1t\u00fdch letech,\u201c mysl\u00ed si Jakl.<\/p>\n<p>Na akci d\u00e1le vystoupil nap\u0159\u00edklad Michael Sem\u00edn z hnut\u00ed D.O.S.T., kter\u00e9 m\u011blo i n\u011bkolik transparent\u016f a vlajek mezi div\u00e1ky.<\/p>\n<p>P\u0159ed osmn\u00e1ctou hodinou akce na Malostransk\u00e9m n\u00e1m\u011bst\u00ed skon\u010dila. \u00da\u010dastn\u00edci cht\u011bli p\u016fvodn\u011b j\u00edt Nerudovou ulic\u00ed na Hrad\u010dansk\u00e9 n\u00e1m\u011bst\u00ed, kam Angela Merkelov\u00e1 zam\u00ed\u0159ila na ve\u010de\u0159i s prezidentem Milo\u0161em Zemanem. \u00da\u0159ady v\u0161ak pr\u016fvod zak\u00e1zaly, nebo\u0165 Hrad\u010dansk\u00e9 n\u00e1m\u011bst\u00ed maj\u00ed pro svou akci pronajat\u00e9 sympatizanti kancl\u00e9\u0159ky Merkelov\u00e9.<\/p>\n<p>Podle m\u00e9di\u00ed p\u0159\u00edtomn\u00fdch na m\u00edst\u011b jich dorazilo asi 30, a na n\u00e1m\u011bst\u00ed se poda\u0159ilo proniknout asi dvaceti odp\u016frc\u016fm Merkelov\u00e9. Ob\u011b skupiny odd\u011blovala policie. K sympatizant\u016fm Merkelov\u00e9 na ohl\u00e1\u0161en\u00e9 akci promlouvali \u0159e\u010dn\u00edci, mimo jin\u00e9 p\u0159ed Hradem zazn\u011blo, \u017ee \u201ePutin je masov\u00fd vrah\u201c a \u017ee z v\u00fdchodu nikdy nic dobr\u00e9ho nep\u0159i\u0161lo.<\/p>\n<p><a href=\"http:\/\/www.parlamentnilisty.cz\/arena\/monitor\/Zurive-projevy-proti-Merkelove-muslimce-na-prazskem-namesti-Konvicka-prozradil-ze-chysta-dalsi-akci-450629\" target=\"_blank\">Zdroj<\/a><\/p>\n","protected":false},"excerpt":{"rendered":"<p>Po dal\u0161\u00edch protestech, kter\u00e9 se odehr\u00e1ly p\u0159ed \u00da\u0159adem vl\u00e1dy nebo na Loret\u00e1nsk\u00e9m n\u00e1m\u011bst\u00ed, se protestn\u00ed akce proti Angele Merkelov\u00e9 konala i na Malostransk\u00e9m n\u00e1m\u011bst\u00ed. Po\u0159\u00e1dalo ji hnut\u00ed Isl\u00e1m v \u010cR nechceme a dal\u0161\u00ed organizace.<\/p>\n","protected":false},"author":1,"featured_media":0,"comment_status":"open","ping_status":"open","sticky":false,"template":"","format":"standard","meta":{"ngg_post_thumbnail":0,"footnotes":""},"categories":[11],"tags":[],"class_list":["post-7157","post","type-post","status-publish","format-standard","hentry","category-ozvena"],"_links":{"self":[{"href":"https:\/\/www.ladislavjakl.cz\/index.php?rest_route=\/wp\/v2\/posts\/7157","targetHints":{"allow":["GET"]}}],"collection":[{"href":"https:\/\/www.ladislavjakl.cz\/index.php?rest_route=\/wp\/v2\/posts"}],"about":[{"href":"https:\/\/www.ladislavjakl.cz\/index.php?rest_route=\/wp\/v2\/types\/post"}],"author":[{"embeddable":true,"href":"https:\/\/www.ladislavjakl.cz\/index.php?rest_route=\/wp\/v2\/users\/1"}],"replies":[{"embeddable":true,"href":"https:\/\/www.ladislavjakl.cz\/index.php?rest_route=%2Fwp%2Fv2%2Fcomments&post=7157"}],"version-history":[{"count":1,"href":"https:\/\/www.ladislavjakl.cz\/index.php?rest_route=\/wp\/v2\/posts\/7157\/revisions"}],"predecessor-version":[{"id":7158,"href":"https:\/\/www.ladislavjakl.cz\/index.php?rest_route=\/wp\/v2\/posts\/7157\/revisions\/7158"}],"wp:attachment":[{"href":"https:\/\/www.ladislavjakl.cz\/index.php?rest_route=%2Fwp%2Fv2%2Fmedia&parent=7157"}],"wp:term":[{"taxonomy":"category","embeddable":true,"href":"https:\/\/www.ladislavjakl.cz\/index.php?rest_route=%2Fwp%2Fv2%2Fcategories&post=7157"},{"taxonomy":"post_tag","embeddable":true,"href":"https:\/\/www.ladislavjakl.cz\/index.php?rest_route=%2Fwp%2Fv2%2Ftags&post=7157"}],"curies":[{"name":"wp","href":"https:\/\/api.w.org\/{rel}","templated":true}]}}