{"id":7159,"date":"2016-08-30T13:21:26","date_gmt":"2016-08-30T11:21:26","guid":{"rendered":"http:\/\/www.ladislavjakl.cz\/?p=7159"},"modified":"2016-08-30T13:21:26","modified_gmt":"2016-08-30T11:21:26","slug":"sobotka-je-loutka-merkelove-klausuv-muz-vyslal-razne-varovani","status":"publish","type":"post","link":"https:\/\/www.ladislavjakl.cz\/?p=7159","title":{"rendered":"Sobotka je loutka Merkelov\u00e9? Klaus\u016fv mu\u017e vyslal r\u00e1zn\u00e9 varov\u00e1n\u00ed"},"content":{"rendered":"<p>Praha \u2013 Premi\u00e9r Bohuslav Sobotka (\u010cSSD) p\u0159ed n\u011bkolika dny na ka\u017edoro\u010dn\u00edm setk\u00e1n\u00ed velvyslanc\u016f mluvil o pot\u0159eb\u011b vzniku spole\u010dn\u00e9 evropsk\u00e9 arm\u00e1dy. Nejde zdaleka o prvn\u00ed takov\u00fd n\u00e1vrh, podobn\u00e1 slova p\u0159ich\u00e1zej\u00ed z r\u016fzn\u00fdch stran. Jak ale podot\u00fdk\u00e1 b\u00fdval\u00fd \u0159editel politick\u00e9ho odboru Kancel\u00e1\u0159e prezidenta republiky a z\u00e1stupce Institutu V\u00e1clava Klause (IVK) Ladislav Jakl p\u0159ed podobn\u00fdmi n\u00e1pady d\u016frazn\u011b varuje.<\/p>\n<p><!--more--><\/p>\n<p>Podle premi\u00e9ra m\u00e1 evropsk\u00e1 bezpe\u010dnostn\u00ed politika sm\u011b\u0159ovat k tomu, aby byla\u00a0EU akceschopn\u011bj\u0161\u00edm a spolehliv\u011bj\u0161\u00edm partnerem. \u201eJsem p\u0159esv\u011bd\u010den, \u017ee se dlouhodob\u011b neobejdeme bez spole\u010dn\u00e9 evropsk\u00e9\u00a0arm\u00e1dy,&#8220; \u0159ekl. Prvn\u00ed konkr\u00e9tn\u00ed n\u00e1vrhy o\u010dek\u00e1v\u00e1 u\u017e na nejbli\u017e\u0161\u00edch jedn\u00e1n\u00edch Evropsk\u00e9 rady.<\/p>\n<p>Na\u010dasov\u00e1n\u00ed jeho slov t\u011bsn\u011b p\u0159ed p\u0159\u00edjezdem n\u011bmeck\u00e9 kancl\u00e9\u0159ky nen\u00ed podle Jakla n\u00e1hodn\u00e9 a pro Angelu Merkelovou, kter\u00e1 podle n\u011bj p\u0159ijela \u201ena inspekci&#8220;, jsou tato slova \u201ejako rajsk\u00e1 hudba, jako nejlep\u0161\u00ed d\u00e1re\u010dek na uv\u00edtanou&#8220;. \u201eA kdov\u00ed, t\u0159eba jde vlastn\u011b o jej\u00ed n\u00e1vrh a Sobotka ho jen ochotn\u011b nahlas tlumo\u010dil, jak to ostatn\u011b podle jeho intern\u00ed korespondence u\u010dinil v\u00a0minulosti ji\u017e n\u011bkolikr\u00e1t,&#8220; r\u00fdpnul si z\u00e1stupce IVK.<\/p>\n<p>Lid\u00e9 podle n\u011bj m\u00edvaj\u00ed \u010dasto sklon vid\u011bt v\u011bci obrany a arm\u00e1dy jako v\u011bc vojenskou, jako z\u00e1le\u017eitost gener\u00e1l\u016f a lidem rozum\u011bj\u00edc\u00edm zbran\u00edm a boji. \u201eTak to ale v\u016fbec nen\u00ed a nesm\u00ed b\u00fdt. Rozhodnut\u00ed o pou\u017eit\u00ed arm\u00e1dy je a mus\u00ed b\u00fdt v\u011bc\u00ed ryze politickou. Arm\u00e1da mus\u00ed m\u00edt politick\u00e9 zad\u00e1n\u00ed, co m\u00e1 vlastn\u011b d\u011blat, jak\u00fd probl\u00e9m \u0159e\u0161it, jak\u00e9 z\u00e1jmy kde, jak, s\u00a0k\u00fdm a v\u016f\u010di komu h\u00e1jit. Nastolovat my\u0161lenku spole\u010dn\u00e9 unijn\u00ed arm\u00e1dy by m\u011blo smysl, kdyby nejd\u0159\u00edv existovala jasn\u00e1 politick\u00e1 shoda, jasn\u00e9 spole\u010dn\u00e9 politick\u00e9 zad\u00e1n\u00ed \u010dlensk\u00fdch zem\u00ed EU, co by takov\u00e1 arm\u00e1da m\u011bla d\u011blat (nap\u0159\u00edklad v\u016f\u010di ileg\u00e1ln\u00ed imigraci), jakou doktr\u00ednu napl\u0148ovat, v\u016f\u010di jak\u00fdm rizik\u016fm chystat vojensk\u00e9 akce a s\u00a0jak\u00fdm fin\u00e1ln\u00edm c\u00edlem,&#8220; vysv\u011btluje b\u00fdval\u00fd novin\u00e1\u0159.<\/p>\n<p>\u201eExistuje dnes ale takov\u00e1 shoda? Existuje takov\u00e9 zad\u00e1n\u00ed? V\u00edme, jak by se takov\u00e1 arm\u00e1da m\u011bla vymezovat v\u016f\u010di sil\u00e1m NATO, jak a od jak\u00fdch autorit by p\u0159ij\u00edmala pokyny? Nikoli, je to p\u0159esn\u011b naopak. Mezi \u010dlensk\u00fdmi zem\u011bmi i mezi politick\u00fdmi silami uvnit\u0159 nich existuj\u00ed dramatick\u00e9 rozd\u00edly v\u00a0n\u00e1zorech i na priority zahrani\u010dn\u00ed politiky, nato\u017e na to, jak, kde a s\u00a0jak\u00fdm c\u00edlem nasazovat \u017eivoty sv\u00fdch voj\u00e1k\u016f. Jen\u017ee tato faktick\u00e1 v\u00e1\u017en\u00e1 p\u0159ek\u00e1\u017eka vzniku spole\u010dn\u00e9 arm\u00e1dy EU je ve skute\u010dnosti paradoxn\u011b prav\u00fdm d\u016fvodem, pro\u010d tuto my\u0161lenku bruselsk\u00e9 elity \u2013 nyn\u00ed zrovna shodou okolnost\u00ed Sobotkov\u00fdmi \u00fasty \u2013 nastoluj\u00ed,&#8220; p\u00ed\u0161e Jakl s t\u00edm, \u017ee podle vize by m\u011bla vzniknout spole\u010dn\u00e1 arm\u00e1da i bez shody na tom, co by m\u011bla d\u011blat, a pak k\u00a0t\u00e9 shod\u011b \u010dlensk\u00e9 zem\u011b prost\u011b donutit.<\/p>\n<p>Tento recept podle n\u011bj nen\u00ed nov\u00fd, poukazuje t\u0159eba na zav\u00e1d\u011bn\u00ed spole\u010dn\u00e9 m\u011bny euro. \u201eP\u0159ed vznikem eura tak\u00e9 neexistovala \u017e\u00e1dn\u00e1 politick\u00e1 shoda na podob\u011b spole\u010dn\u00e9 m\u011bnov\u00e9 a fisk\u00e1ln\u00ed politiky. Euro bylo prosazeno i bez t\u00e9to shody prost\u011b s\u00a0t\u00edm, \u017ee je to hezk\u00e1 my\u0161lenka. A teprve po zaveden\u00ed eura a p\u0159edev\u0161\u00edm po vypuknut\u00ed snadno o\u010dek\u00e1vateln\u00e9 krize za\u010daly b\u00fdt \u010dlensk\u00e9 zem\u011b m\u011bnov\u00e9 unie i ty \u201e\u010dekatelsk\u00e9&#8220; nuceny k\u00a0politice povinn\u00fdch finan\u010dn\u00edch transfer\u016f, k\u00a0podpo\u0159e m\u011bnov\u00e9 politiky, \u0161it\u00e9 na m\u00edru exportn\u00edm z\u00e1jm\u016fm N\u011bmecka, a k\u00a0fisk\u00e1ln\u00edm omezen\u00edm (i kdy\u017e zde jsou si n\u011bkter\u00e9 st\u00e1ty rovn\u011bj\u0161\u00ed),&#8220; popisuje z\u00e1stupce IVK.<\/p>\n<p>\u201eStejn\u011b to chystaj\u00ed se spole\u010dnou arm\u00e1dou. Cht\u011bj\u00ed ji ustavit i bez debaty o jej\u00edm politick\u00e9m zad\u00e1n\u00ed a o zp\u016fsobu, jak by toto zad\u00e1n\u00ed m\u011blo vznikat, po\u010dkat si na z\u00e1minku prvn\u00ed krize (to nebude probl\u00e9m) a n\u00e1sledn\u011b \u010dlensk\u00e9 zem\u011b k\u00a0podpo\u0159e takov\u00e9ho zad\u00e1n\u00ed, kter\u00e9 bude vyhovovat t\u011bm siln\u011bj\u0161\u00edm, prost\u011b dotla\u010dit. Spole\u010dn\u00e1 arm\u00e1da se tak m\u00e1 st\u00e1t dal\u0161\u00edm rafinovan\u00fdm n\u00e1strojem na utu\u017een\u00ed evropsk\u00e9 unifikace a centralizace, na omezen\u00ed demokracie a n\u00e1rodn\u00edch suverenit. Proto pl\u00e1ny na jej\u00ed vznik mus\u00edme rozhodn\u011b odm\u00edtnout,&#8220; varuje Jakl.<\/p>\n<p><a href=\"http:\/\/globe24.cz\/domov\/12939-sobotka-je-loutka-merkelove-klausuv-muz-vyslal-razne-varovani\" target=\"_blank\">Zdroj<\/a><\/p>\n","protected":false},"excerpt":{"rendered":"<p>Praha \u2013 Premi\u00e9r Bohuslav Sobotka (\u010cSSD) p\u0159ed n\u011bkolika dny na ka\u017edoro\u010dn\u00edm setk\u00e1n\u00ed velvyslanc\u016f mluvil o pot\u0159eb\u011b vzniku spole\u010dn\u00e9 evropsk\u00e9 arm\u00e1dy. Nejde zdaleka o prvn\u00ed takov\u00fd n\u00e1vrh, podobn\u00e1 slova p\u0159ich\u00e1zej\u00ed z r\u016fzn\u00fdch stran. Jak ale podot\u00fdk\u00e1 b\u00fdval\u00fd \u0159editel politick\u00e9ho odboru Kancel\u00e1\u0159e prezidenta republiky a z\u00e1stupce Institutu V\u00e1clava Klause (IVK) Ladislav Jakl p\u0159ed podobn\u00fdmi n\u00e1pady d\u016frazn\u011b varuje.<\/p>\n","protected":false},"author":1,"featured_media":0,"comment_status":"open","ping_status":"open","sticky":false,"template":"","format":"standard","meta":{"ngg_post_thumbnail":0,"footnotes":""},"categories":[11],"tags":[],"class_list":["post-7159","post","type-post","status-publish","format-standard","hentry","category-ozvena"],"_links":{"self":[{"href":"https:\/\/www.ladislavjakl.cz\/index.php?rest_route=\/wp\/v2\/posts\/7159","targetHints":{"allow":["GET"]}}],"collection":[{"href":"https:\/\/www.ladislavjakl.cz\/index.php?rest_route=\/wp\/v2\/posts"}],"about":[{"href":"https:\/\/www.ladislavjakl.cz\/index.php?rest_route=\/wp\/v2\/types\/post"}],"author":[{"embeddable":true,"href":"https:\/\/www.ladislavjakl.cz\/index.php?rest_route=\/wp\/v2\/users\/1"}],"replies":[{"embeddable":true,"href":"https:\/\/www.ladislavjakl.cz\/index.php?rest_route=%2Fwp%2Fv2%2Fcomments&post=7159"}],"version-history":[{"count":1,"href":"https:\/\/www.ladislavjakl.cz\/index.php?rest_route=\/wp\/v2\/posts\/7159\/revisions"}],"predecessor-version":[{"id":7160,"href":"https:\/\/www.ladislavjakl.cz\/index.php?rest_route=\/wp\/v2\/posts\/7159\/revisions\/7160"}],"wp:attachment":[{"href":"https:\/\/www.ladislavjakl.cz\/index.php?rest_route=%2Fwp%2Fv2%2Fmedia&parent=7159"}],"wp:term":[{"taxonomy":"category","embeddable":true,"href":"https:\/\/www.ladislavjakl.cz\/index.php?rest_route=%2Fwp%2Fv2%2Fcategories&post=7159"},{"taxonomy":"post_tag","embeddable":true,"href":"https:\/\/www.ladislavjakl.cz\/index.php?rest_route=%2Fwp%2Fv2%2Ftags&post=7159"}],"curies":[{"name":"wp","href":"https:\/\/api.w.org\/{rel}","templated":true}]}}