{"id":7165,"date":"2016-08-31T10:49:34","date_gmt":"2016-08-31T08:49:34","guid":{"rendered":"http:\/\/www.ladislavjakl.cz\/?p=7165"},"modified":"2016-08-31T10:49:34","modified_gmt":"2016-08-31T08:49:34","slug":"sobotka-bude-hrat-podle-not-od-merkelove-oskliva-hra-je-to-velmi-nebezpecne-a-zaludne-podvod-na-lidi-hovinka-chaos-a-destrukce-vzpoura-lidu-se-blizi-klausuv-jakl-promlouva","status":"publish","type":"post","link":"https:\/\/www.ladislavjakl.cz\/?p=7165","title":{"rendered":"Sobotka bude hr\u00e1t podle not od Merkelov\u00e9. O\u0161kliv\u00e1 hra. Je to velmi nebezpe\u010dn\u00e9 a z\u00e1ludn\u00e9. Podvod na lidi. Hov\u00ednka. Chaos a destrukce, vzpoura lidu se bl\u00ed\u017e\u00ed. Klaus\u016fv Jakl promlouv\u00e1"},"content":{"rendered":"<p>B\u00fdval\u00fd prezident\u016fv tajemn\u00edk a \u010dlen spr\u00e1vn\u00ed rady Institutu V\u00e1clava Klause \u0159\u00edk\u00e1, \u017ee Sobotka hraje fakticky p\u0159ed voli\u010di divadlo, kdy\u017e navenek odm\u00edt\u00e1 kv\u00f3ty, p\u0159itom ale hraje podle not Merkelov\u00e9. D\u011bjiny evropsk\u00e9 integrace jsou dle n\u011bj d\u011bjinami podvod\u016f na voli\u010d\u00edch, jsou d\u011bjinami ignorov\u00e1n\u00ed hlasu ve\u0159ejnosti i dohodnut\u00fdch procedur. Tak\u00e9 \u0159ekl sv\u00e9 k N\u011bmecku, Turecku, Le Penov\u00e9, Trumpovi, vzpou\u0159e mas a k tomu, zda se Brexit doopravdy uskute\u010dn\u00ed.<\/p>\n<p><!--more--><\/p>\n<p><strong>Jak hodnot\u00edte n\u00e1v\u0161t\u011bvu Angely Merkelov\u00e9 v\u00a0\u010cesk\u00e9 republice a to, jak se k\u00a0ot\u00e1zce imigrace a kv\u00f3t stav\u00ed \u010desk\u00e1 vl\u00e1da?<\/strong><\/p>\n<p>Nep\u0159ece\u0148oval bych v\u00fdznam kritiky, kter\u00e9 se Merkelov\u00e9 ve v\u011bci ileg\u00e1ln\u00edho p\u0159ist\u011bhovalectv\u00ed z\u00a0Ar\u00e1bie v\u00a0t\u011bchto dnech dostalo nejen od na\u0161ich, ale i od ostatn\u00edch politik\u016f V4. Ona v\u00ed, \u017ee nap\u0159\u00edklad premi\u00e9r Sobotka i ti dal\u0161\u00ed musej\u00ed \u0159\u00edci n\u011bkolik ostr\u00fdch a rozhodn\u00fdch slov pro uklidn\u011bn\u00ed sv\u00e9 dom\u00e1c\u00ed ve\u0159ejnosti, ale v\u00ed i to, \u017ee za t\u011bmito slovy \u017e\u00e1dn\u00e9 z\u00e1sadn\u00ed kroky nep\u0159ijdou a v\u0161ichni budou hr\u00e1t d\u00e1l podle not, kter\u00e9 jim za zav\u0159en\u00fdmi dve\u0159mi rozdala. N\u011bco ve smyslu: \u201eChlapci, nebojte, j\u00e1 to snesu, kdy\u017e p\u0159ed sv\u00fdmi voli\u010di na m\u011b ud\u011bl\u00e1te trochu bububu, hlavn\u011b kdy\u017e pak potichu pojedeme podle m\u00e9ho pl\u00e1nu.\u201c<\/p>\n<p><strong>A co \u0159\u00edk\u00e1te n\u00e1vrhu Angely Merkelov\u00e9 na evropskou arm\u00e1du, kter\u00fd podporuje i Sobotka? Je re\u00e1ln\u00e9 to prosadit?<\/strong><\/p>\n<p>Copak, re\u00e1ln\u00e9 to asi nen\u00ed, ale hlavn\u011b je to nebezpe\u010dn\u00e9 a z\u00e1ludn\u00e9. Nastolovat my\u0161lenku spole\u010dn\u00e9 unijn\u00ed arm\u00e1dy by m\u011blo smysl, kdyby nejd\u0159\u00edv existovala jasn\u00e1 politick\u00e1 shoda, co by takov\u00e1 arm\u00e1da m\u011bla d\u011blat, jakou doktr\u00ednu napl\u0148ovat, v\u016f\u010di jak\u00fdm rizik\u016fm chystat vojensk\u00e9 akce a s\u00a0jak\u00fdm fin\u00e1ln\u00edm c\u00edlem. Existuje dnes ale takov\u00e1 shoda? V\u00edme, jak by se takov\u00e1 arm\u00e1da m\u011bla vymezovat v\u016f\u010di sil\u00e1m NATO, jak a od jak\u00fdch autorit by p\u0159ij\u00edmala pokyny?<\/p>\n<p>Nikoli, je to p\u0159esn\u011b naopak. Mezi \u010dlensk\u00fdmi zem\u011bmi i mezi politick\u00fdmi silami uvnit\u0159 nich existuj\u00ed dramatick\u00e9 rozd\u00edly v\u00a0n\u00e1zorech i na priority zahrani\u010dn\u00ed politiky, nato\u017e na to, jak, kde a s\u00a0jak\u00fdm c\u00edlem nasazovat \u017eivoty sv\u00fdch voj\u00e1k\u016f. Jen\u017ee tato faktick\u00e1 v\u00e1\u017en\u00e1 p\u0159ek\u00e1\u017eka vzniku spole\u010dn\u00e9 arm\u00e1dy EU je ve skute\u010dnosti paradoxn\u011b prav\u00fdm d\u016fvodem, pro\u010d tuto my\u0161lenku bruselsk\u00e9 elity \u2013 nyn\u00ed zrovna shodou okolnost\u00ed Sobotkov\u00fdmi \u00fasty \u2013 nastoluj\u00ed. Jejich viz\u00ed je ustavit spole\u010dnou arm\u00e1du i bez shody na tom, co by m\u011bla d\u011blat, a pak k\u00a0t\u00e9 shod\u011b \u010dlensk\u00e9 zem\u011b donutit. Cht\u011bj\u00ed ji ustavit i bez debaty o jej\u00edm politick\u00e9m zad\u00e1n\u00ed a o zp\u016fsobu, jak by toto zad\u00e1n\u00ed m\u011blo vznikat, po\u010dkat si na z\u00e1minku prvn\u00ed krize a n\u00e1sledn\u011b \u010dlensk\u00e9 zem\u011b k\u00a0podpo\u0159e takov\u00e9ho zad\u00e1n\u00ed, kter\u00e9 bude vyhovovat t\u011bm siln\u011bj\u0161\u00edm, prost\u011b dotla\u010dit. Spole\u010dn\u00e1 arm\u00e1da se tak m\u00e1 st\u00e1t dal\u0161\u00edm rafinovan\u00fdm n\u00e1strojem na utu\u017een\u00ed evropsk\u00e9 unifikace a centralizace, na omezen\u00ed demokracie a n\u00e1rodn\u00edch suverenit.<\/p>\n<p><strong>Ministr Chovanec sice \u0159\u00edk\u00e1, \u017ee letos \u017e\u00e1dn\u00e9 uprchl\u00edky nep\u0159ijmeme, ale v\u00edce ne\u017e p\u016fl miliardy korun bude st\u00e1t ve\u0159ejn\u00e1 zak\u00e1zka na gener\u00e1ln\u00edho poskytovatele integra\u010dn\u00edch slu\u017eeb pro osoby s ud\u011blenou mezin\u00e1rodn\u00ed ochranou pro obdob\u00ed let 2017 a\u017e 2019. Ve\u0159ejnou zak\u00e1zku vypsalo Ministerstvo vnitra a \u00fakolem gener\u00e1ln\u00edho poskytovatele integra\u010dn\u00edch slu\u017eeb bude koordinace a zaji\u0161t\u011bn\u00ed integra\u010dn\u00edch slu\u017eeb opr\u00e1vn\u011bn\u00fdm osob\u00e1m formou subdod\u00e1vky ve spolupr\u00e1ci se subdodavateli, kter\u00fdmi mohou b\u00fdt obce, nest\u00e1tn\u00ed neziskov\u00e9 organizace, c\u00edrkve a zam\u011bstnavatel\u00e9. V materi\u00e1lu, kter\u00fd rezort Milana Chovance p\u0159edlo\u017eil vl\u00e1d\u011b, se p\u00ed\u0161e o p\u0159ibli\u017en\u00e9m po\u010dtu tis\u00edc osob, kter\u00e9 by m\u011bla \u010cesk\u00e1 republika p\u0159ijmout ve zm\u00edn\u011bn\u00e9m t\u0159\u00edlet\u00e9m obdob\u00ed. Poskytov\u00e1n\u00edm integra\u010dn\u00edch slu\u017eeb je m\u00edn\u011bna pomoc opr\u00e1vn\u011bn\u00fdm osob\u00e1m p\u0159i jejich za\u010dlen\u011bn\u00ed do spole\u010dnosti, a to zejm\u00e9na v oblasti bydlen\u00ed, vzd\u011bl\u00e1v\u00e1n\u00ed, odstran\u011bn\u00ed jazykov\u00e9 bari\u00e9ry a pomoc p\u0159i vstupu na trh pr\u00e1ce\u2026<\/strong><\/p>\n<p>Ano, o t\u011bchto projektech se v\u00ed. Samy o sob\u011b nemusej\u00ed nic znamenat, vl\u00e1da je vysv\u011btl\u00ed jako nutnou z\u00e1lohu pro p\u0159\u00edpad pot\u0159eby, kter\u00fd zat\u00edm nehroz\u00ed. Sp\u00ed\u0161 je d\u016fle\u017eit\u011bj\u0161\u00ed, co na\u0161e vl\u00e1da (a dal\u0161\u00ed hlasit\u00ed kritikov\u00e9 Bruselu a Merkelov\u00e9 ve vl\u00e1d\u00e1ch zem\u00ed EU) ned\u011bl\u00e1. Zat\u00edm nedostala pod kontrolu na\u0161e hranice ani na tu \u00farove\u0148, kterou dr\u017e\u00ed N\u011bmecko v\u016f\u010di n\u00e1m, p\u0159itom rizika evidentn\u011b hroz\u00ed sp\u00ed\u0161e opa\u010dn\u00fdm sm\u011brem.<\/p>\n<p>\u201e<strong>Nejde ale, aby n\u011bkter\u00e9 zem\u011b \u0159ekly, \u017ee u\u00a0nich muslimy obecn\u011b necht\u011bj\u00ed a\u00a0\u017ee je jim jedno, jestli je to nutn\u00e9 z\u00a0humanit\u00e1rn\u00edch d\u016fvod\u016f, nebo ne,\u201c prohl\u00e1sila v ned\u011bli Merkelov\u00e1. \u201eMysl\u00edm, \u017ee mus\u00edme naj\u00edt spole\u010dn\u00e9 \u0159e\u0161en\u00ed a\u00a0\u017ee pod\u00edlet se na n\u011bm bude muset ka\u017ed\u00fd,\u201c odpov\u011bd\u011bla Merkelov\u00e1 na dotaz, zda v\u011b\u0159\u00ed, \u017ee syst\u00e9m kv\u00f3t se nakonec bude realizovat. Mysl\u00edte, \u017ee se budou kv\u00f3ty realizovat? \u010ci sp\u00ed\u0161e n\u00e1vrh eurokomisa\u0159e G\u00fcnthera Oettingera? Podle\u00a0\u010cTK \u0159ekl, \u017ee Komise EU navrhuje, aby byly v EU harmonizov\u00e1ny azylov\u00e9 procedury i pr\u00e1vo na d\u00e1vky pro \u017eadatele o azyl a pak by nebyly pot\u0159eba kv\u00f3ty na uprchl\u00edky, proto\u017ee by polevila p\u0159ita\u017elivost zem\u00ed jako N\u011bmecko, Rakousko a \u0160v\u00e9dsko\u2026<\/strong><\/p>\n<p>D\u011bjiny evropsk\u00e9 integrace jsou d\u011bjinami podvod\u016f na voli\u010d\u00edch, jsou d\u011bjinami ignorov\u00e1n\u00ed hlasu ve\u0159ejnosti i dohodnut\u00fdch procedur. Co neprojde nahlas jednou cestou, protla\u010d\u00ed se pozd\u011bji nen\u00e1padn\u011b cestou jinou. Nyn\u00ed t\u0159eba cestou rovn\u00fdch soci\u00e1ln\u00edch d\u00e1vek pro ileg\u00e1ln\u00ed p\u0159ist\u011bhovalce ve v\u0161ech zem\u00edch EU. Pak za\u010dnou b\u00fdt zem\u011b jako my pro p\u0159\u00edchoz\u00ed atraktivn\u00ed, proto\u017ee je zde levn\u011bji. Nebo n\u00e1m bude vnucena ona \u201eharmonizovan\u00e1\u201c azylov\u00e1 politika.<\/p>\n<p><strong>\u010cestn\u00fd p\u0159edseda TOP\u00a009 a\u00a0p\u0159edseda zahrani\u010dn\u00edho v\u00fdboru Sn\u011bmovny Karel Schwarzenberg pro Aktu\u00e1ln\u011b.cz \u0159ekl, \u017ee se bohu\u017eel star\u00e9 p\u0159edsudky v\u016f\u010di N\u011bmc\u016fm zase vyno\u0159uj\u00ed. N\u011bmci jsou ale podle n\u011bj v posledn\u00edch letech na\u0161i nejlep\u0161\u00ed spojenci. \u0158ekl, \u017ee si v\u00e1\u017e\u00ed Angely Merkelov\u00e9 a \u017ee je to \u017eena s velmi zdrav\u00fdm politick\u00fdm instinktem. Dle n\u011bho N\u011bmecko prozat\u00edm situaci s uprchl\u00edky docela dob\u0159e zvl\u00e1d\u00e1 a my bychom m\u011bli p\u0159ijmout uprchl\u00edky \u2013 n\u011bkolik tis\u00edc by pr\u00fd ne\u0161kodilo\u2026 Jak se d\u00edv\u00e1te na roli N\u011bmecka v\u00a0EU a ve vztahu k\u00a0n\u00e1m a migra\u010dn\u00ed krizi vy?<\/strong><\/p>\n<p>N\u011bkdo tomu \u0159\u00edk\u00e1 p\u0159edsudky, n\u011bkdo zku\u0161enost s N\u011bmci, na kterou by r\u00e1d Schwarzenberg zapomn\u011bl. N\u011bmecko nejen\u017ee situaci s\u00a0um\u011ble do Evropy transportovan\u00fdmi p\u0159ist\u011bhovalci nezvl\u00e1d\u00e1, ono ji do zna\u010dn\u00e9 m\u00edry zre\u017e\u00edrovalo, ale hlavn\u011b: Pro\u010d sem m\u00e1me v\u016fbec kohokoli p\u0159ij\u00edmat? Proto\u017ee se doma ti lid\u00e9 maj\u00ed h\u016f\u0159? Na sv\u011bt\u011b se maj\u00ed velmi nuzn\u011b t\u0159i miliardy lid\u00ed, \u017eij\u00ed v\u00a0chudob\u011b, v\u00a0diktatur\u00e1ch, sou\u017e\u00ed je hlad, \u017e\u00edze\u0148 i nemoci, tr\u00e1p\u00ed je ob\u010dansk\u00e9 a kmenov\u00e9 v\u00e1lky i ciz\u00ed intervence. Je \u0159e\u0161en\u00edm p\u00e1r tis\u00edc z\u00a0nich (t\u011bch nezabezpe\u010den\u011bj\u0161\u00edch) p\u0159em\u00edstit sem a zde jim platit bezpracn\u00fd \u017eivot?<\/p>\n<p><strong>Co \u0159\u00edk\u00e1te \u201epu\u010di\u201c v\u00a0Turecku? Zinscenoval si ho Erdogan, byl podporov\u00e1n Ameri\u010dany, nebo v\u011b\u0159\u00edte \u201eofici\u00e1ln\u00ed verzi\u201c?<\/strong><\/p>\n<p>Mysl\u00edm, \u017ee takovou grandi\u00f3zn\u00ed akci zinscenovat nelze. Podle m\u011b ale byl Erdogan v\u010das informov\u00e1n a p\u0159ipravil se na ni. A tak\u00e9 ji pat\u0159i\u010dn\u011b vyu\u017eil pro pos\u00edlen\u00ed moci. Turecko nen\u00ed snadn\u00e9 udr\u017eet funk\u010dn\u00ed a pohromad\u011b. Tradi\u010dn\u011b politicky siln\u00e1 arm\u00e1da, pak nacionalist\u00e9, s\u00edl\u00edc\u00ed islamist\u00e9, marxisti\u010dt\u00ed Kurdov\u00e9\u2026<\/p>\n<p><strong>Tureck\u00fd velvyslanec v N\u011bmecku Selim Yenel \u0159ekl pro Die Welt, \u017ee pokud Turci nedostanou do konce roku bezv\u00edzov\u00fd styk s EU, p\u0159estanou p\u0159ij\u00edmat z EU uprchl\u00edky zp\u011bt. Turecko chce podle n\u011bj vstoupit do EU p\u0159ed rokem 2023. EU si pr\u00fd nemus\u00ed d\u011blat starosti o demokracii v Turecku a m\u011bla by d\u00e1t jasn\u011bji najevo, \u017ee stoj\u00ed na stran\u011b prezidenta Erdogana. Jak bychom se m\u011bli chovat k\u00a0Turecku v\u00a0souvislosti s\u00a0migra\u010dn\u00ed kriz\u00ed? Nen\u00ed lep\u0161\u00ed na n\u011bj nespol\u00e9hat a hl\u00eddat hranice sami?<\/strong><\/p>\n<p>Turecko n\u00e1s v\u00a0souvislosti s\u00a0migra\u010dn\u00ed kriz\u00ed v\u016fbec nezaj\u00edm\u00e1 a kdo v\u00a0Bruselu tvrd\u00ed opak, hraje s\u00a0n\u00e1mi o\u0161klivou hru. Je zcela v\u011bc\u00ed Turecka, co d\u011bl\u00e1 s\u00a0lidmi, kter\u00e9 si pustilo na sv\u00e9 \u00fazem\u00ed: jestli jim dovol\u00ed proj\u00edt, jestli si je nech\u00e1, nebo jestli je vr\u00e1t\u00ed tam, odkud p\u0159i\u0161li. Turecko nen\u00ed sou\u010d\u00e1st\u00ed schengensk\u00e9ho prostoru a my s\u00a0n\u00edm dohodu nepot\u0159ebujeme. My pot\u0159ebujeme chr\u00e1nit vn\u011bj\u0161\u00ed schengenskou hranici. Je to, jako kdyby Mexiko vyhl\u00e1silo, \u017ee pokud nedostane pen\u00edze, pust\u00ed do USA deset milion\u016f Mexi\u010dan\u016f. Tak pus\u0165te, \u0159ekly by USA, naraz\u00ed jen na na\u0161i zav\u0159enou hranici.<\/p>\n<p>Ale pokud n\u011bkdo nap\u0159\u00edklad s \u0158eckem zlo\u010dinn\u011b domluvil otev\u0159en\u00ed schengensk\u00e9 hranice, pak holt mus\u00ed hr\u00e1t divadeln\u00ed hru na pot\u0159ebu dohody s\u00a0Tureckem. V\u00a0takov\u00e9m p\u0159\u00edpad\u011b je to ale pro n\u00e1s zpr\u00e1va, \u017ee Schengen je opu\u0161t\u011bn a my se mus\u00edme starat o vlastn\u00ed hranice sami.<\/p>\n<p><strong>A co pokud jde o teroristy, kte\u0159\u00ed jsou uvnit\u0159 EU? T\u0159eba v\u00a0N\u011bmecku. Nen\u00ed z\u00a0hlediska bezpe\u010dnosti \u010desk\u00fdch ob\u010dan\u016f l\u00e9pe vystoupit ze Schengenu a prov\u00e1d\u011bt hrani\u010dn\u00ed kontroly?<\/strong><\/p>\n<p>Suspendov\u00e1n\u00ed Schengenu jsem navrhoval u\u017e p\u0159ed v\u00edce ne\u017e rokem, mo\u017en\u00e1 i v\u00a0rozhovoru pro Parlamentn\u00ed listy. A to zdaleka nikoliv jen kv\u016fli bezpe\u010dnostn\u00edm hrozb\u00e1m. Prost\u011b kv\u016fli tomu, \u017ee Schengen je mrtev, byl zabit Merkelovou, Hollandem, Junckerem, Tuskem, Schulzem a dal\u0161\u00edmi. Sv\u00e9 hranice mus\u00edme z\u00edskat pod kontrolu, i kdyby teror nehrozil. A pokud hroz\u00ed, je to jen o d\u016fvod v\u00edc.<\/p>\n<p><strong>Co si mysl\u00edte o jist\u00e9m sbli\u017eov\u00e1n\u00ed Turecka a Ruska? Co to m\u016f\u017ee znamenat pro n\u00e1s?<\/strong><\/p>\n<p>Nevid\u00edm \u017e\u00e1dn\u00e9 sbli\u017eov\u00e1n\u00ed (to by Rusko nap\u0159\u00edklad ztratilo sv\u00e9 aktu\u00e1ln\u011b dobr\u00e9 vztahy s\u00a0\u0161\u00editsk\u00fdm \u00cdr\u00e1nem a hodilo p\u0159es palubu spojeneckou Arm\u00e9nii), vid\u00edm jen normalizaci vztah\u016f hrub\u011b naru\u0161en\u00fdch nejen sest\u0159elem rusk\u00e9 st\u00edha\u010dky, ale i skrytou podporou poskytovanou Tureckem islamistick\u00fdm vzbou\u0159enc\u016fm a zahrani\u010dn\u00edm \u017eoldn\u00e9\u0159\u016fm bojuj\u00edc\u00edm proti syrsk\u00e9 vl\u00e1d\u011b. Pokud vyost\u0159enou konfrontaci nyn\u00ed st\u0159\u00edd\u00e1 korektn\u011bj\u0161\u00ed diplomacie, je to jen dob\u0159e. Pouze nezodpov\u011bdn\u00fd hlup\u00e1k si mysl\u00ed, \u017ee je dob\u0159e, kdy\u017e jeho konkurenti proti sob\u011b \u0159in\u010d\u00ed zbran\u011bmi. Takov\u00e1 rizika jsou jako po\u017e\u00e1r obil\u00ed na letn\u00edm poli: nezastav\u00ed se na hranici pozemku. Jen a\u0165 spolu mluv\u00ed.<\/p>\n<p><strong>Co zat\u00edm \u0159\u00edk\u00e1te v\u00fdvoji po britsk\u00e9m referendu? Na jednu stranu se ekonomika stabilizovala, na druhou stranu jsou hlasy, \u017ee Brexit vy\u0161um\u00ed do ztracena\u2026<\/strong><\/p>\n<p>Nevy\u0161um\u00ed. Jen se nic nej\u00ed tak hork\u00e9, jak se nava\u0159\u00ed. Brexit nepochybn\u011b prob\u011bhne a prob\u011bhne \u0159\u00edzen\u011b a kultivovan\u011b, p\u0159edev\u0161\u00edm z\u00e1sluhou britsk\u00e9 strany. Ale i t\u011bch na kontinent\u011b, kte\u0159\u00ed by zhor\u0161en\u00edm vztah\u016f mohli hodn\u011b tratit. Brit\u00e1nie se stane \u017eiv\u00fdm a pro Brusel nep\u0159\u00edjemn\u00fdm p\u0159\u00edkladem, \u017ee ono to jde.<\/p>\n<p><strong>Europoslanec Keller \u0159ekl, \u017ee by sice Le Penovou nevolil, ale dok\u00e1\u017ee pochopit sv\u00e9 zn\u00e1m\u00e9, kte\u0159\u00ed by ji volili. Jak\u00fd m\u00e1te n\u00e1zor na Le Penovou a Hofera? A maj\u00ed podle v\u00e1s \u0161anci b\u00fdt zvoleni?<\/strong><\/p>\n<p>Oba reprezentuj\u00ed v\u00fdznamn\u00e9 a autentick\u00e9 n\u00e1zorov\u00e9 a z\u00e1jmov\u00e9 skupiny ve sv\u00fdch zem\u00edch. A \u0161ance jist\u011b maj\u00ed. T\u00edm v\u011bt\u0161\u00ed, o co d\u00e9le bude trvat hluchota vl\u00e1dnouc\u00edch sil k\u00a0vol\u00e1n\u00ed voli\u010d\u016f po zm\u011bn\u011b.<\/p>\n<p><strong>Bl\u00ed\u017e\u00ed se vzpoura mas v Evrop\u011b \u010di USA, jak o tom hovo\u0159il V\u00e1clav Klaus?<\/strong><\/p>\n<p>No, bl\u00ed\u017e\u00ed. Ale kdov\u00ed, jestli se j\u00ed do\u017eijeme. Sp\u00ed\u0161e se do\u017eijeme jak\u00e9si nutn\u00e9 mezif\u00e1ze chaosu. Pak se teprve za\u010dne n\u011bco m\u011bnit nejen destruktivn\u011b, ale i konstruktivn\u011b. Ale jinak to asi nep\u016fjde.<\/p>\n<p><strong>D\u00e1nsk\u00fd expremi\u00e9r, b\u00fdval\u00fd gener\u00e1ln\u00ed tajemn\u00edk NATO z let 2009 a\u017e 2014 Anders Fogh Rasmussen ve sv\u00e9m videu na Facebooku \u0159ekl, \u017ee sv\u011bt pot\u0159ebuje \u010detn\u00edka a t\u00edmto \u010detn\u00edkem by m\u011bly b\u00fdt USA. \u201eSv\u011bt pot\u0159ebuje \u010detn\u00edka a\u00a0je pot\u0159eba, aby t\u00edmto \u010detn\u00edkem byly Spojen\u00e9 st\u00e1ty americk\u00e9,\u201c \u0159ekl Rasmussen. Co o tom soud\u00edte?<\/strong><\/p>\n<p>Sv\u011bt nepot\u0159ebuje \u010detn\u00edka, to sp\u00ed\u0161 Rasmussen pot\u0159ebuje l\u00e9ka\u0159e. Sv\u011bt: to jsou p\u0159ece lid\u00e9. Lid\u00e9 r\u016fzn\u00ed s\u00a0r\u016fzn\u00fdmi z\u00e1jmy, pot\u0159ebami, prioritami i n\u00e1zory. Nen\u00ed to d\u00e1nsk\u00e1 vesnice, kde i ps\u00ed hov\u00ednka jsou se\u0159azena podle velikosti.<\/p>\n<p><strong>Co si mysl\u00edte o Donaldu Trumpovi? Ned\u00e1vno ho podpo\u0159il Nigel Farage\u2026 Koho byste volil, kdybyste byl Ameri\u010dan? Clintonov\u00e1 z\u00edsk\u00e1v\u00e1 podporu i n\u011bkter\u00fdch republik\u00e1n\u016f&#8230;<\/strong><\/p>\n<p>Farag\u016fv projev byl skv\u011bl\u00fd, \u0161koda, \u017ee o n\u011bm u n\u00e1s z\u00a0m\u00e9di\u00ed nev\u00edme nic.\u00a0Trump je nad\u011bje na zm\u011bnu. Na zm\u011bnu v\u00a0tom smyslu, \u017ee politika se mus\u00ed p\u0159ibl\u00ed\u017eit norm\u00e1ln\u00edmu \u017eivotu. Jist\u011b\u017ee bych volil jeho, a ne tu pokra\u010dovatelku dosavadn\u00ed americk\u00e9 politiky dobrodru\u017en\u00fdch intervenc\u00ed a nadb\u00edh\u00e1n\u00ed dom\u00e1c\u00edch siln\u00fdm z\u00e1jmov\u00fdm skupin\u00e1m. Zn\u00e1m v\u00fdhrady mnoh\u00fdch libertari\u00e1n\u016f v\u016f\u010di Trumpovi a v\u00a0mnoh\u00e9m jim d\u00e1v\u00e1m za pravdu. Jen\u017ee pokud pro n\u011b nen\u00ed lidsk\u00e1 svoboda jen u\u010debnicovou fr\u00e1z\u00ed, m\u011bli by v\u011bd\u011bt, \u017ee \u017eijeme v\u00a0dob\u011b akutn\u011bj\u0161\u00edch t\u00e9mat, ne\u017e je v\u00fd\u0161e dan\u00ed a dovozn\u00edch cel.<\/p>\n<p>\u017dijeme v\u00a0dob\u011b mo\u017en\u00e1 posledn\u00ed \u0161ance vyrvat n\u00e1\u0161 sv\u011bt z\u00a0rukou soci\u00e1ln\u00edch in\u017een\u00fdr\u016f a vr\u00e1tit ho lidem. Ti pak budou teprve moci rozhodovat, jestli cht\u011bj\u00ed v\u00edce trhu, nebo socialismu. Dnes k\u00a0takov\u00e9mu rozhodov\u00e1n\u00ed ani nejsou p\u0159ipu\u0161t\u011bni. Pokud by Trump Amerikou zat\u0159\u00e1sl, byli by k\u00a0n\u011bmu ur\u010dit\u011b mnohem bl\u00ed\u017ee. R\u00e1d bych k\u00a0tomu ale dodal, \u017ee m\u011b zar\u00e1\u017e\u00ed zu\u0159ivost na\u0161ich m\u00e9di\u00ed v\u00a0ur\u00e1\u017eliv\u00e9 kampani v\u016f\u010di Trumpovi, kter\u00e9mu jsou p\u0159itom \u010ce\u0161i bl\u00edzc\u00ed. Jako kdyby se prezident USA volil u n\u00e1s. Sp\u00ed\u0161e tou kampan\u00ed vedou dom\u00e1c\u00ed v\u00e1lku proti n\u00e1m v\u0161em, kdo poslu\u0161n\u011b nenad\u00e1vaj\u00ed na Trumpa jako na nejv\u011bt\u0161\u00ed hrozbu lidstvu.<\/p>\n<p><a href=\"http:\/\/www.parlamentnilisty.cz\/arena\/rozhovory\/Sobotka-bude-hrat-podle-not-od-Merkelove-Oskliva-hra-Je-to-velmi-nebezpecne-a-zaludne-Podvod-na-lidi-Hovinka-Chaos-a-destrukce-vzpoura-lidu-se-blizi-Klausuv-Jakl-promlouva-451267\" target=\"_blank\">Zdroj<\/a><\/p>\n","protected":false},"excerpt":{"rendered":"<p>B\u00fdval\u00fd prezident\u016fv tajemn\u00edk a \u010dlen spr\u00e1vn\u00ed rady Institutu V\u00e1clava Klause \u0159\u00edk\u00e1, \u017ee Sobotka hraje fakticky p\u0159ed voli\u010di divadlo, kdy\u017e navenek odm\u00edt\u00e1 kv\u00f3ty, p\u0159itom ale hraje podle not Merkelov\u00e9. D\u011bjiny evropsk\u00e9 integrace jsou dle n\u011bj d\u011bjinami podvod\u016f na voli\u010d\u00edch, jsou d\u011bjinami ignorov\u00e1n\u00ed hlasu ve\u0159ejnosti i dohodnut\u00fdch procedur. Tak\u00e9 \u0159ekl sv\u00e9 k N\u011bmecku, Turecku, Le Penov\u00e9, Trumpovi, [&hellip;]<\/p>\n","protected":false},"author":1,"featured_media":0,"comment_status":"open","ping_status":"open","sticky":false,"template":"","format":"standard","meta":{"ngg_post_thumbnail":0,"footnotes":""},"categories":[13],"tags":[],"class_list":["post-7165","post","type-post","status-publish","format-standard","hentry","category-rozhovory"],"_links":{"self":[{"href":"https:\/\/www.ladislavjakl.cz\/index.php?rest_route=\/wp\/v2\/posts\/7165","targetHints":{"allow":["GET"]}}],"collection":[{"href":"https:\/\/www.ladislavjakl.cz\/index.php?rest_route=\/wp\/v2\/posts"}],"about":[{"href":"https:\/\/www.ladislavjakl.cz\/index.php?rest_route=\/wp\/v2\/types\/post"}],"author":[{"embeddable":true,"href":"https:\/\/www.ladislavjakl.cz\/index.php?rest_route=\/wp\/v2\/users\/1"}],"replies":[{"embeddable":true,"href":"https:\/\/www.ladislavjakl.cz\/index.php?rest_route=%2Fwp%2Fv2%2Fcomments&post=7165"}],"version-history":[{"count":1,"href":"https:\/\/www.ladislavjakl.cz\/index.php?rest_route=\/wp\/v2\/posts\/7165\/revisions"}],"predecessor-version":[{"id":7166,"href":"https:\/\/www.ladislavjakl.cz\/index.php?rest_route=\/wp\/v2\/posts\/7165\/revisions\/7166"}],"wp:attachment":[{"href":"https:\/\/www.ladislavjakl.cz\/index.php?rest_route=%2Fwp%2Fv2%2Fmedia&parent=7165"}],"wp:term":[{"taxonomy":"category","embeddable":true,"href":"https:\/\/www.ladislavjakl.cz\/index.php?rest_route=%2Fwp%2Fv2%2Fcategories&post=7165"},{"taxonomy":"post_tag","embeddable":true,"href":"https:\/\/www.ladislavjakl.cz\/index.php?rest_route=%2Fwp%2Fv2%2Ftags&post=7165"}],"curies":[{"name":"wp","href":"https:\/\/api.w.org\/{rel}","templated":true}]}}