{"id":718,"date":"2010-12-10T09:43:37","date_gmt":"2010-12-10T08:43:37","guid":{"rendered":"http:\/\/www.ladislavjakl.cz\/?p=718"},"modified":"2010-12-10T09:43:37","modified_gmt":"2010-12-10T08:43:37","slug":"na-hrade-se-sviti-a-ja-jsem-nestavkoval-ujistil-jakl","status":"publish","type":"post","link":"https:\/\/www.ladislavjakl.cz\/?p=718","title":{"rendered":"Na Hrad\u011b se sv\u00edt\u00ed a j\u00e1 jsem nest\u00e1vkoval, ujistil Jakl"},"content":{"rendered":"<p><strong>Prezident\u016fv poradce Ladislav Jakl v rozhovoru pro Radio\u017eurn\u00e1l vysv\u011btloval, pro\u010d odm\u00edt\u00e1 st\u0159ede\u010dn\u00ed st\u00e1vku st\u00e1tn\u00edch zam\u011bstnanc\u016f.<\/strong><\/p>\n<p><strong><!--more--><br \/>\n<\/strong><\/p>\n<p>\u201eJ\u00e1 nest\u00e1vkuji, a\u010d jsem st\u00e1tn\u00ed zam\u011bstnanec, jsem je\u0161t\u011b po\u0159\u00e1d v\u00a0\u00fa\u0159adu,&#8220;  uvedl Jakl a vz\u00e1p\u011bt\u00ed doplnil, \u017ee pokud mu n\u011bkdo z\u00a0ob\u010dan\u016f nev\u011b\u0159\u00ed, tak se  sta\u010d\u00ed pod\u00edvat na Hrad, v\u00a0Kancel\u00e1\u0159i prezidenta republiky se st\u00e1le sv\u00edt\u00ed.<\/p>\n<p>Ladislava Jakla se podle jeho vlastn\u00edch slov rovn\u011b\u017e dotkne  desetiprocentn\u00ed sn\u00ed\u017een\u00ed platu, proti kter\u00e9mu odbor\u00e1\u0159i tak vehementn\u011b  protestuj\u00ed. Jako \u0161\u00e9f jednoho z\u00a0hradn\u00edch odbor\u016f rovn\u011b\u017e musel propustit  n\u011bkolik zam\u011bstnanc\u016f. S\u00e1m sice ch\u00e1pe, \u017ee se lidem sn\u00ed\u017een\u00ed mezd nel\u00edb\u00ed,  nicm\u00e9n\u011b vzhledem ke stavu st\u00e1tn\u00edho dluhu a ekonomiky celkov\u011b se \u010cesko  bez \u00faspor neobejde.<\/p>\n<p><strong>Hrad se zlob\u00ed, odbor\u00e1\u0159i jsou spokojeni<\/strong><\/p>\n<p>\u201eNa\u0161i obchodn\u00ed partne\u0159i zchudli,&#8220; vysv\u011btlil prezident\u016fv spolupracovn\u00edk  s\u00a0t\u00edm, \u017ee firmy odvedou m\u00e9n\u011b na dan\u00edch, st\u00e1t tedy propad p\u0159\u00edjm\u016f mus\u00ed  vykompenzovat jist\u00fdmi \u00fasporami.<\/p>\n<p>Diskuse na Radio\u017eurn\u00e1lu se z\u00fa\u010dastnil i Jan Rovensk\u00fd z Odborov\u00e9ho svazu  st\u00e1tn\u00edch org\u00e1n\u016f a organizac\u00ed, kter\u00fd byl na rozd\u00edl od Ladislava Jakla  s\u00a0v\u00fdsledkem st\u00e1vky spokojen. \u201eJe to prvn\u00ed akce za cel\u00fdch 20 let od roku  1989,&#8220; uvedl a doplnil, \u017ee nyn\u00ed odbory op\u011bt zasednou k\u00a0jednac\u00edmu stolu a  pokus\u00ed se s\u00a0vl\u00e1dou dohodnout spln\u011bn\u00ed sv\u00fdch po\u017eadavk\u016f.<\/p>\n<p><strong>Jist\u011b se ozveme<\/strong><\/p>\n<p>\u201eP\u0159\u00edmo o gener\u00e1ln\u00ed st\u00e1vce bych v\u00a0t\u00e9to chv\u00edli necht\u011bl spekulovat,&#8220; uvedl  Rovensk\u00fd na z\u00e1v\u011br debaty. Neur\u010dit\u011b ale nazna\u010dil, \u017ee pokud z\u016fstane vl\u00e1da  stejn\u011b ne\u00fastupn\u00e1, odbor\u00e1\u0159i jist\u011b napl\u00e1nuj\u00ed dal\u0161\u00ed protestn\u00ed akce, nav\u00edc  lidem doch\u00e1z\u00ed trp\u011blivost \u201eTyto posledn\u00ed kroky (vl\u00e1dn\u00ed \u0161krty, pozn. red.)  povedou k\u00a0tomu, \u017ee se radikalizace zam\u011bstnanc\u016f bude zv\u011bt\u0161ovat,&#8220;  uzav\u0159el.<\/p>\n<p><a href=\"http:\/\/www.parlamentnilisty.cz\/arena\/monitor\/183161.aspx\" target=\"_blank\">ZDROJ<\/a><\/p>\n","protected":false},"excerpt":{"rendered":"<p>Prezident\u016fv poradce Ladislav Jakl v rozhovoru pro Radio\u017eurn\u00e1l vysv\u011btloval, pro\u010d odm\u00edt\u00e1 st\u0159ede\u010dn\u00ed st\u00e1vku st\u00e1tn\u00edch zam\u011bstnanc\u016f.<\/p>\n","protected":false},"author":1,"featured_media":0,"comment_status":"open","ping_status":"open","sticky":false,"template":"","format":"standard","meta":{"ngg_post_thumbnail":0,"footnotes":""},"categories":[11],"tags":[],"class_list":["post-718","post","type-post","status-publish","format-standard","hentry","category-ozvena"],"_links":{"self":[{"href":"https:\/\/www.ladislavjakl.cz\/index.php?rest_route=\/wp\/v2\/posts\/718","targetHints":{"allow":["GET"]}}],"collection":[{"href":"https:\/\/www.ladislavjakl.cz\/index.php?rest_route=\/wp\/v2\/posts"}],"about":[{"href":"https:\/\/www.ladislavjakl.cz\/index.php?rest_route=\/wp\/v2\/types\/post"}],"author":[{"embeddable":true,"href":"https:\/\/www.ladislavjakl.cz\/index.php?rest_route=\/wp\/v2\/users\/1"}],"replies":[{"embeddable":true,"href":"https:\/\/www.ladislavjakl.cz\/index.php?rest_route=%2Fwp%2Fv2%2Fcomments&post=718"}],"version-history":[{"count":2,"href":"https:\/\/www.ladislavjakl.cz\/index.php?rest_route=\/wp\/v2\/posts\/718\/revisions"}],"predecessor-version":[{"id":720,"href":"https:\/\/www.ladislavjakl.cz\/index.php?rest_route=\/wp\/v2\/posts\/718\/revisions\/720"}],"wp:attachment":[{"href":"https:\/\/www.ladislavjakl.cz\/index.php?rest_route=%2Fwp%2Fv2%2Fmedia&parent=718"}],"wp:term":[{"taxonomy":"category","embeddable":true,"href":"https:\/\/www.ladislavjakl.cz\/index.php?rest_route=%2Fwp%2Fv2%2Fcategories&post=718"},{"taxonomy":"post_tag","embeddable":true,"href":"https:\/\/www.ladislavjakl.cz\/index.php?rest_route=%2Fwp%2Fv2%2Ftags&post=718"}],"curies":[{"name":"wp","href":"https:\/\/api.w.org\/{rel}","templated":true}]}}