{"id":7195,"date":"2016-09-08T08:42:12","date_gmt":"2016-09-08T06:42:12","guid":{"rendered":"http:\/\/www.ladislavjakl.cz\/?p=7195"},"modified":"2016-09-08T08:42:12","modified_gmt":"2016-09-08T06:42:12","slug":"jakl-pro-viposobnosti-czbudu-volit-trumpa-gott-je-ikonaale","status":"publish","type":"post","link":"https:\/\/www.ladislavjakl.cz\/?p=7195","title":{"rendered":"Jakl pro Viposobnosti.cz:Budu volit Trumpa! Gott je ikona,ale&#8230;"},"content":{"rendered":"<p>Novin\u00e1\u0159, muzikant a b\u00fdval\u00fd tajemn\u00edk V\u00e1clava Klause je jedn\u00edm z m\u00e1la odborn\u00edk\u016f v oblasti m\u00e9di\u00ed, kter\u00fd je schopen komentovat a odhadnout medi\u00e1ln\u00ed propagandu. Jak zat\u0159esou americk\u00e9 volby s majitelem TV NOVA, pro\u010d nikdy zcela nezmiz\u00ed Pra\u017esk\u00e1 kav\u00e1rna, o co by se m\u011bli lid\u00e9 op\u0159\u00edt a jak vn\u00edm\u00e1 Ladislav Jakl medi\u00e1ln\u00ed ikony?<\/p>\n<p><!--more--><\/p>\n<p><strong>Pane Jakle, vy st\u00e1le sledujete politick\u00e9 d\u011bn\u00ed nejen u n\u00e1s, ale tak\u00e9 ve sv\u011bt\u011b. Jak vn\u00edm\u00e1te propad Merkelov\u00e9 a nastupuj\u00edc\u00ed stranu Alternativa pro N\u011bmecko?<\/strong><\/p>\n<p>\u0158et\u011bz ne\u00fasp\u011bch\u016f n\u011bmeck\u00e9 vl\u00e1dn\u00ed strany CDU v\u00a0jednotliv\u00fdch zemsk\u00fdch volb\u00e1ch je posledn\u00ed rok trval\u00fdm, opakuj\u00edc\u00edm se jevem. Je projevem nespokojenosti v\u00fdznamn\u00e9 \u010d\u00e1sti n\u011bmeck\u00fdch voli\u010d\u016f ne pouze s\u00a0organizovan\u00fdm masov\u00fdm transportem ileg\u00e1ln\u00edch p\u0159ist\u011bhovalc\u016f p\u0159ev\u00e1\u017en\u011b z\u00a0Ar\u00e1bie, ale tak\u00e9 s\u00a0nehybnost\u00ed n\u011bmeck\u00e9 politick\u00e9 sc\u00e9ny, kde se u\u017e od v\u00e1lky st\u0159\u00eddaj\u00ed pouze dv\u011b velmi podobn\u00e9 strany (n\u011bkdy se dokonce nest\u0159\u00eddaj\u00ed a vl\u00e1dnou pospolu), svobodn\u00e1 ve\u0159ejn\u00e1 diskuse a politick\u00e1 sout\u011b\u017e t\u00e9m\u011b\u0159 neexistuj\u00ed a jak\u00fdkoli protest proti nehybn\u00fdm pom\u011br\u016fm b\u00fdv\u00e1 vyd\u00e1v\u00e1n za extremismus a jako takov\u00fd potla\u010dov\u00e1n.<\/p>\n<p>V\u00fdsledky AfD jsou dobrou zpr\u00e1vou pro N\u011bmce, \u017ee se kone\u010dn\u011b n\u011bco d\u011bje, \u017ee k\u00a0dosavadn\u00edmu nehybn\u00e9mu uspo\u0159\u00e1d\u00e1n\u00ed m\u016f\u017ee existovat alternativa. Je to i sign\u00e1l pro ve\u0159ejnost dal\u0161\u00edch zem\u00ed EU, \u017ee m\u00e1 smysl se proti bruselsk\u00e9 vrchnosti bou\u0159it a n\u011bjak se organizovat. Mocensk\u00fd v\u00fdznam ale tyto zemsk\u00e9 volby zat\u00edm nemaj\u00ed, proto\u017ee AfD je tak stra\u0161liv\u011b pomlouv\u00e1na v\u00a0m\u00e9di\u00edch, \u017ee se nikdo neodv\u00e1\u017e\u00ed j\u00edt s\u00a0n\u00ed do koalice. Vl\u00e1dnouc\u00ed strany ale vid\u00ed, \u017ee pokud necht\u011bj\u00ed v\u00a0ka\u017ed\u00fdch dal\u0161\u00edch volb\u00e1ch p\u0159ich\u00e1zet o dal\u0161\u00ed a dal\u0161\u00ed voli\u010de, musej\u00ed na sv\u00e9 politice alespo\u0148 n\u011bco zm\u011bnit, dosud m\u011bly\u00a0pocit, \u017ee na n\u011bmeck\u00e9m voli\u010di mohou bez obav \u0161t\u00edpat d\u0159\u00edv\u00ed.<\/p>\n<p><strong>Bl\u00ed\u017e\u00ed se americk\u00e9 volby. Jak\u00fd o\u010dek\u00e1v\u00e1te v\u00fdsledek a kdo se podle v\u00e1s stane jejich v\u00edt\u011bzem?<\/strong><\/p>\n<p>Co j\u00e1 o\u010dek\u00e1v\u00e1m, nen\u00ed moc podstatn\u00e9. J\u00e1 jsem odjak\u017eiva sp\u00ed\u0161e pesimistou, rad\u011bji b\u00fdv\u00e1m p\u0159\u00edjemn\u011b p\u0159ekvapen, ne\u017e zklam\u00e1n ve sv\u00fdch nere\u00e1ln\u00fdch o\u010dek\u00e1v\u00e1n\u00edch. Rozhodn\u011b ale fand\u00edm Donaldu Trumpovi, a to nejen proto, \u017ee m\u00e1 bl\u00edzko k\u00a0\u010cesku, jeho d\u011bti sem jezd\u00ed za babi\u010dkou a on s\u00e1m je tu mnohokr\u00e1t nav\u0161t\u00edvil nebo vyzved\u00e1val. V\u00a0tom bychom to m\u011bli jist\u011b dobr\u00e9.<\/p>\n<p>Hlavn\u011b si ale mysl\u00edm, \u017ee navzdory \u0161\u00edlen\u00e9 kampani, kter\u00e1 se proti n\u011bmu vede, jen on je nad\u011bj\u00ed na zm\u011bnu sou\u010dasn\u00e9ho tragick\u00e9ho trendu americk\u00e9 politiky, zat\u00edmco jeho konkurentka, kter\u00e1 chce pokra\u010dovat v\u00a0m\u00f3d\u011b americk\u00fdch prezidentsk\u00fdch dynasti\u00ed, zn\u00e1 na dom\u00e1c\u00ed sc\u00e9n\u011b jedin\u00fd recept: dal\u0161\u00ed regulace a st\u00e1tn\u00ed z\u00e1sahy. A v\u00a0t\u00e9 zahrani\u010dn\u00ed si d\u00e1l chce nezodpov\u011bdn\u011b hr\u00e1t na sv\u011btov\u00e9ho \u010detn\u00edka. Trump chce vr\u00e1tit politiku bl\u00ed\u017ee k\u00a0lidem, od kter\u00fdch se v\u00a0posledn\u00edch dek\u00e1d\u00e1ch tolik vzd\u00e1lila.<\/p>\n<p><strong>Pom\u016f\u017ee Trumpovo v\u00edt\u011bzstv\u00ed k rozpadu Pra\u017esk\u00e9 kav\u00e1rny, kter\u00e1 je dlouhodob\u011b jedn\u00edm z vlivn\u00fdch roze\u0161tv\u00e1va\u010d\u016f?<\/strong><\/p>\n<p>To, \u010demu nyn\u00ed \u0159\u00edk\u00e1me Pra\u017esk\u00e1 kav\u00e1rna, a d\u0159\u00edve to existovalo v\u00a0r\u016fzn\u00fdch podob\u00e1ch a pod r\u016fzn\u00fdm n\u00e1zvem, se nerozpadne nikdy. Je to v\u011b\u010dn\u00e9, stejn\u011b jako lidsk\u00e1 nad\u0159azenost, elit\u00e1\u0159stv\u00ed, p\u00fdcha, pohrd\u00e1n\u00ed druh\u00fdmi, p\u0159ece\u0148ov\u00e1n\u00ed vlastn\u00ed d\u016fle\u017eitosti, snaha \u017e\u00edt na \u00fakor druh\u00fdch a hlavn\u011b nutk\u00e1n\u00ed diktovat ostatn\u00edm, jak maj\u00ed \u017e\u00edt, proto\u017ee tito \u201ekav\u00e1rn\u00edci\u201c p\u0159ece nejl\u00e9pe v\u011bd\u00ed, co je pro ka\u017ed\u00e9ho dobr\u00e9, dokonce l\u00e9pe, ne\u017e to v\u00ed s\u00e1m doty\u010dn\u00fd. Proto je\u00a0podle \u201ekav\u00e1rny\u201c\u00a0t\u0159eba se k\u00a0lidem chovat jako k\u00a0nesv\u00e9pr\u00e1vn\u00fdm a vz\u00edt jim ve\u0161kerou svobodu a mo\u017enost rozhodov\u00e1n\u00ed o sv\u00e9m osudu.<\/p>\n<p>Trumpovo v\u00edt\u011bzstv\u00ed by ale nepochybn\u011b znamenalo cosi jako kopnut\u00ed do kurn\u00edku, pod\u011b\u0161en\u00e9 kvok\u00e1n\u00ed se jist\u011b rozline krajem. Byla by to hezk\u00e1 hudba. Ale je\u0161t\u011b hez\u010d\u00ed by bylo pozorovat tu \u010d\u00e1st \u201ekav\u00e1rn\u00edk\u016f\u201c, kte\u0159\u00ed jsou napojeni na r\u016fzn\u00e9 americk\u00e9 fondy, jak se budou najednou tv\u00e1\u0159it jako nejv\u011bt\u0161\u00ed Trumpovi vrtichvostov\u00e9.<\/p>\n<p><strong>Na\u0161e m\u00e9dia kadid\u00e1t\u016fm na prezidenta\u00a0v\u011bnuj\u00ed p\u0159\u00edli\u0161 velkou pozornost. V\u0161e je c\u00edlen\u011b vedeno proti Trumpovi. Jak tento fakt vn\u00edm\u00e1te a jak\u00e9 dopady, nejen politick\u00e9, ale tak\u00e9 ekonomick\u00e9 tyto volby celosv\u011btov\u011b p\u0159inesou?<\/strong><\/p>\n<p>Zn\u00e1m v\u00fdhrady mnoh\u00fdch americk\u00fdch, ale i \u010desk\u00fdch libertari\u00e1n\u016f v\u016f\u010di Trumpovi a v\u00a0mnoh\u00e9m jim d\u00e1v\u00e1m za pravdu. S\u00a0jeho ochran\u00e1\u0159sk\u00fdmi recepty nesouhlas\u00edm. Jen\u017ee pokud pro n\u011b nen\u00ed lidsk\u00e1 svoboda jen u\u010debnicovou fr\u00e1z\u00ed, m\u011bli by i tito lid\u00e9 v\u011bd\u011bt, \u017ee \u017eijeme v\u00a0dob\u011b akutn\u011bj\u0161\u00edch t\u00e9mat, ne\u017e je v\u00fd\u0161e dan\u00ed a dovozn\u00edch cel. \u017dijeme v\u00a0dob\u011b mo\u017en\u00e1 posledn\u00ed \u0161ance vyrvat n\u00e1\u0161 sv\u011bt z\u00a0rukou soci\u00e1ln\u00edch in\u017een\u00fdr\u016f a \u201eglob\u00e1ln\u00edch \u0161achist\u016f\u201c a vr\u00e1tit ho lidem. Ti pak budou teprve moci rozhodovat, jestli cht\u011bj\u00ed v\u00edce trhu, nebo socialismu.<\/p>\n<p>Dnes k\u00a0takov\u00e9mu rozhodov\u00e1n\u00ed ani nejsou p\u0159ipu\u0161t\u011bni. Pokud by Trump Amerikou zat\u0159\u00e1sl, byli by k\u00a0n\u011bmu ur\u010dit\u011b mnohem bl\u00ed\u017ee. A ur\u010dit\u011b by potom do\u0161lo i na ekonomick\u00e9 uvoln\u011bn\u00ed. Politika jeho konkurentky je kombinac\u00ed lacin\u00fdch socialistick\u00fdch slib\u016f a poslu\u0161n\u00e9ho pln\u011bn\u00ed p\u0159\u00edkaz\u016f siln\u00fdch z\u00e1jmov\u00fdch skupin. R\u00e1d bych k\u00a0tomu ale dodal, \u017ee m\u011b zar\u00e1\u017e\u00ed zu\u0159ivost na\u0161ich m\u00e9di\u00ed v\u00a0ur\u00e1\u017eliv\u00e9 kampani v\u016f\u010di Trumpovi. Jako kdyby se prezident USA volil u n\u00e1s. Sp\u00ed\u0161e tou kampan\u00ed vedou dom\u00e1c\u00ed v\u00e1lku proti n\u00e1m v\u0161em, kdo poslu\u0161n\u011b nenad\u00e1v\u00e1me na Trumpa jako na nejv\u011bt\u0161\u00ed hrozbu lidstvu.<\/p>\n<p><strong>Mluv\u00ed se o tom, \u017ee to maj\u00ed \u010desk\u00e1 m\u00e9dia dan\u00e1 &#8222;befelem&#8220; od americk\u00e9ho velvyslance v \u010cesku. Pota\u017emo je jejich c\u00edlem roze\u0161tvat \u010deskou politickou sc\u00e9nu, lidi, kte\u0159\u00ed tak naskakuj\u00ed na medi\u00e1ln\u00ed kli\u0161\u00e9?<\/strong><\/p>\n<p>Ned\u011bl\u00e1m si iluzi o panu Schapirovi, do dom\u00e1c\u00ed spole\u010densk\u00e9 i politick\u00e9 sc\u00e9ny zasahuje mnohem v\u00edce, ne\u017e se na ambasadora ciz\u00ed zem\u011b slu\u0161\u00ed. Ale tady mysl\u00edm, \u017ee si na\u0161e m\u00e9dia vysta\u010d\u00ed se svou averz\u00ed sama. Je v\u00a0tom i jejich lenost, p\u0159eb\u00edraj\u00ed nastojato \u010dl\u00e1nky z\u00a0p\u00e1r hlavn\u00edch americk\u00fdch agentur, kter\u00e9 jsou ovl\u00e1d\u00e1ny intelektu\u00e1ln\u00ed levic\u00ed. U televize Nova bych ale \u010dekal v\u011bt\u0161\u00ed zdr\u017eenlivost, pokud volby vyhraje Trump, bude muset jej\u00ed americk\u00fd majitel vybrat hodn\u011b ostrou zat\u00e1\u010dku.<\/p>\n<p><strong>Poj\u010fme na dom\u00e1c\u00ed sc\u00e9nu. U n\u00e1s se v \u0159\u00edjnu konaj\u00ed krajsk\u00e9 volby. P\u0159inesou podle v\u00e1s, n\u011bjakou z\u00e1sadn\u00ed zm\u011bnu, nebo bude jako doposud v\u0161e &#8222;Babi\u0161ovo&#8220;?<\/strong><\/p>\n<p>Zm\u011bnu moc nep\u0159inesou a Babi\u0161 v\u00a0nich ur\u010dit\u011b je\u0161t\u011b pos\u00edl\u00ed. V\u00edce m\u011b ale tr\u00e1p\u00ed n\u011bco jin\u00e9ho. To, jak se u\u017e po n\u011bkolik\u00e1t\u00e9 z\u00a0volebn\u00ed kampan\u011b pro volby do krajsk\u00fdch zastupitelstev d\u011bl\u00e1 souhrn technik\u00e1li\u00ed, jako kdyby na krajsk\u00e9 \u00farovni v\u016fbec ne\u0161lo o my\u0161lenky, o postoje, o politiku. Asi si m\u00e1me myslet, \u017ee politiku budou za n\u00e1s d\u011blat v\u00a0Bruselu a my zde budeme rozhodovat jen o tom, jestli linka autobus\u016f povede tudy a ne tamtudy.<\/p>\n<p><strong>S jak\u00fdmi n\u00e1vrhy by musely strany p\u0159ij\u00edt, aby mohly nejen vyhr\u00e1t, ale tak\u00e9 sv\u00e9 proklamace a sliby i splnit?<\/strong><\/p>\n<p>Na krajsk\u00e9 \u00farovni se nerozhoduje o dan\u00edch, ale rozhoduje se o tom, jak utratit docela dost pen\u011bz. A tyto pen\u00edze jsou \u010dasto vynakl\u00e1d\u00e1ny na uspokojov\u00e1n\u00ed n\u00e1tlakov\u00fdch skupin nebo na fu\u0161ov\u00e1n\u00ed do oblast\u00ed, kde maj\u00ed p\u016fsobit jen soukrom\u00e9 aktivity. V\u011b\u0159\u00edm, \u017ee by lid\u00e9 ocenili, kdyby je jak\u00fdkoli er\u00e1r, tedy i kraj, nenutil, jak maj\u00ed \u017e\u00edt, a staral se v\u00fdhradn\u011b o v\u011bci, kter\u00e9 p\u0159\u00edslu\u0161ej\u00ed ve\u0159ejn\u00e9mu sektoru. Nap\u0159\u00edklad o infrastrukturu.<\/p>\n<p><img loading=\"lazy\" decoding=\"async\" src=\"https:\/\/www.viposobnosti.eu\/obrazek\/2\/gott-klaus\/\" alt=\"\" width=\"460\" height=\"294\" \/><\/p>\n<p>Foto: Karel Gott a V\u00e1clav Klaus p\u0159i p\u0159evzet\u00ed mediale Za z\u00e1sluhy. Rok 2009<\/p>\n<p><strong>Jak vn\u00edm\u00e1te, jako b\u00fdval\u00fd tajemn\u00edk prezidenta V\u00e1clava Klause, s odstupem \u010dasu d\u011bn\u00ed na Hrad\u011b. Souhlas\u00edte nap\u0159\u00edklad s n\u00e1vrhem Milo\u0161e Zemana o nutnosti ozbrojen\u00ed lid\u00ed?<\/strong><\/p>\n<p>S\u00a0mnoh\u00fdmi v\u011bcmi v\u00a0politice sou\u010dasn\u00e9ho prezidenta souhlas\u00edm, s\u00a0mnoh\u00fdmi v\u016fbec ne. Ale kdy\u017e u\u017e se pt\u00e1te na tuto konkr\u00e9tn\u00ed v\u011bc, nemysl\u00edm, \u017ee m\u00e1 st\u00e1t n\u011bjak organizovat ozbrojov\u00e1n\u00ed lid\u00ed. Posta\u010d\u00ed, kdy\u017e odm\u00edtne sou\u010dasn\u00e9 bruselsk\u00e9 trendy sm\u011brem k\u00a0omezov\u00e1n\u00ed pr\u00e1v na dr\u017een\u00ed zbran\u011b.<\/p>\n<p>Nem\u00e1m r\u00e1d sil\u00e1ck\u00e9 m\u00e1v\u00e1n\u00ed pistol\u00ed p\u0159i ka\u017ed\u00e9m konfliktu, ale jsem si jist, \u017ee t\u0159eba trag\u00e9dii v\u00a0Uhersk\u00e9m Brod\u011b nezp\u016fsobilo p\u0159\u00edli\u0161n\u00e9 mno\u017estv\u00ed zbran\u00ed mezi lidmi. Naopak, ob\u011bt\u00ed mohlo b\u00fdt podle mne mnohem m\u00e9n\u011b, kdyby v\u00a0on\u00e9 restauraci bylo o jednu zbra\u0148 v\u00edc.<\/p>\n<p><strong>Kam n\u00e1s zav\u00e1d\u00ed sou\u010dasn\u00e9 celosv\u011btov\u00e9 d\u011bn\u00ed? V m\u00e9di\u00edch se p\u00ed\u0161e mnoh\u00e9, ale \u010demu by m\u011bli lid\u00e9 v\u011b\u0159it? O co, resp. o koho by se m\u011bli op\u0159\u00edt tak, aby na\u0161li pot\u0159ebnou stabilitu, kterou jim nejen na\u0161i politici nejsou schopni nab\u00eddnout?<\/strong><\/p>\n<p>To je velmi \u0161irok\u00e1 ot\u00e1zka, sp\u00ed\u0161e na knihu. Lid\u00e9 by p\u0159edev\u0161\u00edm m\u011bli v\u00edce v\u011b\u0159it sv\u00e9 \u017eivotn\u00ed zku\u0161enosti a m\u00e9n\u011b medi\u00e1ln\u00ed propagand\u011b. M\u011bli by se op\u0159\u00edt o mezilidskou pospolitost, o star\u00e9 dobr\u00e9 osv\u011bd\u010den\u00e9 hodnoty a tradice. A nedat si je zpochybnit kdejak\u00fdm m\u00f3dn\u00edm trendem.<\/p>\n<p><strong>Pr\u00e1v\u011b ty hodnoty a tradice mn\u011b tady n\u011bjak chyb\u00ed. Po stalet\u00ed m\u011bly pr\u00e1v\u011b ten v\u00fdznam, aby lidi spojovaly. Nejsou rozb\u00edjeny nejen medi\u00e1ln\u011b c\u00edlen\u011b tak, aby se dalo s lidmi (masou) l\u00e9pe manipulovat?<\/strong><\/p>\n<p>Ale jist\u011b\u017ee jsou, n\u011bkdy i otev\u0159en\u011b. Jsou hlavn\u00ed p\u0159ek\u00e1\u017ekou pro lidi, kte\u0159\u00ed by z\u00a0cel\u00e9 spole\u010dnosti cht\u011bli ud\u011blat snadno ovladatelnou masu bez vlastn\u00edch z\u00e1sad a ko\u0159en\u016f. Tito lid\u00ed dnes ovl\u00e1daj\u00ed Evropskou unii. I na\u0161i politickou sc\u00e9nu.<\/p>\n<p><strong>Lidem chyb\u00ed opravdov\u00e9 elity, kter\u00fdch by si lid\u00e9 v\u00e1\u017eily a respektovaly je. Tady m\u011b napad\u00e1 mo\u017en\u00e1 vzd\u00e1len\u00fd p\u0159\u00edm\u011br. Te\u010f se vrac\u00ed na p\u00f3dia po t\u011b\u017ek\u00e9 nemoci Karel Gott. Ten je st\u00e1le ikonou ur\u010dit\u00e9 \u010d\u00e1sti n\u00e1roda. Nenahrazuje tady pr\u00e1v\u011b on tu pospolitost a ty spr\u00e1vn\u00e9 vzory?<\/strong><\/p>\n<p>Vzory nejde lidem vnucovat. Ty celon\u00e1rodn\u00ed mus\u00ed m\u00edt v\u00a0sob\u011b jistou univerzalitu, mus\u00ed b\u00fdt \u00a0p\u0159ijateln\u00e9 obecn\u011b a n\u00e9st \u0161ir\u0161\u00ed spole\u010densk\u00e9 sd\u011blen\u00ed. Ale \u00fapln\u011b nejlep\u0161\u00ed je, kdy\u017e si lid\u00e9 hledaj\u00ed vzory ve sv\u00e9m okol\u00ed, v\u00a0lidech, kter\u00e9 znaj\u00ed, kte\u0159\u00ed se jim osv\u011bd\u010dili. Ne v\u00a0medi\u00e1ln\u00edch ikon\u00e1ch. Takov\u00e9 ikony m\u016f\u017eou b\u00fdt lidem vym\u011bn\u011bny ze dne na den.<\/p>\n<p>Foto: VIPosobnosti.cz<\/p>\n<p><a href=\"https:\/\/www.viposobnosti.eu\/inpage\/jakl-pro-viposobnosti-cz-budu-volit-trumpa-gott-je-ikona-ale\/\" target=\"_blank\">Zdroj<\/a><\/p>\n","protected":false},"excerpt":{"rendered":"<p>Novin\u00e1\u0159, muzikant a b\u00fdval\u00fd tajemn\u00edk V\u00e1clava Klause je jedn\u00edm z m\u00e1la odborn\u00edk\u016f v oblasti m\u00e9di\u00ed, kter\u00fd je schopen komentovat a odhadnout medi\u00e1ln\u00ed propagandu. Jak zat\u0159esou americk\u00e9 volby s majitelem TV NOVA, pro\u010d nikdy zcela nezmiz\u00ed Pra\u017esk\u00e1 kav\u00e1rna, o co by se m\u011bli lid\u00e9 op\u0159\u00edt a jak vn\u00edm\u00e1 Ladislav Jakl medi\u00e1ln\u00ed ikony?<\/p>\n","protected":false},"author":1,"featured_media":0,"comment_status":"open","ping_status":"open","sticky":false,"template":"","format":"standard","meta":{"ngg_post_thumbnail":0,"footnotes":""},"categories":[13],"tags":[],"class_list":["post-7195","post","type-post","status-publish","format-standard","hentry","category-rozhovory"],"_links":{"self":[{"href":"https:\/\/www.ladislavjakl.cz\/index.php?rest_route=\/wp\/v2\/posts\/7195","targetHints":{"allow":["GET"]}}],"collection":[{"href":"https:\/\/www.ladislavjakl.cz\/index.php?rest_route=\/wp\/v2\/posts"}],"about":[{"href":"https:\/\/www.ladislavjakl.cz\/index.php?rest_route=\/wp\/v2\/types\/post"}],"author":[{"embeddable":true,"href":"https:\/\/www.ladislavjakl.cz\/index.php?rest_route=\/wp\/v2\/users\/1"}],"replies":[{"embeddable":true,"href":"https:\/\/www.ladislavjakl.cz\/index.php?rest_route=%2Fwp%2Fv2%2Fcomments&post=7195"}],"version-history":[{"count":1,"href":"https:\/\/www.ladislavjakl.cz\/index.php?rest_route=\/wp\/v2\/posts\/7195\/revisions"}],"predecessor-version":[{"id":7196,"href":"https:\/\/www.ladislavjakl.cz\/index.php?rest_route=\/wp\/v2\/posts\/7195\/revisions\/7196"}],"wp:attachment":[{"href":"https:\/\/www.ladislavjakl.cz\/index.php?rest_route=%2Fwp%2Fv2%2Fmedia&parent=7195"}],"wp:term":[{"taxonomy":"category","embeddable":true,"href":"https:\/\/www.ladislavjakl.cz\/index.php?rest_route=%2Fwp%2Fv2%2Fcategories&post=7195"},{"taxonomy":"post_tag","embeddable":true,"href":"https:\/\/www.ladislavjakl.cz\/index.php?rest_route=%2Fwp%2Fv2%2Ftags&post=7195"}],"curies":[{"name":"wp","href":"https:\/\/api.w.org\/{rel}","templated":true}]}}