{"id":721,"date":"2010-12-10T09:45:57","date_gmt":"2010-12-10T08:45:57","guid":{"rendered":"http:\/\/www.ladislavjakl.cz\/?p=721"},"modified":"2010-12-10T09:45:57","modified_gmt":"2010-12-10T08:45:57","slug":"boj-o-prahu-pravda-a-laska-proti-lzi-a-nenavisti","status":"publish","type":"post","link":"https:\/\/www.ladislavjakl.cz\/?p=721","title":{"rendered":"Boj o Prahu: Pravda a l\u00e1ska proti l\u017ei a nen\u00e1visti?"},"content":{"rendered":"<p>Napsal mi kamar\u00e1d Vl\u00e1\u010fa Ko\u0161\u00e1rek z\u00a0Kutn\u00e9 Hory tuhle SMS, zrovna ve chv\u00edli, kdy dav \u00fato\u010dil na pra\u017eskou radnici: <em>\u201eHor\u0161\u00ed sc\u00e9n\u00e1\u0159 si Havel nemohl ani p\u0159edstavit, zneuznan\u00fd g\u00e9nius a \u0159editel sv\u011bta v\u00a0\u010dele hulv\u00e1t\u016f a v\u00fdtr\u017en\u00edk\u016f demonstruje na magistr\u00e1tu proti naprosto regul\u00e9rn\u00edmu zased\u00e1n\u00ed na z\u00e1klad\u011b v\u00fdsledku standardn\u00edho demokratick\u00e9ho vyjedn\u00e1v\u00e1n\u00ed politick\u00fdch stran. To jsi vymyslel Ty, ho vl\u00e1kat do pasti?\u201c<\/em><\/p>\n<p><em><!--more--><br \/>\n<\/em><\/p>\n<p>Odpov\u011bd\u011bl jsem mu, \u017ee nevymyslel, \u017ee na to si pan V\u00e1clav Havel sta\u010dil s\u00e1m. Ale ten sc\u00e9n\u00e1\u0159 byl opravdu pro mocensk\u00e9 a z\u00e1jmov\u00e9 uskupen\u00ed havlovc\u016f (omlouv\u00e1m se za tento zjednodu\u0161en\u00fd pojem) velmi tragick\u00fd. \u017de koalice ODS a \u010cSSD na pra\u017esk\u00e9 radnici leckomu zk\u0159\u00ed\u017eila pl\u00e1ny, je evidentn\u00ed. \u017de leckdo si p\u0159\u00e1l jin\u00e9 politick\u00e9 \u0159e\u0161en\u00ed a toto se mu nel\u00edb\u00ed, je zcela norm\u00e1ln\u00ed a legitimn\u00ed, stejn\u011b jako projevovat takov\u00fd n\u00e1zor i formou protestu. Jen\u017ee protest se svou argumentac\u00ed a pak i pr\u016fb\u011bhem demonstrace vymkl z\u00a0rukou a obr\u00e1til se proti inici\u00e1tor\u016fm v\u00a0pozad\u00ed. Jednak to \u00fato\u010dn\u00edci na sch\u016fzi pra\u017esk\u00e9ho zastupitelstva p\u0159est\u0159elili, svou agresivitu p\u0159ehnali a t\u00edm ztratili podporu zna\u010dn\u00e9 \u010d\u00e1sti ve\u0159ejnosti, kter\u00e1 si tak\u00e9 p\u0159\u00e1la jin\u00e9 uspo\u0159\u00e1d\u00e1n\u00ed radnice. A jednak t\u00edm, \u017ee havlist\u00e9 tento protest tak okat\u011b adoptovali (jak p\u0159\u00edslu\u0161nou petici tak n\u00e1siln\u00e9 vniknut\u00ed do zasedac\u00ed s\u00edn\u011b), p\u0159i\u0161el o podporu dal\u0161\u00ed zna\u010dn\u00e9 \u010d\u00e1sti ve\u0159ejnosti, kter\u00e1 pro nesouhlas m\u011bla jin\u00e9 motivy ne\u017e pom\u00e1hat pravd\u011b a l\u00e1sce.<\/p>\n<p>Nejv\u00edce na t\u00e9to protestn\u00ed akci prod\u011blala TOP 09. Nejen\u017ee nebyla schopna vyjednat pro sebe v\u00fdhodn\u011bj\u0161\u00ed uspo\u0159\u00e1d\u00e1n\u00ed (proto\u017ee sv\u00e9 partnery pouze tla\u010dila ke zdi, jista si t\u00edm, \u017ee oni nebudou schopni postavit se tlaku m\u00e9di\u00ed), ale je\u0161t\u011b se reakc\u00ed na vznik koalice vyprofilovala jako jeden z\u00a0dal\u0161\u00edch havlistick\u00fdch projekt\u016f. Jsem si jist, \u017ee mnoho \u010dlen\u016f, aktivist\u016f, kandid\u00e1t\u016f i podporovatel\u016f TOP 09 se anga\u017eovalo v\u00a0prosp\u011bch t\u00e9to strany, proto\u017ee uv\u011b\u0159ilo, \u017ee tentokr\u00e1t jde o tu pravou pravici, d\u016fslednou a ne oportunistickou jako ODS, nezapletenou do p\u0159\u00edzemn\u00edch z\u00e1jm\u016f. A najedou zjistili, \u017ee z\u00a0lodi, na kterou nastoupili a kter\u00e1 vyplula na politick\u00e9 mo\u0159e, opad\u00e1v\u00e1\u00a0 \u010derstv\u00fd n\u00e1pis TOP 09 a pod n\u00edm vystupuj\u00ed \u0161patn\u011b zamalovan\u00e1 d\u0159\u00edv\u011bj\u0161\u00ed p\u00edsmena D\u011bkujeme odejd\u011bte, Impuls 99, D\u0159ev\u00ed\u010dsk\u00e1 v\u00fdzva, L\u00edpa, Unie svobody, \u010cty\u0159koalice, \u010cesk\u00e1 televize \u2013 v\u011bc ve\u0159ejn\u00e1, Sarajevsk\u00fd atent\u00e1t\u2026 Mus\u00edm \u0159\u00edci, \u017ee tohle procitnut\u00ed mnoh\u00fdm z\u00a0pasa\u017e\u00e9r\u016f nep\u0159eji. Mo\u017en\u00e1 si dnes mysl\u00ed cosi o u\u017eite\u010dn\u00fdch idiotech.<\/p>\n<p>Nevolil jsem ve volb\u00e1ch do pra\u017esk\u00e9ho zastupitelstva \u017e\u00e1dnou ze z\u00fa\u010dastn\u011bn\u00fdch stran. Nejsem tedy \u017e\u00e1dn\u00fdm fandou ani jednoho z\u00a0mo\u017en\u00fdch uspo\u0159\u00e1d\u00e1n\u00ed. Faktem ale je, \u017ee v\u00fdsledek voleb umo\u017e\u0148oval \u010dty\u0159i zcela legitimn\u00ed varianty uspo\u0159\u00e1d\u00e1n\u00ed. Legitimn\u00ed v\u00a0tom, \u017ee v\u0161echny vych\u00e1zej\u00ed z\u00a0volebn\u00edho v\u00fdsledku, nemohou b\u00fdt jeho pop\u0159en\u00edm a hraj\u00ed pouze s\u00a0t\u00edm, co komu dali voli\u010di k dispozici. TOP 09 z\u00edskala 26 mand\u00e1t\u016f, ODS 20, \u010cSSD 14 a KS\u010c 3. Komunisty klidn\u011b m\u016f\u017eeme vynechat. Ne proto, \u017ee to jsou komunisti, ale prost\u011b proto, \u017ee jejich t\u0159i hlasy nemohou znamenat \u017e\u00e1dnou zm\u011bnu povolebn\u00ed matematiky, nikdo je nepot\u0159ebuje.<\/p>\n<p>V\u00a0\u00favahu p\u0159ipadaj\u00ed p\u0159i zm\u00edn\u011bn\u00fdch po\u010dtech tyto varianty:<\/p>\n<p>1.\u00a0\u00a0\u00a0\u00a0\u00a0\u00a0\u00a0\u00a0\u00a0\u00a0\u00a0\u00a0\u00a0\u00a0\u00a0\u00a0\u00a0\u00a0 \u0160irok\u00e1 koalice TOP 09, ODS a \u010cSSD (celkem 60 mand\u00e1t\u016f).<\/p>\n<p>2.\u00a0\u00a0\u00a0\u00a0\u00a0\u00a0\u00a0\u00a0\u00a0\u00a0\u00a0\u00a0\u00a0\u00a0\u00a0\u00a0\u00a0\u00a0 Koalice TOP 09 a ODS (46).<\/p>\n<p>3.\u00a0\u00a0\u00a0\u00a0\u00a0\u00a0\u00a0\u00a0\u00a0\u00a0\u00a0\u00a0\u00a0\u00a0\u00a0\u00a0\u00a0\u00a0 Koalice TOP 09 a \u010cSSD (40).<\/p>\n<p>4.\u00a0\u00a0\u00a0\u00a0\u00a0\u00a0\u00a0\u00a0\u00a0\u00a0\u00a0\u00a0\u00a0\u00a0\u00a0\u00a0\u00a0\u00a0 Koalice ODS a \u010cSSD (34).<\/p>\n<p>Hlavn\u00ed medi\u00e1ln\u00ed proud, havlov\u0161t\u00ed intelektu\u00e1lov\u00e9 a pouli\u010dn\u00ed krav\u00e1list\u00e9 k\u0159i\u010d\u00ed, \u017ee jedna z\u00a0nich je zak\u00e1z\u00e1na. Ta \u010dtvrt\u00e1. A pro\u010d? Zde jsou jejich argumenty.<\/p>\n<p>a)\u00a0\u00a0\u00a0\u00a0\u00a0\u00a0\u00a0\u00a0\u00a0\u00a0\u00a0\u00a0\u00a0\u00a0\u00a0 <strong>Voli\u010di cht\u011bli zm\u011bnu<\/strong>. Ano, a tak\u00e9 j\u00ed dos\u00e1hly, pom\u011bry v\u00a0zastupitelstvu jsou zcela jin\u00e9 ne\u017e p\u0159ed \u010dty\u0159mi lety. ODS ji\u017e nem\u00e1 v\u011bt\u0161inu a nem\u016f\u017ee vl\u00e1dnout sama. V\u00a0zastupitelstvu ur\u010dit\u011b bude (krom\u011b varianty 1) siln\u00e1 opozice, co\u017e dosud nebylo. Voli\u010di poskytli daleko lep\u0161\u00ed pozici \u010cSSD, bez kter\u00e9 se nemohou uskute\u010dnit t\u0159i ze \u010dty\u0159 variant, z\u00a0nich\u017e jedna nakonec uskute\u010dn\u011bna byla a narozd\u00edl od minul\u00e9ho obdob\u00ed dostala \u010cSSD do rady. A nakonec poprv\u00e9 v\u00fdsledky umo\u017e\u0148ovaly i variantu rady bez ODS. Umo\u017e\u0148ovaly, ne na\u0159izovaly.<\/p>\n<p>b)\u00a0\u00a0\u00a0\u00a0\u00a0\u00a0\u00a0\u00a0\u00a0\u00a0\u00a0\u00a0\u00a0\u00a0\u00a0 <strong>V\u00edt\u011bzn\u00e1 strana m\u00e1 n\u00e1rok na prim\u00e1tora a z\u00e1sadn\u00ed pozice v\u00a0rad\u011b<\/strong>. Pak ale m\u011bli tit\u00ed\u017e demonstranti protestovat proti jarn\u00edmu vy\u0161achov\u00e1n\u00ed v\u00edt\u011bze sn\u011bmovn\u00edch voleb Ji\u0159\u00edho Paroubka z\u00a0koalice. To jim ale nevadilo, naopak vl\u00e1da pora\u017een\u00fdch se jim zd\u00e1 spr\u00e1vn\u00e1. Stejn\u00ed lid\u00e9 protestovali v\u00a0roce 1998 proto tomu, aby vl\u00e1dl v\u00edt\u011bz voleb &#8211; \u010cSSD &#8211; a po\u017eadovali vl\u00e1du pora\u017een\u00fdch &#8211; ODS, KDU-\u010cSL a US.<\/p>\n<p>c)\u00a0\u00a0\u00a0\u00a0\u00a0\u00a0\u00a0\u00a0\u00a0\u00a0\u00a0\u00a0\u00a0\u00a0\u00a0\u00a0 <strong>Varianta 4 m\u00e1 korup\u010dn\u00ed potenci\u00e1l<\/strong>. Kouzeln\u00e1 slova. A kter\u00e1 varianta ho nem\u00e1?<\/p>\n<p>d)\u00a0\u00a0\u00a0\u00a0\u00a0\u00a0\u00a0\u00a0\u00a0\u00a0\u00a0\u00a0\u00a0\u00a0\u00a0 <strong>Tato koalice spojuje nejv\u011bt\u0161\u00ed ideov\u00e9 oponenty<\/strong> a rivaly z\u00a0kampan\u011b. Je zaj\u00edmav\u00e9, \u017ee s\u00a0touto my\u0161lenkou p\u0159ich\u00e1zej\u00ed ti, co n\u00e1m l\u00e9ta tvrd\u00ed, \u017ee pravolev\u00fd politick\u00fd koncept je p\u0159e\u017eil\u00fd a \u017ee na komun\u00e1ln\u00ed \u00farovni se ned\u011bl\u00e1 politika ale p\u0159ece to konkr\u00e9tn\u00ed dobro pro lidi a stranick\u00e9 dresy jsou tam tedy zcela ned\u016fle\u017eit\u00e9. Ano, varianta 4 znamen\u00e1 slo\u017eit\u00fd kompromis m\u00e1lo kompatibiln\u00edch program\u016f, ale to ostatn\u00ed varianty mo\u017en\u00e1 je\u0161t\u011b siln\u011bji: TOP 09 se v\u00a0pra\u017esk\u00e9 kampani vymezovala nejv\u00edc proti ODS a ve vl\u00e1d\u011b zase proti \u010cSSD. Jej\u00ed spojen\u00ed s\u00a0n\u011bkter\u00fdm \u201enep\u0159\u00edtelem\u201c by nevadilo?<\/p>\n<p>Varianta 4 je prost\u011b stejn\u011b legitimn\u00ed jako ostatn\u00ed t\u0159i. Pokud tedy nebudeme rozli\u0161ovat jejich legitimitu, m\u016f\u017eeme je rozli\u0161ovat podle v\u00fdhodnosti \u010di nev\u00fdhodnosti pro jednotliv\u00e9 akt\u00e9ry.<\/p>\n<p>1.\u00a0\u00a0\u00a0\u00a0\u00a0\u00a0\u00a0\u00a0\u00a0\u00a0\u00a0\u00a0\u00a0\u00a0\u00a0\u00a0\u00a0\u00a0\u00a0\u00a0\u00a0\u00a0\u00a0\u00a0\u00a0\u00a0 Varianta 1 sice d\u00e1v\u00e1 dohromady nejv\u011bt\u0161\u00ed s\u00edlu, nev\u00fdhodn\u00e1 je ale pro v\u0161echny akt\u00e9ry, proto\u017ee o m\u00edsta v\u00a0rad\u011b se musej\u00ed pod\u011blit t\u0159i a ne dv\u011b strany. Pod\u00edl ka\u017ed\u00e9 z\u00a0nich bude tedy men\u0161\u00ed ne\u017e p\u0159i dvojkoalici.<\/p>\n<p>2.\u00a0\u00a0\u00a0\u00a0\u00a0\u00a0\u00a0\u00a0\u00a0\u00a0\u00a0\u00a0\u00a0\u00a0\u00a0\u00a0\u00a0\u00a0\u00a0\u00a0\u00a0\u00a0\u00a0\u00a0\u00a0\u00a0 Varianta 2 je v\u00fdhodn\u00e1 pro TOP 09 a dosti nev\u00fdhodn\u00e1 pro ODS, kter\u00e1 by dostala jen men\u0161\u00ed po\u010det m\u00edst v\u00a0rad\u011b a zcela jist\u011b ne prim\u00e1tora. TOP 09 s\u00a0vlivov\u00fdmi skupinami za z\u00e1dy a s\u00a0ohromnou medi\u00e1ln\u00ed podporou by z\u00a0ODS ud\u011blala statisty, pracuj\u00edc\u00ed leda na sv\u00e9m z\u00e1niku.<\/p>\n<p>3.\u00a0\u00a0\u00a0\u00a0\u00a0\u00a0\u00a0\u00a0\u00a0\u00a0\u00a0\u00a0\u00a0\u00a0\u00a0\u00a0\u00a0\u00a0\u00a0\u00a0\u00a0\u00a0\u00a0\u00a0\u00a0\u00a0 Varianta 3 je nejv\u00fdhodn\u011bj\u0161\u00ed pro TOP 09, miz\u00ed jej\u00ed hlavn\u00ed ter\u010d v\u00a0kampani a s\u00a0po\u010detn\u011b slab\u0161\u00ed soci\u00e1ln\u00ed demokraci\u00ed z\u00edsk\u00e1 je\u0161t\u011b v\u00edce prostoru ne\u017e u varianty 2.<\/p>\n<p>4.\u00a0\u00a0\u00a0\u00a0\u00a0\u00a0\u00a0\u00a0\u00a0\u00a0\u00a0\u00a0\u00a0\u00a0\u00a0\u00a0\u00a0\u00a0\u00a0\u00a0\u00a0\u00a0\u00a0\u00a0\u00a0\u00a0 Varianta 4 je nejv\u00fdhodn\u011bj\u0161\u00ed jak pro ODS, tak pro \u010cSSD. ODS m\u016f\u017ee s\u00e1hnout po postu prim\u00e1tora a v\u011bt\u0161\u00edm zastoupen\u00edm v\u00a0rad\u011b, \u00a0\u010cSSD se slab\u0161\u00edm z\u00a0mo\u017en\u00fdch partner\u016f z\u00edsk\u00e1v\u00e1 lep\u0161\u00ed pozici. Nev\u00fdhodou tohoto uspo\u0159\u00e1d\u00e1n\u00ed je jen slab\u00e1 v\u011bt\u0161ina, co\u017e m\u016f\u017ee p\u016fsobit komplikace.<\/p>\n<p>Z\u00a0toho plyne, \u017ee pouze varianta 4 je v\u00fdhodn\u00e1 pro dva politick\u00e9 subjekty, varianta 1 pro nikoho a varianty 2 a 3 jsou v\u00fdhodn\u00e9 pouze a jen pro TOP 09. Vy\u0159e\u0161en\u00ed povolebn\u00edho r\u00e9busu na radnici je tedy docela logick\u00e9.<\/p>\n<p>Nev\u00edm, jestli bude Bohuslav Svoboda dobr\u00fdm prim\u00e1torem. A u\u017e v\u016fbec nev\u00edm, jestli koalice ODS a \u010cSSD na pra\u017esk\u00e9 radnici je \u0159e\u0161en\u00edm ide\u00e1ln\u00edm. Je to ale \u0159e\u0161en\u00ed zcela legitimn\u00ed a dokonce vlastn\u011b nejlogi\u010dt\u011bj\u0161\u00ed. Je to jedno z\u00a0mo\u017en\u00fdch uspo\u0159\u00e1d\u00e1n\u00ed, jedna z\u00a0mo\u017en\u00fdch kombinac\u00ed, kter\u00e9 volebn\u00ed v\u00fdsledek v\u00a0Praze dal. Nen\u00ed to \u201epodvod na voli\u010d\u00edch\u201c, nen\u00ed to \u201epop\u0159en\u00ed v\u00fdsledku voleb\u201c.<\/p>\n<p>Nervozita kritik\u016f ukazuje sp\u00ed\u0161e na n\u011bco jin\u00e9ho. Byl projekt TOP 09 v\u00a0Praze jedno\u00fa\u010delov\u00fdm projektem na z\u00edsk\u00e1n\u00ed zcela konkr\u00e9tn\u00edho postu pro zcela konkr\u00e9tn\u00edho \u010dlov\u011bka a na z\u00edsk\u00e1n\u00ed pozic pro konkr\u00e9tn\u00ed z\u00e1jmov\u00e9 c\u00edle? To n\u00e1m napov\u00ed p\u0159\u00ed\u0161t\u00ed m\u011bs\u00edce. D\u00edvejme se na Zde\u0148ka T\u016fmu, jak d\u016fsledn\u011b bude plnit v\u00a0zastupitelstvu roli l\u00eddra opozice. \u0160lo mu p\u0159ece o z\u00e1jmy Prahy a Pra\u017ean\u016f, ne? Nebo mu u\u017e od rezignace v\u00a0\u010cNB \u0161lo jen o jeden post a bez jeho z\u00edsk\u00e1n\u00ed ho n\u011bjak\u00e1 pra\u017esk\u00e1 politika v\u016fbec nezaj\u00edm\u00e1?<\/p>\n<p>Uvid\u00edme.<\/p>\n<p><em>Ladislav Jakl<br \/>\n<\/em><\/p>\n<p><em>Ps\u00e1no pro NL CEP <\/em><\/p>\n","protected":false},"excerpt":{"rendered":"<p>Napsal mi kamar\u00e1d Vl\u00e1\u010fa Ko\u0161\u00e1rek z\u00a0Kutn\u00e9 Hory tuhle SMS, zrovna ve chv\u00edli, kdy dav \u00fato\u010dil na pra\u017eskou radnici: \u201eHor\u0161\u00ed sc\u00e9n\u00e1\u0159 si Havel nemohl ani p\u0159edstavit, zneuznan\u00fd g\u00e9nius a \u0159editel sv\u011bta v\u00a0\u010dele hulv\u00e1t\u016f a v\u00fdtr\u017en\u00edk\u016f demonstruje na magistr\u00e1tu proti naprosto regul\u00e9rn\u00edmu zased\u00e1n\u00ed na z\u00e1klad\u011b v\u00fdsledku standardn\u00edho demokratick\u00e9ho vyjedn\u00e1v\u00e1n\u00ed politick\u00fdch stran. To jsi vymyslel Ty, ho vl\u00e1kat [&hellip;]<\/p>\n","protected":false},"author":1,"featured_media":0,"comment_status":"open","ping_status":"open","sticky":false,"template":"","format":"standard","meta":{"ngg_post_thumbnail":0,"footnotes":""},"categories":[1],"tags":[],"class_list":["post-721","post","type-post","status-publish","format-standard","hentry","category-publikovane-clanky"],"_links":{"self":[{"href":"https:\/\/www.ladislavjakl.cz\/index.php?rest_route=\/wp\/v2\/posts\/721","targetHints":{"allow":["GET"]}}],"collection":[{"href":"https:\/\/www.ladislavjakl.cz\/index.php?rest_route=\/wp\/v2\/posts"}],"about":[{"href":"https:\/\/www.ladislavjakl.cz\/index.php?rest_route=\/wp\/v2\/types\/post"}],"author":[{"embeddable":true,"href":"https:\/\/www.ladislavjakl.cz\/index.php?rest_route=\/wp\/v2\/users\/1"}],"replies":[{"embeddable":true,"href":"https:\/\/www.ladislavjakl.cz\/index.php?rest_route=%2Fwp%2Fv2%2Fcomments&post=721"}],"version-history":[{"count":2,"href":"https:\/\/www.ladislavjakl.cz\/index.php?rest_route=\/wp\/v2\/posts\/721\/revisions"}],"predecessor-version":[{"id":723,"href":"https:\/\/www.ladislavjakl.cz\/index.php?rest_route=\/wp\/v2\/posts\/721\/revisions\/723"}],"wp:attachment":[{"href":"https:\/\/www.ladislavjakl.cz\/index.php?rest_route=%2Fwp%2Fv2%2Fmedia&parent=721"}],"wp:term":[{"taxonomy":"category","embeddable":true,"href":"https:\/\/www.ladislavjakl.cz\/index.php?rest_route=%2Fwp%2Fv2%2Fcategories&post=721"},{"taxonomy":"post_tag","embeddable":true,"href":"https:\/\/www.ladislavjakl.cz\/index.php?rest_route=%2Fwp%2Fv2%2Ftags&post=721"}],"curies":[{"name":"wp","href":"https:\/\/api.w.org\/{rel}","templated":true}]}}