{"id":7218,"date":"2016-09-21T11:39:35","date_gmt":"2016-09-21T09:39:35","guid":{"rendered":"http:\/\/www.ladislavjakl.cz\/?p=7218"},"modified":"2016-09-21T11:39:35","modified_gmt":"2016-09-21T09:39:35","slug":"juncker-si-mysli-ze-ma-nejake-poslani-shury-ladislav-jakl-mu-za-to-pekne-nalozil","status":"publish","type":"post","link":"https:\/\/www.ladislavjakl.cz\/?p=7218","title":{"rendered":"Juncker si mysl\u00ed, \u017ee m\u00e1 n\u011bjak\u00e9 posl\u00e1n\u00ed sh\u016fry. Ladislav Jakl mu za to p\u011bkn\u011b nalo\u017eil"},"content":{"rendered":"<p>Nad nejnov\u011bj\u0161\u00edm projevem p\u0159edsedy Evropsk\u00e9 komise Jeana-Clauda Junckera ke stavu Evropsk\u00e9 unie se na serveru Neviditeln\u00fd pes zam\u00fd\u0161l\u00ed Ladislav Jakl z Institutu V\u00e1clava Klause.<\/p>\n<p><!--more--><\/p>\n<p>Jakl pouk\u00e1zal na to, \u017ee Juncker pova\u017euje nejednotu za p\u0159\u00ed\u010dinu krize a \u0159e\u0161en\u00ed vid\u00ed ve \u201evylep\u0161en\u00ed\u201c t\u00e9to nejednotnosti, tedy v jej\u00edm odstran\u011bn\u00ed.<\/p>\n<div id=\"AdTrackOustreamContainer\">\n<div id=\"adform-outstream-smartinsert\">\n<div id=\"adform-adbox-3gchkyvauuc\" class=\"adform-adbox adform-adbox-static adform-adbox-static-T adform-adbox-static-C adform-domevents-hover-4mq3mjy2ue\">\n<div id=\"adform-adbox-1fudns4ldy8\" class=\"adform-adbox adform-adbox-static adform-adbox-static-T adform-adbox-static-C adform-domevents-hover-3bruqr5osqg\">\n<div id=\"adform-adbox-1q710ii0z60\" class=\"adform-adbox adform-adbox-static adform-adbox-static-T adform-adbox-static-C adform-domevents-hover-a7f779rl0f\">\n<div id=\"adform-adbox-3rjg86fp0nc\" class=\"adform-adbox adform-adbox-static adform-adbox-static-T adform-adbox-static-L adform-domevents-hover-jlkqmrrnf0 adform-domevents-hover-3mdwrubnbi0 adform-domevents-click-2q6oar3fzbc\">\n<div><\/div>\n<div>\n<p>Podle Jakla ale r\u016fznost \u010dlensk\u00fdch zem\u00ed EU a r\u016fznost jejich z\u00e1jm\u016f nen\u00ed t\u00edm, co by m\u011bl vrcholn\u00fd \u00fa\u0159edn\u00edk na jeho m\u00edst\u011b \u0159e\u0161it nebo pova\u017eovat za probl\u00e9m. \u201eJe to danost, je to realita zrozen\u00e1 stalet\u00edmi v\u00fdvoje. EU nikdy nem\u011bla slou\u017eit k p\u0159ekon\u00e1n\u00ed p\u0159irozen\u00fdch rozd\u00edl\u016f a z\u00e1jm\u016f, ale ke kooperaci v t\u011bch oblastech, kde ony rozd\u00edly jsou minim\u00e1ln\u00ed nebo nulov\u00e9,\u201c p\u00ed\u0161e Jakl.<\/p>\n<p><strong>Cel\u00fd text je <a href=\"http:\/\/neviditelnypes.lidovky.cz\/evropa-za-koho-mluvi-juncker-dgh-\/p_zahranici.aspx?c=A160915_211234_p_zahranici_wag\" target=\"_blank\">ZDE<\/a><\/strong><\/p>\n<p>Lid\u00e9 jako Juncker to ale vid\u00ed jinak. \u201eMaj\u00ed p\u0159edstavu o c\u00edlov\u00e9m uspo\u0159\u00e1d\u00e1n\u00ed a svou pr\u00e1ci vid\u00ed v tla\u010den\u00ed zem\u00ed a jejich obyvatel k t\u00e9to sv\u00e9 c\u00edlov\u00e9 p\u0159edstav\u011b, ne v co nejlep\u0161\u00edm administrov\u00e1n\u00ed toho, co zem\u011b sv\u00fdm spole\u010dn\u00fdm instituc\u00edm k administrov\u00e1n\u00ed poskytnou,\u201c podot\u00fdk\u00e1 Jakl.<\/p>\n<p>Vy\u010d\u00edt\u00e1 Junckerovi, \u017ee nec\u00edt\u00ed svou roli jako pov\u011b\u0159en\u00ed od \u010dlensk\u00fdch zem\u00ed, ale jako posl\u00e1n\u00ed sh\u016fry, o kter\u00e9m m\u00e1 \u010dlensk\u00e9 zem\u011b p\u0159esv\u011bd\u010dit. \u201eTakov\u00fdm lidem by \u010dlensk\u00e9 zem\u011b sv\u00e9 pov\u011b\u0159en\u00ed m\u011bly odejmout,\u201c vyz\u00fdv\u00e1 Jakl.<\/p>\n<p><a href=\"http:\/\/www.parlamentnilisty.cz\/arena\/monitor\/Juncker-si-mysli-ze-ma-nejake-poslani-shury-Ladislav-Jakl-mu-za-to-pekne-nalozil-454199\" target=\"_blank\">Zdroj<\/a><\/p>\n<\/div>\n<\/div>\n<\/div>\n<\/div>\n<\/div>\n<\/div>\n<\/div>\n","protected":false},"excerpt":{"rendered":"<p>Nad nejnov\u011bj\u0161\u00edm projevem p\u0159edsedy Evropsk\u00e9 komise Jeana-Clauda Junckera ke stavu Evropsk\u00e9 unie se na serveru Neviditeln\u00fd pes zam\u00fd\u0161l\u00ed Ladislav Jakl z Institutu V\u00e1clava Klause.<\/p>\n","protected":false},"author":1,"featured_media":0,"comment_status":"open","ping_status":"open","sticky":false,"template":"","format":"standard","meta":{"ngg_post_thumbnail":0,"footnotes":""},"categories":[11],"tags":[],"class_list":["post-7218","post","type-post","status-publish","format-standard","hentry","category-ozvena"],"_links":{"self":[{"href":"https:\/\/www.ladislavjakl.cz\/index.php?rest_route=\/wp\/v2\/posts\/7218","targetHints":{"allow":["GET"]}}],"collection":[{"href":"https:\/\/www.ladislavjakl.cz\/index.php?rest_route=\/wp\/v2\/posts"}],"about":[{"href":"https:\/\/www.ladislavjakl.cz\/index.php?rest_route=\/wp\/v2\/types\/post"}],"author":[{"embeddable":true,"href":"https:\/\/www.ladislavjakl.cz\/index.php?rest_route=\/wp\/v2\/users\/1"}],"replies":[{"embeddable":true,"href":"https:\/\/www.ladislavjakl.cz\/index.php?rest_route=%2Fwp%2Fv2%2Fcomments&post=7218"}],"version-history":[{"count":1,"href":"https:\/\/www.ladislavjakl.cz\/index.php?rest_route=\/wp\/v2\/posts\/7218\/revisions"}],"predecessor-version":[{"id":7219,"href":"https:\/\/www.ladislavjakl.cz\/index.php?rest_route=\/wp\/v2\/posts\/7218\/revisions\/7219"}],"wp:attachment":[{"href":"https:\/\/www.ladislavjakl.cz\/index.php?rest_route=%2Fwp%2Fv2%2Fmedia&parent=7218"}],"wp:term":[{"taxonomy":"category","embeddable":true,"href":"https:\/\/www.ladislavjakl.cz\/index.php?rest_route=%2Fwp%2Fv2%2Fcategories&post=7218"},{"taxonomy":"post_tag","embeddable":true,"href":"https:\/\/www.ladislavjakl.cz\/index.php?rest_route=%2Fwp%2Fv2%2Ftags&post=7218"}],"curies":[{"name":"wp","href":"https:\/\/api.w.org\/{rel}","templated":true}]}}