{"id":7220,"date":"2016-09-22T10:03:04","date_gmt":"2016-09-22T08:03:04","guid":{"rendered":"http:\/\/www.ladislavjakl.cz\/?p=7220"},"modified":"2016-09-22T10:03:04","modified_gmt":"2016-09-22T08:03:04","slug":"v-polsku-se-lihnou-plany-na-novou-vojenskou-alianci-proti-rusku","status":"publish","type":"post","link":"https:\/\/www.ladislavjakl.cz\/?p=7220","title":{"rendered":"V Polsku se l\u00edhnou pl\u00e1ny na novou vojenskou alianci proti Rusku"},"content":{"rendered":"<p>V obav\u011b p\u0159ed \u201eagresivn\u00ed&#8220; zahrani\u010dn\u00ed politikou Moskvy, se v\u00fdchodoevropsk\u00e9 zem\u011b st\u00e1le v\u00edce sna\u017e\u00ed prom\u00fd\u0161let pot\u0159ebu nov\u00e9ho bloku, kter\u00fd by je chr\u00e1nil p\u0159ed \u201eimperialismem&#8220; Ruska, p\u00ed\u0161e Tages-Anzeiger.<\/p>\n<p><!--more--><\/p>\n<p><b>Na pozad\u00ed v\u00fdvoje na Ukrajin\u011b za\u010dalo NATO roz\u0161\u00ed\u0159ovat svoji p\u0159\u00edtomnost ve v\u00fdchodn\u00ed Evrop\u011b na \u201eochranu sv\u00fdch spojenc\u016f&#8220;.<\/b> Nicm\u00e9n\u011b, vzhledem k tomu, \u017ee<b> aliance nem\u016f\u017ee \u201ezajistit bezpe\u010dnost&#8220;\u00a0 v\u0161em zem\u00edm v regionu,<\/b><b>posuzuje se ot\u00e1zka vytvo\u0159en\u00ed vlastn\u00edho bloku, kter\u00fd se bude skl\u00e1dat ze dvou \u010dlen\u016f NATO a zem\u00ed, kter\u00e9 nejsou \u010dleny organizace,<\/b> poznamenaly noviny.<\/p>\n<p>My\u0161lenka takov\u00e9ho sdru\u017een\u00ed se zrodila na za\u010d\u00e1tku minul\u00e9ho stolet\u00ed, kdy polsk\u00fd mar\u0161\u00e1l<b>Jozef Pilsudski<\/b> obhajoval vytvo\u0159en\u00ed unie st\u00e1t\u016f, aby se zabr\u00e1nilo touh\u00e1m c\u00edsa\u0159sk\u00e9ho N\u011bmecka a SSSR. V Polsku je takov\u00e1 koncepce dnes popul\u00e1rn\u00ed &#8211; <b>prezident Andrzej Duda opakovan\u011b hovo\u0159il o pot\u0159eb\u011b jej\u00ed realizace na ochranu p\u0159ed \u201eruskou hrozbou&#8220;,<\/b> napsal autor \u010dl\u00e1nku.<\/p>\n<p><b>P\u0159edpokl\u00e1d\u00e1 se, \u017ee by aliance zvan\u00e1 <i>\u201eMi\u0119dzymorze&#8220; <\/i>(Mezimo\u0159\u00ed) zahrnovala \u00fazem\u00ed od Baltu a\u017e k \u010cern\u00e9mu mo\u0159i a integraci b\u00fdval\u00fdch sov\u011btsk\u00fdch republik.<\/b> Vzhledem k tomu, \u017ee \u00fa\u010dastn\u00edci by byli v\u00e1z\u00e1ni smlouvou vz\u00e1jemn\u00e9 pomoci, budou moci demonstrovat jednotu a p\u0159ipravenost a d\u00e1t Rusku sign\u00e1l o spole\u010dn\u00e9 obran\u011b p\u0159ed <i>\u201eagres\u00ed&#8220;<\/i>. <b>To znamen\u00e1, \u017ee st\u00e1ty v\u00fdchodn\u00ed Evropy ji\u017e nebudou vypadat jako<i> \u201esnadn\u00e1 ko\u0159ist&#8220; <\/i>Moskvy,<\/b> zd\u016fraz\u0148uje publikace.<\/p>\n<p>A i kdy\u017e dnes p\u0159edstava takov\u00e9ho bloku zd\u00e1 pro mnoh\u00e9 utopi\u00ed, pokud se rusk\u00e1 zahrani\u010dn\u00ed politika\u00a0\u00a0 po dobu n\u011bkolika let nezm\u011bn\u00ed, a NATO a EU nebudou schopny zajistit ochranu v\u00fdchodn\u00ed Evropy, pravd\u011bpodobnost vytvo\u0159en\u00ed \u201eMezimo\u0159\u00ed&#8220; se v\u00fdznamn\u011b zv\u00fd\u0161\u00ed, uzav\u00edr\u00e1 \u010dl\u00e1nek.<\/p>\n<p><i><b>Noviny, krom\u011b pom\u011brn\u011b omlet\u00e9ho t\u00e9matu Ukrajiny, v\u0161ak nijak nedokazuj\u00ed, \u017ee jak se vlastn\u011b projevuje \u201eagresivita\u201c Ruska v\u016f\u010di zem\u00edm v\u00fdchodn\u00ed Evropy. Sp\u00ed\u0161e lze poukazovat na to, \u017ee se okolo Ruska st\u00e1le t\u011bsn\u011bji utahuje smy\u010dka NATO a vytv\u00e1\u0159\u00ed se jak\u00e9si repetum cordonu sanitaire.<\/b><\/i><\/p>\n<p><i>Krom\u011b vypjat\u00e9 rusofobie, lze na pozad\u00ed t\u011bchto aktivit ji\u017e n\u011bkolik let vid\u011bt p\u0159edev\u0161\u00edm neukojenost Polska, kter\u00e9 m\u00e1 ambici hr\u00e1t nejen v\u011bt\u0161\u00ed roli v NATO a EU (a rovn\u011b\u017e si st\u011b\u017euje, \u017ee nen\u00ed p\u0159izv\u00e1no do dvac\u00edtky zem\u00ed G20). Polsk\u00e1 vl\u00e1da se ani netaj\u00ed, \u017ee by cht\u011bla b\u00fdt, patrn\u011b po Velk\u00e9 Brit\u00e1nii, nejv\u011bt\u0161\u00edm partnerem Spojen\u00fdch st\u00e1t\u016f na evropsk\u00e9m kontinent\u011b, a to i p\u0159esto, \u017ee to v posledn\u00ed dob\u011b mezi Var\u0161avou a Washingtonem n\u011bkolikr\u00e1t zak\u0159\u00edpalo kv\u016fli autoritativn\u00edm krok\u016fm polsk\u00e9 vl\u00e1dy.<\/i><\/p>\n<p><a href=\"http:\/\/prvnizpravy.parlamentnilisty.cz\/zpravy\/politika\/v-polsku-se-lihnou-plany-na-novou-vojenskou-alianci-proti-rusku\/\" target=\"_blank\">Zdroj<\/a><\/p>\n<p>&nbsp;<\/p>\n","protected":false},"excerpt":{"rendered":"<p>V obav\u011b p\u0159ed \u201eagresivn\u00ed&#8220; zahrani\u010dn\u00ed politikou Moskvy, se v\u00fdchodoevropsk\u00e9 zem\u011b st\u00e1le v\u00edce sna\u017e\u00ed prom\u00fd\u0161let pot\u0159ebu nov\u00e9ho bloku, kter\u00fd by je chr\u00e1nil p\u0159ed \u201eimperialismem&#8220; Ruska, p\u00ed\u0161e Tages-Anzeiger.<\/p>\n","protected":false},"author":1,"featured_media":0,"comment_status":"open","ping_status":"open","sticky":false,"template":"","format":"standard","meta":{"ngg_post_thumbnail":0,"footnotes":""},"categories":[11],"tags":[],"class_list":["post-7220","post","type-post","status-publish","format-standard","hentry","category-ozvena"],"_links":{"self":[{"href":"https:\/\/www.ladislavjakl.cz\/index.php?rest_route=\/wp\/v2\/posts\/7220","targetHints":{"allow":["GET"]}}],"collection":[{"href":"https:\/\/www.ladislavjakl.cz\/index.php?rest_route=\/wp\/v2\/posts"}],"about":[{"href":"https:\/\/www.ladislavjakl.cz\/index.php?rest_route=\/wp\/v2\/types\/post"}],"author":[{"embeddable":true,"href":"https:\/\/www.ladislavjakl.cz\/index.php?rest_route=\/wp\/v2\/users\/1"}],"replies":[{"embeddable":true,"href":"https:\/\/www.ladislavjakl.cz\/index.php?rest_route=%2Fwp%2Fv2%2Fcomments&post=7220"}],"version-history":[{"count":1,"href":"https:\/\/www.ladislavjakl.cz\/index.php?rest_route=\/wp\/v2\/posts\/7220\/revisions"}],"predecessor-version":[{"id":7221,"href":"https:\/\/www.ladislavjakl.cz\/index.php?rest_route=\/wp\/v2\/posts\/7220\/revisions\/7221"}],"wp:attachment":[{"href":"https:\/\/www.ladislavjakl.cz\/index.php?rest_route=%2Fwp%2Fv2%2Fmedia&parent=7220"}],"wp:term":[{"taxonomy":"category","embeddable":true,"href":"https:\/\/www.ladislavjakl.cz\/index.php?rest_route=%2Fwp%2Fv2%2Fcategories&post=7220"},{"taxonomy":"post_tag","embeddable":true,"href":"https:\/\/www.ladislavjakl.cz\/index.php?rest_route=%2Fwp%2Fv2%2Ftags&post=7220"}],"curies":[{"name":"wp","href":"https:\/\/api.w.org\/{rel}","templated":true}]}}