{"id":7222,"date":"2016-09-22T15:37:40","date_gmt":"2016-09-22T13:37:40","guid":{"rendered":"http:\/\/www.ladislavjakl.cz\/?p=7222"},"modified":"2016-09-22T15:37:58","modified_gmt":"2016-09-22T13:37:58","slug":"uzijme-si-spolu-den-bez-chodcu-a-cyklistu","status":"publish","type":"post","link":"https:\/\/www.ladislavjakl.cz\/?p=7222","title":{"rendered":"U\u017eijme si spolu den bez chodc\u016f a cyklist\u016f!"},"content":{"rendered":"<p>Velkolep\u00fdm zp\u016fsobem oslav\u00ed \u010desk\u00e1 m\u011bsta ve \u010dtvrtek 29. z\u00e1\u0159\u00ed Mezin\u00e1rodn\u00ed den bez ch\u016fze a cyklistiky.<\/p>\n<p><!--more--><\/p>\n<p>Loni se tato akce uskute\u010dnila ve skromn\u00fdch pom\u011brech pouze na pra\u017esk\u00e9 N\u00e1rodn\u00ed t\u0159\u00edd\u011b, letos se ale roz\u0161\u00ed\u0159\u00ed po cel\u00e9m st\u0159edu hlavn\u00edho m\u011bsta v\u010detn\u011b p\u011b\u0161\u00edch z\u00f3n a park\u016f a tak\u00e9 do center v\u0161ech statut\u00e1rn\u00edch m\u011bst.<\/p>\n<p>C\u00edlem je propagace automobilov\u00e9 dopravy jako bezpe\u010dn\u00e9ho, levn\u00e9ho, pohodln\u00e9ho, praktick\u00e9ho a zdrav\u00e9ho zp\u016fsobu dopravy ve m\u011bst\u011b. Po cel\u00fdch 24 hodin bude tento den zak\u00e1z\u00e1n pohyb chodc\u016f po chodn\u00edc\u00edch, kter\u00e9 tak budou moci bez dosavadn\u00edch zbyte\u010dn\u00fdch omezen\u00ed pou\u017e\u00edvat motorist\u00e9.<\/p>\n<p>Organiz\u00e1to\u0159i z\u00a0hnut\u00ed Cyklostop a \u0160achchodci spr\u00e1vn\u011b argumentuj\u00ed, \u017ee v\u00a0hromadn\u00e9 doprav\u011b se snadno \u0161\u00ed\u0159\u00ed naka\u017eliv\u00e9 nemoci, cestuj\u00edc\u00ed se tam st\u00e1vaj\u00ed ter\u010dem terorist\u016f, automobily se naprotitomu mohou pohybovat voln\u011b bez vnucen\u00fdch tras, leccos uvezou a sk\u00fdtaj\u00ed sv\u00fdm pasa\u017e\u00e9r\u016fm intimitu a kulturn\u00ed komfort bez strk\u00e1n\u00ed se po p\u0159epln\u011bn\u00fdch korzech.<\/p>\n<p>B\u011bhem akce budou v\u0161echny obchody prod\u00e1vat pouze formou drive thru, tedy \u0159idi\u010di si p\u0159ed vchodem do obchodu zbo\u017e\u00ed objednaj\u00ed rovnou z ok\u00e9nka. Sv\u016fj vysava\u010d \u010di boty si tak pohodln\u011b koup\u00edte, ani\u017e byste museli opustit bezpe\u010d\u00ed vozu, prodava\u010d v\u00e1s ochotn\u011b obslou\u017e\u00ed na chodn\u00edku p\u0159ed obchodem a zbo\u017e\u00ed nalo\u017e\u00ed do kufru.<\/p>\n<p>Na chodn\u00edc\u00edch a p\u011b\u0161\u00edch z\u00f3n\u00e1ch budou instalov\u00e1ny improvizovan\u00e9 \u010derpac\u00ed stanice, kde \u0159idi\u010di budou moci na ka\u017ed\u00e9m rohu natankovat z\u00a0cisteren zlevn\u011bn\u00fd benz\u00edn a naftu. D\u00edky neoby\u010dejn\u00e9mu pochopen\u00ed radnic v\u0161ech m\u011bst budou po\u0159adatel\u00e9 pou\u017e\u00edvat m\u011bstskou i st\u00e1tn\u00ed policii jako svou ochranku, kter\u00e1 bude db\u00e1t na to, aby se po chodn\u00edc\u00edch nepohybovali \u017e\u00e1dn\u00ed chodci a po ulic\u00edch neurval\u00ed cyklist\u00e9.<\/p>\n<p>Nepou\u010diteln\u00ed budou na vlastn\u00ed n\u00e1klady odta\u017eeni do psychiatrick\u00fdch l\u00e9\u010deben a tam podrobeni p\u0159ev\u00fdchovn\u00e9mu kursu o p\u0159ednostech motorov\u00fdch vozidel. Ti, kdo p\u0159esto nepochop\u00ed pokrokovost a prosp\u011b\u0161nost akce a budou na chodn\u00edku \u010di v\u00a0parku sra\u017eeni a p\u0159ejeti, budou muset z\u00a0poz\u016fstalosti uhradit \u0161kody na laku a tak\u00e9 od\u0161kodnit vylekan\u00e9 \u0161of\u00e9ry.<\/p>\n<p>P\u0159\u00edstupny pro auta budou i pr\u016fchody a pas\u00e1\u017ee, kam se b\u011b\u017en\u00fd \u0159idi\u010d tak \u010dasto nedostane, n\u011bkter\u00e1 obchodn\u00ed centra zp\u0159\u00edstupn\u00ed pro auta i sv\u00e9 n\u00e1kupn\u00ed prostory, zru\u010dn\u011bj\u0161\u00edm motocyklist\u016fm pak budou slou\u017eit jejich eskal\u00e1tory, pochopiteln\u011b zbaven\u00e9 p\u0159ek\u00e1\u017eej\u00edc\u00edch p\u011b\u0161\u00edch z\u00e1kazn\u00edk\u016f.<\/p>\n<p>Na korzech budou z\u0159\u00edzena i diskusn\u00ed parkovi\u0161t\u011b, kde si \u0159idi\u010di formou \u201ez ok\u00e9nka do ok\u00e9nka\u201c budou moci vym\u011b\u0148ovat zku\u0161enosti s\u00a0parkov\u00e1n\u00edm na\u010derno po centrech m\u011bst, s\u00a0\u010d\u00edsly neozna\u010den\u00fdch policejn\u00edch hl\u00eddkov\u00fdch vozidel, s\u00a0um\u00edst\u011bn\u00edm rychlostn\u00edch radar\u016f a dal\u0161\u00ed praktick\u00e9 post\u0159ehy.<\/p>\n<p>Pokud se akce setk\u00e1 s\u00a0pochopen\u00edm a \u00fasp\u011bchem, pl\u00e1nuj\u00ed organiz\u00e1to\u0159i spole\u010dn\u011b s\u00a0uv\u011bdom\u011bl\u00fdmi radnicemi roz\u0161\u00ed\u0159it ji na cel\u00e9 \u00fazem\u00ed v\u0161ech v\u011bt\u0161\u00edch m\u011bst a prodlou\u017eit ji na cel\u00fd rok.<\/p>\n<p>Zde je fotodokumentace z\u00a0prvn\u00edho \u00fasp\u011b\u0161n\u00e9ho ro\u010dn\u00edku:<\/p>\n<p><!-- index.php -->\n<div\n\tclass=\"ngg-galleryoverview\n\t ngg-ajax-pagination-none\t\"\n\tid=\"ngg-gallery-4df415a731e23992d0cb295293ac51de-1\">\n\n\t\t\t<!-- Thumbnails -->\n\t\t\t\t<div id=\"ngg-image-0\" class=\"ngg-gallery-thumbnail-box\"\n\t\t\t\t\t\t\t\t\t\t\t>\n\t\t\t\t\t\t<div class=\"ngg-gallery-thumbnail\">\n\t\t\t<a href=\"https:\/\/www.ladislavjakl.cz\/wp-content\/gallery\/kolo\/image1.JPG\"\n\t\t\t\ttitle=\"\"\n\t\t\t\tdata-src=\"https:\/\/www.ladislavjakl.cz\/wp-content\/gallery\/kolo\/image1.JPG\"\n\t\t\t\tdata-thumbnail=\"https:\/\/www.ladislavjakl.cz\/wp-content\/gallery\/kolo\/thumbs\/thumbs_image1.JPG\"\n\t\t\t\tdata-image-id=\"539\"\n\t\t\t\tdata-title=\"image1\"\n\t\t\t\tdata-description=\"\"\n\t\t\t\tdata-image-slug=\"image1\"\n\t\t\t\tclass=\"shutterset_4df415a731e23992d0cb295293ac51de\">\n\t\t\t\t<img\n\t\t\t\t\ttitle=\"image1\"\n\t\t\t\t\talt=\"image1\"\n\t\t\t\t\tsrc=\"https:\/\/www.ladislavjakl.cz\/wp-content\/gallery\/kolo\/thumbs\/thumbs_image1.JPG\"\n\t\t\t\t\twidth=\"100\"\n\t\t\t\t\theight=\"75\"\n\t\t\t\t\tstyle=\"max-width:100%;\"\n\t\t\t\t\/>\n\t\t\t<\/a>\n\t\t<\/div>\n\t\t\t\t\t\t\t<\/div>\n\t\t\t\n\t\t\n\t\t\t\t<div id=\"ngg-image-1\" class=\"ngg-gallery-thumbnail-box\"\n\t\t\t\t\t\t\t\t\t\t\t>\n\t\t\t\t\t\t<div class=\"ngg-gallery-thumbnail\">\n\t\t\t<a href=\"https:\/\/www.ladislavjakl.cz\/wp-content\/gallery\/kolo\/image2.JPG\"\n\t\t\t\ttitle=\" \"\n\t\t\t\tdata-src=\"https:\/\/www.ladislavjakl.cz\/wp-content\/gallery\/kolo\/image2.JPG\"\n\t\t\t\tdata-thumbnail=\"https:\/\/www.ladislavjakl.cz\/wp-content\/gallery\/kolo\/thumbs\/thumbs_image2.JPG\"\n\t\t\t\tdata-image-id=\"540\"\n\t\t\t\tdata-title=\"image2\"\n\t\t\t\tdata-description=\" \"\n\t\t\t\tdata-image-slug=\"image2\"\n\t\t\t\tclass=\"shutterset_4df415a731e23992d0cb295293ac51de\">\n\t\t\t\t<img\n\t\t\t\t\ttitle=\"image2\"\n\t\t\t\t\talt=\"image2\"\n\t\t\t\t\tsrc=\"https:\/\/www.ladislavjakl.cz\/wp-content\/gallery\/kolo\/thumbs\/thumbs_image2.JPG\"\n\t\t\t\t\twidth=\"100\"\n\t\t\t\t\theight=\"75\"\n\t\t\t\t\tstyle=\"max-width:100%;\"\n\t\t\t\t\/>\n\t\t\t<\/a>\n\t\t<\/div>\n\t\t\t\t\t\t\t<\/div>\n\t\t\t\n\t\t\n\t\t\t\t<div id=\"ngg-image-2\" class=\"ngg-gallery-thumbnail-box\"\n\t\t\t\t\t\t\t\t\t\t\t>\n\t\t\t\t\t\t<div class=\"ngg-gallery-thumbnail\">\n\t\t\t<a href=\"https:\/\/www.ladislavjakl.cz\/wp-content\/gallery\/kolo\/image3.JPG\"\n\t\t\t\ttitle=\" \"\n\t\t\t\tdata-src=\"https:\/\/www.ladislavjakl.cz\/wp-content\/gallery\/kolo\/image3.JPG\"\n\t\t\t\tdata-thumbnail=\"https:\/\/www.ladislavjakl.cz\/wp-content\/gallery\/kolo\/thumbs\/thumbs_image3.JPG\"\n\t\t\t\tdata-image-id=\"541\"\n\t\t\t\tdata-title=\"image3\"\n\t\t\t\tdata-description=\" \"\n\t\t\t\tdata-image-slug=\"image3\"\n\t\t\t\tclass=\"shutterset_4df415a731e23992d0cb295293ac51de\">\n\t\t\t\t<img\n\t\t\t\t\ttitle=\"image3\"\n\t\t\t\t\talt=\"image3\"\n\t\t\t\t\tsrc=\"https:\/\/www.ladislavjakl.cz\/wp-content\/gallery\/kolo\/thumbs\/thumbs_image3.JPG\"\n\t\t\t\t\twidth=\"100\"\n\t\t\t\t\theight=\"75\"\n\t\t\t\t\tstyle=\"max-width:100%;\"\n\t\t\t\t\/>\n\t\t\t<\/a>\n\t\t<\/div>\n\t\t\t\t\t\t\t<\/div>\n\t\t\t\n\t\t\n\t\t\t\t<div id=\"ngg-image-3\" class=\"ngg-gallery-thumbnail-box\"\n\t\t\t\t\t\t\t\t\t\t\t>\n\t\t\t\t\t\t<div class=\"ngg-gallery-thumbnail\">\n\t\t\t<a href=\"https:\/\/www.ladislavjakl.cz\/wp-content\/gallery\/kolo\/image4.JPG\"\n\t\t\t\ttitle=\" \"\n\t\t\t\tdata-src=\"https:\/\/www.ladislavjakl.cz\/wp-content\/gallery\/kolo\/image4.JPG\"\n\t\t\t\tdata-thumbnail=\"https:\/\/www.ladislavjakl.cz\/wp-content\/gallery\/kolo\/thumbs\/thumbs_image4.JPG\"\n\t\t\t\tdata-image-id=\"542\"\n\t\t\t\tdata-title=\"image4\"\n\t\t\t\tdata-description=\" \"\n\t\t\t\tdata-image-slug=\"image4\"\n\t\t\t\tclass=\"shutterset_4df415a731e23992d0cb295293ac51de\">\n\t\t\t\t<img\n\t\t\t\t\ttitle=\"image4\"\n\t\t\t\t\talt=\"image4\"\n\t\t\t\t\tsrc=\"https:\/\/www.ladislavjakl.cz\/wp-content\/gallery\/kolo\/thumbs\/thumbs_image4.JPG\"\n\t\t\t\t\twidth=\"100\"\n\t\t\t\t\theight=\"75\"\n\t\t\t\t\tstyle=\"max-width:100%;\"\n\t\t\t\t\/>\n\t\t\t<\/a>\n\t\t<\/div>\n\t\t\t\t\t\t\t<\/div>\n\t\t\t\n\t\t\n\t\t\t\t<div id=\"ngg-image-4\" class=\"ngg-gallery-thumbnail-box\"\n\t\t\t\t\t\t\t\t\t\t\t>\n\t\t\t\t\t\t<div class=\"ngg-gallery-thumbnail\">\n\t\t\t<a href=\"https:\/\/www.ladislavjakl.cz\/wp-content\/gallery\/kolo\/image5.PNG\"\n\t\t\t\ttitle=\" \"\n\t\t\t\tdata-src=\"https:\/\/www.ladislavjakl.cz\/wp-content\/gallery\/kolo\/image5.PNG\"\n\t\t\t\tdata-thumbnail=\"https:\/\/www.ladislavjakl.cz\/wp-content\/gallery\/kolo\/thumbs\/thumbs_image5.PNG\"\n\t\t\t\tdata-image-id=\"543\"\n\t\t\t\tdata-title=\"image5\"\n\t\t\t\tdata-description=\" \"\n\t\t\t\tdata-image-slug=\"image5\"\n\t\t\t\tclass=\"shutterset_4df415a731e23992d0cb295293ac51de\">\n\t\t\t\t<img\n\t\t\t\t\ttitle=\"image5\"\n\t\t\t\t\talt=\"image5\"\n\t\t\t\t\tsrc=\"https:\/\/www.ladislavjakl.cz\/wp-content\/gallery\/kolo\/thumbs\/thumbs_image5.PNG\"\n\t\t\t\t\twidth=\"100\"\n\t\t\t\t\theight=\"75\"\n\t\t\t\t\tstyle=\"max-width:100%;\"\n\t\t\t\t\/>\n\t\t\t<\/a>\n\t\t<\/div>\n\t\t\t\t\t\t\t<\/div>\n\t\t\t\n\t\t\n\t\t\t\t<div id=\"ngg-image-5\" class=\"ngg-gallery-thumbnail-box\"\n\t\t\t\t\t\t\t\t\t\t\t>\n\t\t\t\t\t\t<div class=\"ngg-gallery-thumbnail\">\n\t\t\t<a href=\"https:\/\/www.ladislavjakl.cz\/wp-content\/gallery\/kolo\/image6.PNG\"\n\t\t\t\ttitle=\" \"\n\t\t\t\tdata-src=\"https:\/\/www.ladislavjakl.cz\/wp-content\/gallery\/kolo\/image6.PNG\"\n\t\t\t\tdata-thumbnail=\"https:\/\/www.ladislavjakl.cz\/wp-content\/gallery\/kolo\/thumbs\/thumbs_image6.PNG\"\n\t\t\t\tdata-image-id=\"544\"\n\t\t\t\tdata-title=\"image6\"\n\t\t\t\tdata-description=\" \"\n\t\t\t\tdata-image-slug=\"image6\"\n\t\t\t\tclass=\"shutterset_4df415a731e23992d0cb295293ac51de\">\n\t\t\t\t<img\n\t\t\t\t\ttitle=\"image6\"\n\t\t\t\t\talt=\"image6\"\n\t\t\t\t\tsrc=\"https:\/\/www.ladislavjakl.cz\/wp-content\/gallery\/kolo\/thumbs\/thumbs_image6.PNG\"\n\t\t\t\t\twidth=\"100\"\n\t\t\t\t\theight=\"75\"\n\t\t\t\t\tstyle=\"max-width:100%;\"\n\t\t\t\t\/>\n\t\t\t<\/a>\n\t\t<\/div>\n\t\t\t\t\t\t\t<\/div>\n\t\t\t\n\t\t\n\t\t\t\t<div id=\"ngg-image-6\" class=\"ngg-gallery-thumbnail-box\"\n\t\t\t\t\t\t\t\t\t\t\t>\n\t\t\t\t\t\t<div class=\"ngg-gallery-thumbnail\">\n\t\t\t<a href=\"https:\/\/www.ladislavjakl.cz\/wp-content\/gallery\/kolo\/image7.JPG\"\n\t\t\t\ttitle=\" \"\n\t\t\t\tdata-src=\"https:\/\/www.ladislavjakl.cz\/wp-content\/gallery\/kolo\/image7.JPG\"\n\t\t\t\tdata-thumbnail=\"https:\/\/www.ladislavjakl.cz\/wp-content\/gallery\/kolo\/thumbs\/thumbs_image7.JPG\"\n\t\t\t\tdata-image-id=\"545\"\n\t\t\t\tdata-title=\"image7\"\n\t\t\t\tdata-description=\" \"\n\t\t\t\tdata-image-slug=\"image7\"\n\t\t\t\tclass=\"shutterset_4df415a731e23992d0cb295293ac51de\">\n\t\t\t\t<img\n\t\t\t\t\ttitle=\"image7\"\n\t\t\t\t\talt=\"image7\"\n\t\t\t\t\tsrc=\"https:\/\/www.ladislavjakl.cz\/wp-content\/gallery\/kolo\/thumbs\/thumbs_image7.JPG\"\n\t\t\t\t\twidth=\"100\"\n\t\t\t\t\theight=\"75\"\n\t\t\t\t\tstyle=\"max-width:100%;\"\n\t\t\t\t\/>\n\t\t\t<\/a>\n\t\t<\/div>\n\t\t\t\t\t\t\t<\/div>\n\t\t\t\n\t\t\n\t\t\n\t\t<!-- Pagination -->\n\t\t<div class='ngg-clear'><\/div>\t<\/div>\n<\/p>\n","protected":false},"excerpt":{"rendered":"<p>Velkolep\u00fdm zp\u016fsobem oslav\u00ed \u010desk\u00e1 m\u011bsta ve \u010dtvrtek 29. z\u00e1\u0159\u00ed Mezin\u00e1rodn\u00ed den bez ch\u016fze a cyklistiky.<\/p>\n","protected":false},"author":1,"featured_media":0,"comment_status":"open","ping_status":"open","sticky":false,"template":"","format":"standard","meta":{"ngg_post_thumbnail":0,"footnotes":""},"categories":[10],"tags":[],"class_list":["post-7222","post","type-post","status-publish","format-standard","hentry","category-zlehka"],"_links":{"self":[{"href":"https:\/\/www.ladislavjakl.cz\/index.php?rest_route=\/wp\/v2\/posts\/7222","targetHints":{"allow":["GET"]}}],"collection":[{"href":"https:\/\/www.ladislavjakl.cz\/index.php?rest_route=\/wp\/v2\/posts"}],"about":[{"href":"https:\/\/www.ladislavjakl.cz\/index.php?rest_route=\/wp\/v2\/types\/post"}],"author":[{"embeddable":true,"href":"https:\/\/www.ladislavjakl.cz\/index.php?rest_route=\/wp\/v2\/users\/1"}],"replies":[{"embeddable":true,"href":"https:\/\/www.ladislavjakl.cz\/index.php?rest_route=%2Fwp%2Fv2%2Fcomments&post=7222"}],"version-history":[{"count":2,"href":"https:\/\/www.ladislavjakl.cz\/index.php?rest_route=\/wp\/v2\/posts\/7222\/revisions"}],"predecessor-version":[{"id":7241,"href":"https:\/\/www.ladislavjakl.cz\/index.php?rest_route=\/wp\/v2\/posts\/7222\/revisions\/7241"}],"wp:attachment":[{"href":"https:\/\/www.ladislavjakl.cz\/index.php?rest_route=%2Fwp%2Fv2%2Fmedia&parent=7222"}],"wp:term":[{"taxonomy":"category","embeddable":true,"href":"https:\/\/www.ladislavjakl.cz\/index.php?rest_route=%2Fwp%2Fv2%2Fcategories&post=7222"},{"taxonomy":"post_tag","embeddable":true,"href":"https:\/\/www.ladislavjakl.cz\/index.php?rest_route=%2Fwp%2Fv2%2Ftags&post=7222"}],"curies":[{"name":"wp","href":"https:\/\/api.w.org\/{rel}","templated":true}]}}